{"id":561249,"date":"2024-09-23T16:17:22","date_gmt":"2024-09-23T20:17:22","guid":{"rendered":"https:\/\/diariodominicano.com\/?p=561249"},"modified":"2024-09-23T16:35:21","modified_gmt":"2024-09-23T20:35:21","slug":"dominicanos-piquetean-presidente-abinader-en-alto-manhattan","status":"publish","type":"post","link":"https:\/\/diariodominicano.com\/?p=561249","title":{"rendered":"Dominicanos piquetean presidente Abinader en Alto Manhattan"},"content":{"rendered":"\n<p>Por Ram\u00f3n Mercedes <\/p>\n\n\n\n<p>NUEVA YORK.- Varios dominicanos se apostaron este domingo frente a la escuela Juan Pablo Duarte, ubicada en la avenida Wadsworth con la calle 183, en el Alto Manhattan, y le hicieron un piquete al presidente Luis Abinader, vociferando sloganes como \u201cladr\u00f3n\u201d, \u201cvende patria\u201d, \u201cvendiste el pa\u00eds\u201d, entre otros.<\/p>\n\n\n\n<p>A eso de las 3:00 PM, el mandatario acudi\u00f3 acompa\u00f1ado de su seguridad y altos funcionarios del gobierno dominicano en varias \u201cyipetas\u201d negras, para presidir el lanzamiento de RTVD Internacional y la serie \u201cLos Trinitarios\u201d.<\/p>\n\n\n\n<p>Adem\u00e1s, la presentaci\u00f3n oficial del tratado de Cielos Abiertos entre RD y EUA. Varios patrulleros de la polic\u00eda neoyorkina se manten\u00edan all\u00ed.<\/p>\n\n\n\n<p>Los autores de esta protesta hab\u00edan difundido la convocatoria bajo el lema \u201cLa corrupci\u00f3n y la invasi\u00f3n est\u00e1n arruinando nuestra naci\u00f3n\u201d.<\/p>\n\n\n\n<p>La polic\u00eda mantuvo a raya a los protestantes que se plantaron frente al centro de estudio desde el inicio hasta el final de la actividad.<\/p>\n\n\n\n<p>El grupo que llev\u00f3 a cabo este piquete no es ni pertenece al movimiento \u201cAcci\u00f3n R\u00e1pida\u201d, que son los fundadores en la Gran Manzana de este tipo de protesta, y han realizado m\u00faltiples de ellas desde hace varios a\u00f1os.<\/p>\n\n\n\n<figure class=\"wp-block-embed is-type-video is-provider-youtube wp-block-embed-youtube wp-embed-aspect-4-3 wp-has-aspect-ratio\"><div class=\"wp-block-embed__wrapper\">\n<iframe loading=\"lazy\" title=\"Piquetean al Presidente Luis Abinader en el Alto Manhattan NYC\" width=\"616\" height=\"462\" src=\"https:\/\/www.youtube.com\/embed\/3aqVXVZsov4?feature=oembed\" frameborder=\"0\" allow=\"accelerometer; autoplay; clipboard-write; encrypted-media; gyroscope; picture-in-picture; web-share\" referrerpolicy=\"strict-origin-when-cross-origin\" allowfullscreen><\/iframe>\n<\/div><\/figure>\n","protected":false},"excerpt":{"rendered":"<p>Por Ram\u00f3n Mercedes NUEVA YORK.- Varios dominicanos se apostaron este domingo frente a la escuela Juan Pablo Duarte, ubicada en la avenida Wadsworth con la calle 183, en el Alto Manhattan, y le hicieron un piquete al presidente Luis Abinader, vociferando sloganes como \u201cladr\u00f3n\u201d, \u201cvende patria\u201d, \u201cvendiste el pa\u00eds\u201d, entre otros. A eso de las [&hellip;]<\/p>\n","protected":false},"author":7,"featured_media":561258,"comment_status":"closed","ping_status":"closed","sticky":false,"template":"","format":"standard","meta":{"footnotes":""},"categories":[23],"tags":[181],"class_list":["post-561249","post","type-post","status-publish","format-standard","has-post-thumbnail","hentry","category-internacional","tag-ramon-mercedes"],"_links":{"self":[{"href":"https:\/\/diariodominicano.com\/index.php?rest_route=\/wp\/v2\/posts\/561249","targetHints":{"allow":["GET"]}}],"collection":[{"href":"https:\/\/diariodominicano.com\/index.php?rest_route=\/wp\/v2\/posts"}],"about":[{"href":"https:\/\/diariodominicano.com\/index.php?rest_route=\/wp\/v2\/types\/post"}],"author":[{"embeddable":true,"href":"https:\/\/diariodominicano.com\/index.php?rest_route=\/wp\/v2\/users\/7"}],"replies":[{"embeddable":true,"href":"https:\/\/diariodominicano.com\/index.php?rest_route=%2Fwp%2Fv2%2Fcomments&post=561249"}],"version-history":[{"count":1,"href":"https:\/\/diariodominicano.com\/index.php?rest_route=\/wp\/v2\/posts\/561249\/revisions"}],"predecessor-version":[{"id":561268,"href":"https:\/\/diariodominicano.com\/index.php?rest_route=\/wp\/v2\/posts\/561249\/revisions\/561268"}],"wp:featuredmedia":[{"embeddable":true,"href":"https:\/\/diariodominicano.com\/index.php?rest_route=\/wp\/v2\/media\/561258"}],"wp:attachment":[{"href":"https:\/\/diariodominicano.com\/index.php?rest_route=%2Fwp%2Fv2%2Fmedia&parent=561249"}],"wp:term":[{"taxonomy":"category","embeddable":true,"href":"https:\/\/diariodominicano.com\/index.php?rest_route=%2Fwp%2Fv2%2Fcategories&post=561249"},{"taxonomy":"post_tag","embeddable":true,"href":"https:\/\/diariodominicano.com\/index.php?rest_route=%2Fwp%2Fv2%2Ftags&post=561249"}],"curies":[{"name":"wp","href":"https:\/\/api.w.org\/{rel}","templated":true}]}}