{"id":561246,"date":"2024-09-23T16:16:59","date_gmt":"2024-09-23T20:16:59","guid":{"rendered":"https:\/\/diariodominicano.com\/?p=561246"},"modified":"2024-09-23T16:55:18","modified_gmt":"2024-09-23T20:55:18","slug":"sanz-lovaton-afirma-rd-se-ha-convertido-en-el-centro-del-comercio-de-latinoamerica","status":"publish","type":"post","link":"https:\/\/diariodominicano.com\/?p=561246","title":{"rendered":"Sanz Lovat\u00f3n afirma RD se ha convertido en el centro del comercio de Latinoam\u00e9rica"},"content":{"rendered":"\n<p>Por Ram\u00f3n Mercedes <\/p>\n\n\n\n<p>NUEVA YORK.- El director general de Aduanas en la Rep\u00fablica Dominicana, Eduardo Sanz Lovat\u00f3n (Yayo), afirm\u00f3 aqu\u00ed que el pa\u00eds se ha convertido en el centro del comercio de Latinoam\u00e9rica.<\/p>\n\n\n\n<p>Puso de ejemplo que lo producido en Colombia y se quiere exportar a los Estados Unidos, va a pasar por RD, porque tenemos la infraestructura de puertos y aeropuertos.<\/p>\n\n\n\n<p>\u201cHemos matrimoniado la infraestructura realizada para los m\u00e1s de 10 millones de turistas que nos visitan, para que esos aviones y la infraestructura de transporte que le da servicio al comercio, con una nueva ley General de Aduanas, de comercio mar\u00edtimo, y de centros log\u00edsticos, apunta a una estrategia de promoci\u00f3n de comercio para hacer de la RD un nuevo rengl\u00f3n econ\u00f3mico\u201d, precis\u00f3 Sanz Lovat\u00f3n.<\/p>\n\n\n\n<p>\u201cLa gente nos conoce evidentemente por nuestro caf\u00e9, az\u00facar, cacao, por nuestra capacidad industrial y potencia tur\u00edstica, y ahora nos van a conocer por nuestra potencia log\u00edstica, porque en el mundo post-pandemia existe lo que se llama el near-shoring y el friendly-shoring\u201d, a\u00f1adi\u00f3.<\/p>\n\n\n\n<p>Expres\u00f3 que despu\u00e9s de lo que pas\u00f3 en la pandemia, que la cadena de los grandes centros de consumo (USA y Europa), con la disrupci\u00f3n que hubo con el comercio entre China, Oriente y Occidente, entonces se ha querido volver a las costas que est\u00e1n cerca, con las que se tienen identidades culturales, de comportamiento y eso nos ha beneficiado.<\/p>\n\n\n\n<p>\u201cEn todo eso andamos, y definitivamente quien les habla es un abanderado de la ideolog\u00eda de que el futuro de la RD tiene mucho que ver con la capacidad que tengamos de conectarnos con ustedes, la comunidad dominicana residente en este pa\u00eds, que se ha abierto las puertas, se ha posicionado como una raz\u00f3n de ser fundamental, no solo para la vida del estado de NY\u201d, dijo.<\/p>\n\n\n\n<p>\u201cTambi\u00e9n para la vida de los estados de Rhode Island, Massachusetts, Florida, Maryland, Virginia y de muchas otras partes de EUA, donde ya las comunidades dominicanas tienen representaci\u00f3n pol\u00edtica determinantes\u201d.<\/p>\n\n\n\n<p>El funcionario aduanal, al participar de la 47ava Gala Anual que realizara el Instituto del Caucus Hispano del Congreso de EE. UU. (CHCI) en Washington DC, que preside el congresista Adriano Espaillat, la calific\u00f3 como una muestra de la profunda penetraci\u00f3n de nuestra comunidad en este pa\u00eds.<\/p>\n\n\n\n<p>\u201cVi al Congresista presentar al presidente Biden en ese importante c\u00f3nclave que re\u00fane y convoca el liderazgo hispanoparlante en todo el territorio estadounidense\u201d.<\/p>\n\n\n\n<p>\u201cAl final del d\u00eda, de lo que se trata es de contar la historia de un pa\u00eds (RD) que en estos \u00faltimos cuatro a\u00f1os se ha convertido en el ejemplo de Latinoam\u00e9rica, en la demostraci\u00f3n de c\u00f3mo salir de una pandemia, recuperarlo, y hemos convertido el pa\u00eds caribe\u00f1o en un \u201cHub Log\u00edstico\u201d de calidad mundia\u201d.<\/p>\n\n\n\n<p>Sang Lovat\u00f3n ofreci\u00f3 sus declaraciones durante una rueda de prensa efectuada en la oficina del asamble\u00edsta dem\u00f3crata (D-78), George \u00c1lvarez, en El Bronx, donde anteriormente sostuvo un encuentro con varios oficiales electos dominicanos en NYC, entre ellos Yudelka Tapia, Karines Reyes, Manny de los Santos y la concejal Pierina S\u00e1nchez.<\/p>\n\n\n\n<p>Durante el mismo, explic\u00f3 los avances que ha experimentado el pa\u00eds en t\u00e9rminos aduaneros que pueden beneficiar a los dominicanos en el exterior, y el asamble\u00edsta \u00c1lvarez, al igual que los dem\u00e1s, quienes representan decenas de miles de dominicanos, puedan explicar sobre dichos beneficios.<\/p>\n","protected":false},"excerpt":{"rendered":"<p>Por Ram\u00f3n Mercedes NUEVA YORK.- El director general de Aduanas en la Rep\u00fablica Dominicana, Eduardo Sanz Lovat\u00f3n (Yayo), afirm\u00f3 aqu\u00ed que el pa\u00eds se ha convertido en el centro del comercio de Latinoam\u00e9rica. Puso de ejemplo que lo producido en Colombia y se quiere exportar a los Estados Unidos, va a pasar por RD, porque [&hellip;]<\/p>\n","protected":false},"author":7,"featured_media":561259,"comment_status":"closed","ping_status":"closed","sticky":false,"template":"","format":"standard","meta":{"footnotes":""},"categories":[18,23],"tags":[181],"class_list":["post-561246","post","type-post","status-publish","format-standard","has-post-thumbnail","hentry","category-economia","category-internacional","tag-ramon-mercedes"],"_links":{"self":[{"href":"https:\/\/diariodominicano.com\/index.php?rest_route=\/wp\/v2\/posts\/561246","targetHints":{"allow":["GET"]}}],"collection":[{"href":"https:\/\/diariodominicano.com\/index.php?rest_route=\/wp\/v2\/posts"}],"about":[{"href":"https:\/\/diariodominicano.com\/index.php?rest_route=\/wp\/v2\/types\/post"}],"author":[{"embeddable":true,"href":"https:\/\/diariodominicano.com\/index.php?rest_route=\/wp\/v2\/users\/7"}],"replies":[{"embeddable":true,"href":"https:\/\/diariodominicano.com\/index.php?rest_route=%2Fwp%2Fv2%2Fcomments&post=561246"}],"version-history":[{"count":1,"href":"https:\/\/diariodominicano.com\/index.php?rest_route=\/wp\/v2\/posts\/561246\/revisions"}],"predecessor-version":[{"id":561266,"href":"https:\/\/diariodominicano.com\/index.php?rest_route=\/wp\/v2\/posts\/561246\/revisions\/561266"}],"wp:featuredmedia":[{"embeddable":true,"href":"https:\/\/diariodominicano.com\/index.php?rest_route=\/wp\/v2\/media\/561259"}],"wp:attachment":[{"href":"https:\/\/diariodominicano.com\/index.php?rest_route=%2Fwp%2Fv2%2Fmedia&parent=561246"}],"wp:term":[{"taxonomy":"category","embeddable":true,"href":"https:\/\/diariodominicano.com\/index.php?rest_route=%2Fwp%2Fv2%2Fcategories&post=561246"},{"taxonomy":"post_tag","embeddable":true,"href":"https:\/\/diariodominicano.com\/index.php?rest_route=%2Fwp%2Fv2%2Ftags&post=561246"}],"curies":[{"name":"wp","href":"https:\/\/api.w.org\/{rel}","templated":true}]}}