{"id":561217,"date":"2024-09-23T14:42:52","date_gmt":"2024-09-23T18:42:52","guid":{"rendered":"https:\/\/diariodominicano.com\/?p=561217"},"modified":"2026-02-21T01:15:02","modified_gmt":"2026-02-21T05:15:02","slug":"edanco-2024-inicia-con-el-estreno-de-la-pieza-link","status":"publish","type":"post","link":"https:\/\/diariodominicano.com\/?p=561217","title":{"rendered":"EDANCO 2024 inicia con el estreno de la pieza \u201cLink\u201d"},"content":{"rendered":"\n<p>La obra de la Compa\u00f1\u00eda Nacional de Danza Contempor\u00e1nea explora las din\u00e1micas familiares y sociales desde las interacciones cotidianas dentro de un hogar y las relaciones que se generan en un espacio compartido, \u00edntimo y cercano.<\/p>\n\n\n\n<p>Santo Domingo, septiembre de 2024. La edici\u00f3n XIX del Festival Internacional de Danza Contempor\u00e1nea (EDANCO 2024) inici\u00f3 exitosamente con el estreno de \u00abLink\u00bb, autor\u00eda de la Compa\u00f1\u00eda Nacional de Danza Contempor\u00e1nea.<\/p>\n\n\n\n<p>Edmundo Poy, director fundador de EDANCO, en sus palabras de bienvenida expres\u00f3 que desde el s\u00e1bado 21 de septiembre hasta el domingo 6 de octubre, tan esperado festival presentar\u00e1 interesantes propuestas de danza, charlas, conversatorios, exposiciones fotogr\u00e1ficas, coreograf\u00edas, las cuales giran en torno a esta expresi\u00f3n art\u00edstica.<\/p>\n\n\n\n<figure class=\"wp-block-gallery has-nested-images columns-default is-cropped wp-block-gallery-1 is-layout-flex wp-block-gallery-is-layout-flex\">\n<figure class=\"wp-block-image size-large\"><img loading=\"lazy\" decoding=\"async\" width=\"809\" height=\"632\" data-id=\"561227\" src=\"https:\/\/diariodominicano.com\/wp-content\/uploads\/2024\/09\/EDANCO-2024-La-obra-de-danza-contemporanea-Link-cautivo-de-principio-a-fin.jpg\" alt=\"\" class=\"wp-image-561227\" srcset=\"https:\/\/diariodominicano.com\/wp-content\/uploads\/2024\/09\/EDANCO-2024-La-obra-de-danza-contemporanea-Link-cautivo-de-principio-a-fin.jpg 809w, https:\/\/diariodominicano.com\/wp-content\/uploads\/2024\/09\/EDANCO-2024-La-obra-de-danza-contemporanea-Link-cautivo-de-principio-a-fin-300x234.jpg 300w, https:\/\/diariodominicano.com\/wp-content\/uploads\/2024\/09\/EDANCO-2024-La-obra-de-danza-contemporanea-Link-cautivo-de-principio-a-fin-768x600.jpg 768w\" sizes=\"auto, (max-width: 809px) 100vw, 809px\" \/><\/figure>\n<\/figure>\n\n\n\n<p>Destac\u00f3 que, desde sus inicios, este festival propicia un encuentro entre bailarines dominicanos y extranjeros, \u00ablo que, a su vez, genera una fusi\u00f3n de t\u00e9cnicas que son apreciadas por el p\u00fablico que se da cita a las diferentes funciones\u00bb.<\/p>\n\n\n\n<figure class=\"wp-block-gallery has-nested-images columns-default is-cropped wp-block-gallery-2 is-layout-flex wp-block-gallery-is-layout-flex\">\n<figure class=\"wp-block-image size-large\"><img loading=\"lazy\" decoding=\"async\" width=\"823\" height=\"621\" data-id=\"561226\" src=\"https:\/\/diariodominicano.com\/wp-content\/uploads\/2024\/09\/EDANCO-2024-Marianella-Sallent-Edmundo-Poy-y-Camilo-Landestoy.jpg\" alt=\"\" class=\"wp-image-561226\" srcset=\"https:\/\/diariodominicano.com\/wp-content\/uploads\/2024\/09\/EDANCO-2024-Marianella-Sallent-Edmundo-Poy-y-Camilo-Landestoy.jpg 823w, https:\/\/diariodominicano.com\/wp-content\/uploads\/2024\/09\/EDANCO-2024-Marianella-Sallent-Edmundo-Poy-y-Camilo-Landestoy-300x226.jpg 300w, https:\/\/diariodominicano.com\/wp-content\/uploads\/2024\/09\/EDANCO-2024-Marianella-Sallent-Edmundo-Poy-y-Camilo-Landestoy-768x579.jpg 768w, https:\/\/diariodominicano.com\/wp-content\/uploads\/2024\/09\/EDANCO-2024-Marianella-Sallent-Edmundo-Poy-y-Camilo-Landestoy-816x616.jpg 816w\" sizes=\"auto, (max-width: 823px) 100vw, 823px\" \/><\/figure>\n<\/figure>\n\n\n\n<p>En ese orden, agradeci\u00f3 al Ministerio de Cultura por el apoyo de \u2018Link\u2019 pieza que estuvo en la cartelera los d\u00edas 21 y 22 de septiembre, en la Sala M\u00e1ximo Avil\u00e9s Blonda del Palacio de Bellas Artes.<\/p>\n\n\n\n<figure class=\"wp-block-gallery has-nested-images columns-default is-cropped wp-block-gallery-3 is-layout-flex wp-block-gallery-is-layout-flex\">\n<figure class=\"wp-block-image size-large\"><img loading=\"lazy\" decoding=\"async\" width=\"816\" height=\"619\" data-id=\"561225\" src=\"https:\/\/diariodominicano.com\/wp-content\/uploads\/2024\/09\/EDANCO-2024-Link.jpg\" alt=\"\" class=\"wp-image-561225\" srcset=\"https:\/\/diariodominicano.com\/wp-content\/uploads\/2024\/09\/EDANCO-2024-Link.jpg 816w, https:\/\/diariodominicano.com\/wp-content\/uploads\/2024\/09\/EDANCO-2024-Link-300x228.jpg 300w, https:\/\/diariodominicano.com\/wp-content\/uploads\/2024\/09\/EDANCO-2024-Link-768x583.jpg 768w\" sizes=\"auto, (max-width: 816px) 100vw, 816px\" \/><\/figure>\n<\/figure>\n\n\n\n<p>\u00abPara este a\u00f1o 2024, sumamos los espacios alternativos: Casa de la M\u00fasica, Universidad APEC, el Museo de la Resistencia, Copey y otros espacios, donde se llevar\u00e1n a cabo conversatorios, exposiciones fotogr\u00e1ficas y tambi\u00e9n tenemos una programaci\u00f3n te\u00f3rica netamente para bailarines, pero para el p\u00fablico tambi\u00e9n hay proyecci\u00f3n de cortometrajes referentes a diferentes tipos de danza\u00bb, afirm\u00f3 Poy.<\/p>\n\n\n\n<figure class=\"wp-block-gallery has-nested-images columns-default is-cropped wp-block-gallery-4 is-layout-flex wp-block-gallery-is-layout-flex\">\n<figure class=\"wp-block-image size-large\"><img loading=\"lazy\" decoding=\"async\" width=\"680\" height=\"1024\" data-id=\"561223\" src=\"https:\/\/diariodominicano.com\/wp-content\/uploads\/2024\/09\/Marianella-Sallent-Edmundo-Poy-y-Camilo-Landestoy-680x1024.jpg\" alt=\"\" class=\"wp-image-561223\" srcset=\"https:\/\/diariodominicano.com\/wp-content\/uploads\/2024\/09\/Marianella-Sallent-Edmundo-Poy-y-Camilo-Landestoy-680x1024.jpg 680w, https:\/\/diariodominicano.com\/wp-content\/uploads\/2024\/09\/Marianella-Sallent-Edmundo-Poy-y-Camilo-Landestoy-199x300.jpg 199w, https:\/\/diariodominicano.com\/wp-content\/uploads\/2024\/09\/Marianella-Sallent-Edmundo-Poy-y-Camilo-Landestoy-768x1156.jpg 768w, https:\/\/diariodominicano.com\/wp-content\/uploads\/2024\/09\/Marianella-Sallent-Edmundo-Poy-y-Camilo-Landestoy-1020x1536.jpg 1020w, https:\/\/diariodominicano.com\/wp-content\/uploads\/2024\/09\/Marianella-Sallent-Edmundo-Poy-y-Camilo-Landestoy-1360x2048.jpg 1360w, https:\/\/diariodominicano.com\/wp-content\/uploads\/2024\/09\/Marianella-Sallent-Edmundo-Poy-y-Camilo-Landestoy-816x1228.jpg 816w, https:\/\/diariodominicano.com\/wp-content\/uploads\/2024\/09\/Marianella-Sallent-Edmundo-Poy-y-Camilo-Landestoy-scaled.jpg 1701w\" sizes=\"auto, (max-width: 680px) 100vw, 680px\" \/><\/figure>\n<\/figure>\n\n\n\n<p>Marianella Sallent, directora de Bellas Artes destac\u00f3 los aportes que he hecho EDANCO para la danza dominicana, as\u00ed como la perseverancia y tenacidad de su creador, Edmundo Poy.<\/p>\n\n\n\n<p>Propuesta inaugural<\/p>\n\n\n\n<p>\u00abLink\u00bb explora las din\u00e1micas familiares y sociales desde las interacciones cotidianas dentro de un hogar y las relaciones que se generan en un espacio compartido, \u00edntimo y cercano.<\/p>\n\n\n\n<p>Edmundo Poy dijo que, de manera profunda, la propuesta tambi\u00e9n aborda c\u00f3mo las familias se proyectan en la sociedad, explorando su deseo de ser vistas y comprendidas. Esta reflexi\u00f3n se lleva a escena mediante el lenguaje corporal y di\u00e1logos generados desde la propia experiencia, creando un puente entre la intimidad del hogar y su interacci\u00f3n con el mundo exterior.<\/p>\n\n\n\n<p>A trav\u00e9s de una coreograf\u00eda intensa y emotiva, se invita al espectador a reflexionar sobre los aspectos m\u00e1s sensibles y humanos que surgen de la convivencia familiar.<\/p>\n\n\n\n<p>Con coreograf\u00eda de Daym\u00e9 Del Toro y m\u00fasica original de Isaac Hern\u00e1ndez, esta pieza cuenta con la interpretaci\u00f3n de los artistas Jon\u00e1s Padilla, Mildred Rubirosa, Erick Roque, Wileydy Contreras y Joel Rodr\u00edguez. La direcci\u00f3n art\u00edstica es del maestro Edmundo Poy, y los bailarines invitados son \u00c1ngel Pascual, Mar\u00eda Emilia Garc\u00eda y Wilma Lluberes.<\/p>\n\n\n\n<p>Daym\u00e9 Del Toro es una destacada bailarina y core\u00f3grafa de danza contempor\u00e1nea con m\u00e1s de 15 a\u00f1os de experiencia en el \u00e1rea de interpretaci\u00f3n, docencia y creaci\u00f3n. Actualmente, es miembro de la Compa\u00f1\u00eda Nacional de Danza Contempor\u00e1nea y maestra de la Escuela Nacional de Danza (ENDANZA).<\/p>\n\n\n\n<p>Con esta propuesta, la Direcci\u00f3n General de Bellas Artes, a trav\u00e9s de la Compa\u00f1\u00eda Nacional de Danza Contempor\u00e1nea y el Ministerio de Cultura reafirman su compromiso con la creaci\u00f3n art\u00edstica que conecta con las vivencias cotidianas, invitando al p\u00fablico a una experiencia \u00fanica de introspecci\u00f3n a trav\u00e9s del arte del movimiento.<\/p>\n\n\n\n<p>Programa EDANCO 2024<\/p>\n\n\n\n<p>Este festival surgi\u00f3 como una iniciativa de formar bailarines que puedan mostrar sus trabajos a todo el pa\u00eds y tambi\u00e9n como una forma de acercar la danza contempor\u00e1nea dominicana con la de otros pa\u00edses, en la que tambi\u00e9n se incluyen hip-hop, ballet cl\u00e1sico, folklore, tango y otras danzas.<\/p>\n\n\n\n<p>23 de sept. 7:00 p.m. M\u00e9trica, Escuela Nacional de Danza<\/p>\n\n\n\n<p>24 de sept. 7:00 p.m. Zafra, Ballet Folkl\u00f3rico Nacional Dominicano<\/p>\n\n\n\n<p>25 de sept. 8:30 p.m. Ballet Nacional Dominicano<\/p>\n\n\n\n<p>26 de sept. 8:30 p.m. Jean Appolon Expressions (JAE) Hait\u00ed<\/p>\n\n\n\n<p>27 de sept. 8:30 p.m. Jean Appolon Expressions (JAE) y el Ballet Folkl\u00f3rico Dominicano; y proyecci\u00f3n de video creaciones, Sal\u00f3n de Actos UNIBE.<\/p>\n\n\n\n<p>27 y 28 de sept. 8:30 p.m. Alexander Duval y amigos en Casa de Teatro<\/p>\n\n\n\n<p>28 de sept. 6:30 p.m., y 8:30 p.m. Danza Joven<\/p>\n\n\n\n<p>29 de sept. 6:30 p.m., y 8:30 p.m. Noche Dominicana I<\/p>\n\n\n\n<p>30 de sept. 8:30 p.m. Compa\u00f1\u00eda La Mangrove Francia, Guadalupe, Stacy Pizarro Costa Rica, Compa\u00f1\u00eda Nacional de Danza Contempor\u00e1nea Rep\u00fablica Dominicana<\/p>\n\n\n\n<p>1 de oct. 8:30 p.m. \u201cSolos\u201d, Provisional Danza, Espa\u00f1a<\/p>\n\n\n\n<p>2 de oct. 8:30 p.m. Proyecto Internacional entre Francia, Martinica y Rep\u00fablica Dominicana<\/p>\n\n\n\n<p>3 y 4 de oct. 8:30 p.m. Koresh Dance Company, Estados Unidos<\/p>\n\n\n\n<p>5 de oct. 6:30 p.m., y 8:30 p.m. Mauro Ballet de Puerto Rico. Noche Dominicana II<\/p>\n\n\n\n<p>6 de oct. 6:30 p.m., y 8:30 p.m. A la inversa (Proyecto Espacios Alternativos) Exposici\u00f3n<\/p>\n\n\n\n<p>Del 21 de septiembre al 6 de octubre. \u201cMemoria fotogr\u00e1ficas\u201d, autor\u00eda de Mika Pasco, en el Lobby de Bellas Artes.<\/p>\n\n\n\n<p>Mar\u00eda Mercedes sonrie210@yahoo.es <\/p>\n","protected":false},"excerpt":{"rendered":"<p>La obra de la Compa\u00f1\u00eda Nacional de Danza Contempor\u00e1nea explora las din\u00e1micas familiares y sociales desde las interacciones cotidianas dentro de un hogar y las relaciones que se generan en un espacio compartido, \u00edntimo y cercano. Santo Domingo, septiembre de 2024. La edici\u00f3n XIX del Festival Internacional de Danza Contempor\u00e1nea (EDANCO 2024) inici\u00f3 exitosamente con [&hellip;]<\/p>\n","protected":false},"author":7,"featured_media":561228,"comment_status":"closed","ping_status":"closed","sticky":false,"template":"","format":"standard","meta":{"footnotes":""},"categories":[25],"tags":[2764,201],"class_list":["post-561217","post","type-post","status-publish","format-standard","has-post-thumbnail","hentry","category-gente","tag-edanco","tag-pieza-link"],"_links":{"self":[{"href":"https:\/\/diariodominicano.com\/index.php?rest_route=\/wp\/v2\/posts\/561217","targetHints":{"allow":["GET"]}}],"collection":[{"href":"https:\/\/diariodominicano.com\/index.php?rest_route=\/wp\/v2\/posts"}],"about":[{"href":"https:\/\/diariodominicano.com\/index.php?rest_route=\/wp\/v2\/types\/post"}],"author":[{"embeddable":true,"href":"https:\/\/diariodominicano.com\/index.php?rest_route=\/wp\/v2\/users\/7"}],"replies":[{"embeddable":true,"href":"https:\/\/diariodominicano.com\/index.php?rest_route=%2Fwp%2Fv2%2Fcomments&post=561217"}],"version-history":[{"count":1,"href":"https:\/\/diariodominicano.com\/index.php?rest_route=\/wp\/v2\/posts\/561217\/revisions"}],"predecessor-version":[{"id":561236,"href":"https:\/\/diariodominicano.com\/index.php?rest_route=\/wp\/v2\/posts\/561217\/revisions\/561236"}],"wp:featuredmedia":[{"embeddable":true,"href":"https:\/\/diariodominicano.com\/index.php?rest_route=\/wp\/v2\/media\/561228"}],"wp:attachment":[{"href":"https:\/\/diariodominicano.com\/index.php?rest_route=%2Fwp%2Fv2%2Fmedia&parent=561217"}],"wp:term":[{"taxonomy":"category","embeddable":true,"href":"https:\/\/diariodominicano.com\/index.php?rest_route=%2Fwp%2Fv2%2Fcategories&post=561217"},{"taxonomy":"post_tag","embeddable":true,"href":"https:\/\/diariodominicano.com\/index.php?rest_route=%2Fwp%2Fv2%2Ftags&post=561217"}],"curies":[{"name":"wp","href":"https:\/\/api.w.org\/{rel}","templated":true}]}}