{"id":561050,"date":"2024-09-22T23:44:06","date_gmt":"2024-09-23T03:44:06","guid":{"rendered":"https:\/\/diariodominicano.com\/?p=561050"},"modified":"2024-09-22T23:48:53","modified_gmt":"2024-09-23T03:48:53","slug":"el-merengue-mantiene-supremacia-pese-a-los-malos-augurios-de-sus-detractores","status":"publish","type":"post","link":"https:\/\/diariodominicano.com\/?p=561050","title":{"rendered":"El Merengue mantiene supremac\u00eda pese a los malos augurios de sus detractores"},"content":{"rendered":"\n<p>El merengue vuelve a brillar en las nominaci\u00f3n al \u201cLatin Grammy Awards\u201d<br>@sugarpromotions, New York&nbsp;<strong>-A pesar de los malos augurios, veneno e intriga por parte de algunos detractores del merengue en esta ocasi\u00f3n al igual que en a\u00f1os anteriores frente a los diferentes g\u00e9neros que hay en el pa\u00eds nuestra bandera musical mantiene la supremac\u00eda en nominaciones y galardones tanto en premiaciones locales como internacionales.<\/strong><\/p>\n\n\n\n<p><strong>As\u00ed qued\u00f3 evidenciado en las recientes nominaciones anunciadas por el \u201cLatin Grammy Awards 2024\u201d, a celebrarse el jueves 14 de noviembre en el Kaseya Center en Miami y donde volveremos a ver nuestro merengue brillar de la mano de artistas de la talla de \u201cJuan Luis Guerra, Magic Juan, Ilegales, Eddy Herrera, el boricua Oscarito, entre otros.<\/strong><\/p>\n\n\n\n<figure class=\"wp-block-image size-full\"><img loading=\"lazy\" decoding=\"async\" width=\"481\" height=\"234\" src=\"https:\/\/diariodominicano.com\/wp-content\/uploads\/2024\/09\/El-Merengue-mantiene-supremacia-pese-a-los-malos-augurios-de-sus-detractores.png\" alt=\"\" class=\"wp-image-561077\" srcset=\"https:\/\/diariodominicano.com\/wp-content\/uploads\/2024\/09\/El-Merengue-mantiene-supremacia-pese-a-los-malos-augurios-de-sus-detractores.png 481w, https:\/\/diariodominicano.com\/wp-content\/uploads\/2024\/09\/El-Merengue-mantiene-supremacia-pese-a-los-malos-augurios-de-sus-detractores-300x146.png 300w\" sizes=\"auto, (max-width: 481px) 100vw, 481px\" \/><\/figure>\n\n\n\n<p><strong>Sin importar a qu\u00e9 \u00e9poca pertenece, basta con visitar las redes sociales de los merengueros para comprobar la cantidad y continuas presentaciones en todo el pa\u00eds y el extranjero, adem\u00e1s de la alta cotizaci\u00f3n expresada por los empresarios art\u00edsticos, adem\u00e1s de la cantidad de importantes conciertos en los principales escenarios, sin dejar de destacar que sigue siendo el ritmo dominicano con mayor cantidad de nuevos exponentes y\/o relevos de ambos sexos.<\/strong><\/p>\n\n\n\n<p>El Merengue Patrimonio Cultural Inmaterial de la Humanidad, es un ritmo que por su complejidad interpretativa y musical no permite que cualquier representante de otros g\u00e9neros en el pa\u00eds pueda producirlo y\/o interpretarlo con la calidad requerida a pesar de que tan contagioso ritmo cuenta el apoyo de exponentes internacionales como \u201cDaddy Yankee, chino y Nacho, Don Omar, Tony Dize, Rosalia, Bad Bunny recientemente Karol G\u201d, entre otros. <\/p>\n\n\n\n<p><a href=\"https:\/\/soylatinoradio.com\/\">https:\/\/soylatinoradio.com\/<\/a><\/p>\n\n\n\n<p><strong>Edwar Sanchez<\/strong>\u00a0&lt;notitimeny@gmail.com> <\/p>\n","protected":false},"excerpt":{"rendered":"<p>El merengue vuelve a brillar en las nominaci\u00f3n al \u201cLatin Grammy Awards\u201d@sugarpromotions, New York&nbsp;-A pesar de los malos augurios, veneno e intriga por parte de algunos detractores del merengue en esta ocasi\u00f3n al igual que en a\u00f1os anteriores frente a los diferentes g\u00e9neros que hay en el pa\u00eds nuestra bandera musical mantiene la supremac\u00eda en [&hellip;]<\/p>\n","protected":false},"author":7,"featured_media":561076,"comment_status":"closed","ping_status":"closed","sticky":false,"template":"","format":"standard","meta":{"footnotes":""},"categories":[25],"tags":[189],"class_list":["post-561050","post","type-post","status-publish","format-standard","has-post-thumbnail","hentry","category-gente","tag-merengue"],"_links":{"self":[{"href":"https:\/\/diariodominicano.com\/index.php?rest_route=\/wp\/v2\/posts\/561050","targetHints":{"allow":["GET"]}}],"collection":[{"href":"https:\/\/diariodominicano.com\/index.php?rest_route=\/wp\/v2\/posts"}],"about":[{"href":"https:\/\/diariodominicano.com\/index.php?rest_route=\/wp\/v2\/types\/post"}],"author":[{"embeddable":true,"href":"https:\/\/diariodominicano.com\/index.php?rest_route=\/wp\/v2\/users\/7"}],"replies":[{"embeddable":true,"href":"https:\/\/diariodominicano.com\/index.php?rest_route=%2Fwp%2Fv2%2Fcomments&post=561050"}],"version-history":[{"count":1,"href":"https:\/\/diariodominicano.com\/index.php?rest_route=\/wp\/v2\/posts\/561050\/revisions"}],"predecessor-version":[{"id":561087,"href":"https:\/\/diariodominicano.com\/index.php?rest_route=\/wp\/v2\/posts\/561050\/revisions\/561087"}],"wp:featuredmedia":[{"embeddable":true,"href":"https:\/\/diariodominicano.com\/index.php?rest_route=\/wp\/v2\/media\/561076"}],"wp:attachment":[{"href":"https:\/\/diariodominicano.com\/index.php?rest_route=%2Fwp%2Fv2%2Fmedia&parent=561050"}],"wp:term":[{"taxonomy":"category","embeddable":true,"href":"https:\/\/diariodominicano.com\/index.php?rest_route=%2Fwp%2Fv2%2Fcategories&post=561050"},{"taxonomy":"post_tag","embeddable":true,"href":"https:\/\/diariodominicano.com\/index.php?rest_route=%2Fwp%2Fv2%2Ftags&post=561050"}],"curies":[{"name":"wp","href":"https:\/\/api.w.org\/{rel}","templated":true}]}}