{"id":560990,"date":"2024-09-22T21:51:57","date_gmt":"2024-09-23T01:51:57","guid":{"rendered":"https:\/\/diariodominicano.com\/?p=560990"},"modified":"2024-09-22T23:37:00","modified_gmt":"2024-09-23T03:37:00","slug":"incentivos-fiscales-son-claves-para-el-desarrollo-de-la-economia-naranja","status":"publish","type":"post","link":"https:\/\/diariodominicano.com\/?p=560990","title":{"rendered":"Incentivos fiscales son claves para el desarrollo de la econom\u00eda naranja: Iv\u00e1n Duque"},"content":{"rendered":"\n<p>Para el expresidente de Colombia, Iv\u00e1n Duque, Rep\u00fablica Dominicana  tiene enormes oportunidades para consolidarse como un hub de la econom\u00eda naranja en la regi\u00f3n al poder combinar el talento art\u00edstico de su poblaci\u00f3n y los recursos naturales que posee.<\/p>\n\n\n\n<p><strong>Santo Domingo, Rep\u00fablica Dominicana.-<\/strong>&nbsp;El expresidente de Colombia, Iv\u00e1n Duque, resalt\u00f3 la importancia de los incentivos fiscales para el crecimiento de las industrias creativas y culturales.<\/p>\n\n\n\n<p>Duque, quien estar\u00e1 en Rep\u00fablica Dominicana para dictar una conferencia magistral en el Foro Caribe Naranja, este martes 01 de octubre, subray\u00f3 que m\u00e1s que por el gasto, los incentivos se tienen que considerar por los beneficios que generan en t\u00e9rminos de inversi\u00f3n, de creaci\u00f3n de empleos, de desarrollo de un mercado y de generaci\u00f3n de ingresos de manera sostenible y escalable al pa\u00eds.<\/p>\n\n\n\n<p>El expresidente colombiano se refiri\u00f3 al tema al ser entrevistado en el programa El Despertador, que se transmite por SIN, en torno a la posibilidad de que la industria cinematogr\u00e1fica local deje de recibir los incentivos que contempla la Ley de Cine, como producto de la reforma fiscal que se discute en la actualidad.<\/p>\n\n\n\n<p>\u201cEs muy dif\u00edcil desarrollar una industria cinematogr\u00e1fica hoy en el mundo sin incentivos, entre otras cosas porque los grandes competidores, todos usan incentivos, todos. Inclusive los mercados de los pa\u00edses m\u00e1s desarrollados tienen incentivos para esta industria\u201d, afirm\u00f3.<\/p>\n\n\n\n<p>En ese sentido, puso como ejemplo la experiencia de Colombia, en su periodo presidencial, cuando su gobierno implement\u00f3 una serie de medidas fiscales que incluyeron un descuento del 40% para inversiones en series y producciones cinematogr\u00e1ficas, lo que permiti\u00f3 que el pa\u00eds pasara de recibir inversiones de 10 a 30 millones de d\u00f3lares anuales a m\u00e1s de 300 millones en 2022.<\/p>\n\n\n\n<p>El expresidente resalt\u00f3 que los beneficios no solo se reflejan en ingresos directos, sino tambi\u00e9n en la creaci\u00f3n de empleo y el desarrollo de talento local en \u00e1reas como maquillaje, producci\u00f3n, edici\u00f3n, producci\u00f3n y doblaje, entre otras.<\/p>\n\n\n\n<p>\u201cYo no conozco todav\u00eda los textos de lo que se ha propuesto en la Rep\u00fablica Dominicana, pero conociendo adem\u00e1s la sensibilidad del presidente Abinader por estas materias, pues yo pensar\u00eda que \u00e9l, que adem\u00e1s le ha dado mucho relieve a la tarea que adelanta la ministra de Cultura, yo me imagino que para Dominicana es mucho m\u00e1s importante tener el incentivo que no tenerlo. Y la mejor justificaci\u00f3n no es tanto por el lado de los ingresos como por el lado de las externalidades que esto puede traer en empleo, en inversi\u00f3n y en encadenamiento productivo\u201d, precis\u00f3 Iv\u00e1n Duque.<\/p>\n\n\n\n<p><strong>RD: la oportunidad naranja<\/strong><\/p>\n\n\n\n<p>Iv\u00e1n Duque resalt\u00f3 las oportunidades que tiene la Rep\u00fablica Dominicana para consolidarse como un hub de la econom\u00eda naranja en la regi\u00f3n al poder combinar el talento art\u00edstico de su poblaci\u00f3n y los recursos naturales que posee.<\/p>\n\n\n\n<p>\u201cYo creo que la econom\u00eda naranja tiene que ser vista por Rep\u00fablica Dominicana como una de sus \u00e1reas prioritarias de crecimiento y tambi\u00e9n de fortalecer sus lazos con el mundo\u201d, expres\u00f3 Duque, sosteniendo que si el pa\u00eds se ve a s\u00ed mismo como una oportunidad naranja, esta industria podr\u00eda llegar a ser tan importante como la tur\u00edstica.<\/p>\n\n\n\n<p>Al reafirmar que Rep\u00fablica Dominicana&nbsp;<em>lo tiene todo<\/em>, asegur\u00f3 que esta tiene el potencial de integrar su rica oferta cultural con su industria tur\u00edstica, creando un sector creativo robusto y competitivo.<\/p>\n\n\n\n<p>Adem\u00e1s de las bellezas naturales, resalt\u00f3 entre sus ventajas la s\u00f3lida infraestructura y su geolocalizaci\u00f3n estrat\u00e9gica, por su cercan\u00eda con mercados como el norteamericano y europeo.<\/p>\n\n\n\n<p>El exmandatario explic\u00f3 que la econom\u00eda naranja va m\u00e1s all\u00e1 de la industria cinematogr\u00e1fica, abarcando sectores como la m\u00fasica, el arte, el teatro y la gastronom\u00eda. La clave para aprovechar este potencial radica en lo que Duque denomin\u00f3 las \u201csiete i\u2019s\u201d de la econom\u00eda naranja: informaci\u00f3n, infraestructura, instituciones, industria, integraci\u00f3n, inclusi\u00f3n e inspiraci\u00f3n.<\/p>\n\n\n\n<p>Consider\u00f3 que Rep\u00fablica Dominicana tiene un talento inagotable, especialmente en la m\u00fasica, y que podr\u00eda convertirse en un destino atractivo para la producci\u00f3n audiovisual en la regi\u00f3n.<\/p>\n\n\n\n<p><strong>Sobre Iv\u00e1n Duque<\/strong><\/p>\n\n\n\n<p>Iv\u00e1n Duque ha sido un firme promotor de la econom\u00eda naranja desde antes de su mandato en Colombia. Su inter\u00e9s por este sector comenz\u00f3 en 2012, cuando asumi\u00f3 la direcci\u00f3n de la Divisi\u00f3n de Cultura, Creatividad y Solidaridad del Banco Interamericano de Desarrollo (BID). Desde esa posici\u00f3n, impuls\u00f3 investigaciones y publicaciones que demostraron el peso econ\u00f3mico de las industrias creativas en Am\u00e9rica Latina.<\/p>\n\n\n\n<p>En 2013, coescribi\u00f3 con Felipe Buitrago el libro La econom\u00eda naranja, que se convirti\u00f3 en una referencia clave y la publicaci\u00f3n m\u00e1s descargada en la plataforma del BID.<\/p>\n\n\n\n<p>Durante su gobierno en Colombia (2018-2022), Duque implement\u00f3 incentivos fiscales y pol\u00edticas para fortalecer este sector, enfoc\u00e1ndose en potenciar el talento local, integrando la cultura con la econom\u00eda y generando un crecimiento sostenible en las industrias creativas.<\/p>\n\n\n\n<p><strong>Foro Caribe Naranja: \u201cExportaci\u00f3n de creatividad hecha en Rep\u00fablica Dominicana\u201d<\/strong><\/p>\n\n\n\n<p>Foro Caribe Naranja es una iniciativa que se realiza con el objetivo de visibilizar y colocar en la agenda p\u00fablica los temas que abordan la Econom\u00eda Naranja y las Industrias Creativas en el pa\u00eds y la regi\u00f3n del Caribe, destacando los diferentes actores que componen este sector y su importante aporte a la econom\u00eda y sobre todo al impacto directo en la calidad de vida de las comunidades.<\/p>\n\n\n\n<p>Este a\u00f1o el Foro aborda el tema \u201cExportaci\u00f3n de Creatividad hecha en Rep\u00fablica Dominicana\u201d con el objetivo de continuar la conversaci\u00f3n alrededor de este sector que diversifica nuestra econom\u00eda, crea empleos de calidad y posiciona al pa\u00eds como el&nbsp;<em>hub<\/em>&nbsp;creativo del Caribe, promoviendo un desarrollo econ\u00f3mico sostenible que atrae inversi\u00f3n extranjera y fortalece la imagen de Rep\u00fablica Dominicana a nivel global.<\/p>\n\n\n\n<p>Este a\u00f1o el evento cuenta con el patrocinio de BANRESERVAS, Banco Popular, AES Dominicana, la C\u00e1mara de Comercio y Producci\u00f3n de Santo Domingo, ADOEXPO y Banco de Desarrollo de Am\u00e9rica Latina y el Caribe (CAF).<\/p>\n\n\n\n<p>Para m\u00e1s informaci\u00f3n e inscribirse gratis para la transmisi\u00f3n en vivo del foro puede contactar la p\u00e1gina web&nbsp;<a href=\"https:\/\/forocaribenaranja.com\/\" target=\"_blank\" rel=\"noreferrer noopener\">https:\/\/forocaribenaranja.com\/<\/a><\/p>\n\n\n\n<p><strong>Caribe Naranja<\/strong><\/p>\n\n\n\n<p>Caribe Naranja es una plataforma conformada por tres proyectos que se van desarrollando durante todo el a\u00f1o. Adem\u00e1s del Foro, la integran La Silla Naranja, una serie de temporada que tiene como objetivo darle visibilidad a diferentes actores que pertenecen a las industrias creativas y culturales del pa\u00eds, quienes a trav\u00e9s de sus visiones e historias demuestran el potencial que tiene nuestro pa\u00eds para seguir posicion\u00e1ndose como referente creativo del Caribe.<\/p>\n\n\n\n<p>El tercer proyecto es Conexi\u00f3n Naranja, que consiste en conversatorios puntuales que facilitan el intercambio de ideas, con la participaci\u00f3n de expertos y personalidades de diferentes gremios de la industria creativa, quienes comparten sus visiones y experiencias.\u2002<\/p>\n\n\n\n<figure class=\"wp-block-embed is-type-video is-provider-youtube wp-block-embed-youtube wp-embed-aspect-16-9 wp-has-aspect-ratio\"><div class=\"wp-block-embed__wrapper\">\n<iframe loading=\"lazy\" title=\"EN VIVO 20\/9\/2024 #ElDespertadorCompleto\" width=\"616\" height=\"347\" src=\"https:\/\/www.youtube.com\/embed\/mu9E65J5wgE?feature=oembed\" frameborder=\"0\" allow=\"accelerometer; autoplay; clipboard-write; encrypted-media; gyroscope; picture-in-picture; web-share\" referrerpolicy=\"strict-origin-when-cross-origin\" allowfullscreen><\/iframe>\n<\/div><\/figure>\n\n\n\n<figure class=\"wp-block-embed is-type-video is-provider-youtube wp-block-embed-youtube wp-embed-aspect-16-9 wp-has-aspect-ratio\"><div class=\"wp-block-embed__wrapper\">\n<iframe loading=\"lazy\" title=\"Iv\u00e1n Duque: &quot;Es muy dif\u00edcil desarrollar una industria cinematogr\u00e1fica sin incentivos&quot;\" width=\"616\" height=\"347\" src=\"https:\/\/www.youtube.com\/embed\/-adjk9nPZ34?feature=oembed\" frameborder=\"0\" allow=\"accelerometer; autoplay; clipboard-write; encrypted-media; gyroscope; picture-in-picture; web-share\" referrerpolicy=\"strict-origin-when-cross-origin\" allowfullscreen><\/iframe>\n<\/div><\/figure>\n\n\n\n<p><strong>Maribel Hernandez<\/strong>&nbsp;&lt;maribel@nexos.do&gt; <\/p>\n","protected":false},"excerpt":{"rendered":"<p>Para el expresidente de Colombia, Iv\u00e1n Duque, Rep\u00fablica Dominicana tiene enormes oportunidades para consolidarse como un hub de la econom\u00eda naranja en la regi\u00f3n al poder combinar el talento art\u00edstico de su poblaci\u00f3n y los recursos naturales que posee. Santo Domingo, Rep\u00fablica Dominicana.-&nbsp;El expresidente de Colombia, Iv\u00e1n Duque, resalt\u00f3 la importancia de los incentivos fiscales [&hellip;]<\/p>\n","protected":false},"author":7,"featured_media":561066,"comment_status":"closed","ping_status":"closed","sticky":true,"template":"","format":"standard","meta":{"footnotes":""},"categories":[18],"tags":[],"class_list":["post-560990","post","type-post","status-publish","format-standard","has-post-thumbnail","hentry","category-economia"],"_links":{"self":[{"href":"https:\/\/diariodominicano.com\/index.php?rest_route=\/wp\/v2\/posts\/560990","targetHints":{"allow":["GET"]}}],"collection":[{"href":"https:\/\/diariodominicano.com\/index.php?rest_route=\/wp\/v2\/posts"}],"about":[{"href":"https:\/\/diariodominicano.com\/index.php?rest_route=\/wp\/v2\/types\/post"}],"author":[{"embeddable":true,"href":"https:\/\/diariodominicano.com\/index.php?rest_route=\/wp\/v2\/users\/7"}],"replies":[{"embeddable":true,"href":"https:\/\/diariodominicano.com\/index.php?rest_route=%2Fwp%2Fv2%2Fcomments&post=560990"}],"version-history":[{"count":3,"href":"https:\/\/diariodominicano.com\/index.php?rest_route=\/wp\/v2\/posts\/560990\/revisions"}],"predecessor-version":[{"id":561081,"href":"https:\/\/diariodominicano.com\/index.php?rest_route=\/wp\/v2\/posts\/560990\/revisions\/561081"}],"wp:featuredmedia":[{"embeddable":true,"href":"https:\/\/diariodominicano.com\/index.php?rest_route=\/wp\/v2\/media\/561066"}],"wp:attachment":[{"href":"https:\/\/diariodominicano.com\/index.php?rest_route=%2Fwp%2Fv2%2Fmedia&parent=560990"}],"wp:term":[{"taxonomy":"category","embeddable":true,"href":"https:\/\/diariodominicano.com\/index.php?rest_route=%2Fwp%2Fv2%2Fcategories&post=560990"},{"taxonomy":"post_tag","embeddable":true,"href":"https:\/\/diariodominicano.com\/index.php?rest_route=%2Fwp%2Fv2%2Ftags&post=560990"}],"curies":[{"name":"wp","href":"https:\/\/api.w.org\/{rel}","templated":true}]}}