{"id":560988,"date":"2024-09-22T20:12:23","date_gmt":"2024-09-23T00:12:23","guid":{"rendered":"https:\/\/diariodominicano.com\/?p=560988"},"modified":"2024-09-22T20:12:25","modified_gmt":"2024-09-23T00:12:25","slug":"campari-e-imbibe-celebraron-su-coctel-iconico-durante-la-xii-edicion-de-la-semana-del-negroni","status":"publish","type":"post","link":"https:\/\/diariodominicano.com\/?p=560988","title":{"rendered":"Campari e Imbibe Celebraron su c\u00f3ctel ic\u00f3nico durante la XII Edici\u00f3n de la semana del Negroni"},"content":{"rendered":"\n<p><em>El aniversario del #NegroniWeek se llev\u00f3 a cabo del 16 al 22 de septiembre, destinando los fondos recaudados al socio ben\u00e9fico Slow Food.<\/em> <\/p>\n\n\n\n<p>Santo Domingo. Campari, el ic\u00f3nico aperitivo rojo de Italia, y la revista Imbibe se unieron este septiembre para celebrar la Semana del Negroni, una iniciativa global que re\u00fane a bartenders de bares, restaurantes y minoristas de todo el pa\u00eds.<\/p>\n\n\n\n<figure class=\"wp-block-gallery has-nested-images columns-default is-cropped wp-block-gallery-1 is-layout-flex wp-block-gallery-is-layout-flex\">\n<figure class=\"wp-block-image size-large\"><img loading=\"lazy\" decoding=\"async\" width=\"1024\" height=\"892\" data-id=\"561036\" src=\"https:\/\/diariodominicano.com\/wp-content\/uploads\/2024\/09\/Ganadores-Primer-lugar-Heriberto-Federico-Segundo-lugar-Eiberth-Mendoza-y-Tercer-lugar-Alex-Dominguez-1024x892.jpg\" alt=\"\" class=\"wp-image-561036\" srcset=\"https:\/\/diariodominicano.com\/wp-content\/uploads\/2024\/09\/Ganadores-Primer-lugar-Heriberto-Federico-Segundo-lugar-Eiberth-Mendoza-y-Tercer-lugar-Alex-Dominguez-1024x892.jpg 1024w, https:\/\/diariodominicano.com\/wp-content\/uploads\/2024\/09\/Ganadores-Primer-lugar-Heriberto-Federico-Segundo-lugar-Eiberth-Mendoza-y-Tercer-lugar-Alex-Dominguez-300x261.jpg 300w, https:\/\/diariodominicano.com\/wp-content\/uploads\/2024\/09\/Ganadores-Primer-lugar-Heriberto-Federico-Segundo-lugar-Eiberth-Mendoza-y-Tercer-lugar-Alex-Dominguez-768x669.jpg 768w, https:\/\/diariodominicano.com\/wp-content\/uploads\/2024\/09\/Ganadores-Primer-lugar-Heriberto-Federico-Segundo-lugar-Eiberth-Mendoza-y-Tercer-lugar-Alex-Dominguez-1536x1338.jpg 1536w, https:\/\/diariodominicano.com\/wp-content\/uploads\/2024\/09\/Ganadores-Primer-lugar-Heriberto-Federico-Segundo-lugar-Eiberth-Mendoza-y-Tercer-lugar-Alex-Dominguez-2048x1784.jpg 2048w, https:\/\/diariodominicano.com\/wp-content\/uploads\/2024\/09\/Ganadores-Primer-lugar-Heriberto-Federico-Segundo-lugar-Eiberth-Mendoza-y-Tercer-lugar-Alex-Dominguez-816x711.jpg 816w\" sizes=\"auto, (max-width: 1024px) 100vw, 1024px\" \/><\/figure>\n<\/figure>\n\n\n\n<p>\u201cDurante los \u00faltimos doce a\u00f1os, esta iniciativa mundial ha recaudado millones de d\u00f3lares para causas ben\u00e9ficas. En esta edici\u00f3n, el apoyo se dirigi\u00f3 a Slow Food, un movimiento global que promueve un sistema alimentario sostenible, beneficiando tanto a consumidores como a productores y al planeta. Con ra\u00edces italianas, al igual que Campari y el Negroni, Slow Food es el aliado perfecto para esta causa.\u201d Puntualiz\u00f3 Andr\u00e9s de Marchena, Brand Manager de la marca.<\/p>\n\n\n\n<figure class=\"wp-block-gallery has-nested-images columns-default is-cropped wp-block-gallery-2 is-layout-flex wp-block-gallery-is-layout-flex\">\n<figure class=\"wp-block-image size-large\"><img loading=\"lazy\" decoding=\"async\" width=\"1024\" height=\"673\" data-id=\"561034\" src=\"https:\/\/diariodominicano.com\/wp-content\/uploads\/2024\/09\/Heriberto-Federico-ganador-del-Primer-lugar-por-crear-la-receta-mas-original-del-cocktail-mas-famoso-1024x673.jpg\" alt=\"\" class=\"wp-image-561034\" srcset=\"https:\/\/diariodominicano.com\/wp-content\/uploads\/2024\/09\/Heriberto-Federico-ganador-del-Primer-lugar-por-crear-la-receta-mas-original-del-cocktail-mas-famoso-1024x673.jpg 1024w, https:\/\/diariodominicano.com\/wp-content\/uploads\/2024\/09\/Heriberto-Federico-ganador-del-Primer-lugar-por-crear-la-receta-mas-original-del-cocktail-mas-famoso-300x197.jpg 300w, https:\/\/diariodominicano.com\/wp-content\/uploads\/2024\/09\/Heriberto-Federico-ganador-del-Primer-lugar-por-crear-la-receta-mas-original-del-cocktail-mas-famoso-768x505.jpg 768w, https:\/\/diariodominicano.com\/wp-content\/uploads\/2024\/09\/Heriberto-Federico-ganador-del-Primer-lugar-por-crear-la-receta-mas-original-del-cocktail-mas-famoso-816x537.jpg 816w, https:\/\/diariodominicano.com\/wp-content\/uploads\/2024\/09\/Heriberto-Federico-ganador-del-Primer-lugar-por-crear-la-receta-mas-original-del-cocktail-mas-famoso.jpg 1200w\" sizes=\"auto, (max-width: 1024px) 100vw, 1024px\" \/><\/figure>\n<\/figure>\n\n\n\n<p>Desde su creaci\u00f3n en 1919, Campari ha sido el ingrediente clave del cl\u00e1sico Negroni. La creciente popularidad de este c\u00f3ctel a nivel mundial se debe en gran medida al talento de los bartenders, y esta celebraci\u00f3n tambi\u00e9n les rinde homenaje.<\/p>\n\n\n\n<p>Los bartenders participantes presentaron sus creaciones de autor en actividades realizadas en bares y restaurantes de Santo Domingo: Casa Tuva, El Atelier, Santino y Casa Luca; y en Santiago: el restaurante Sabrass.<\/p>\n\n\n\n<figure class=\"wp-block-gallery has-nested-images columns-default is-cropped wp-block-gallery-3 is-layout-flex wp-block-gallery-is-layout-flex\">\n<figure class=\"wp-block-image size-large\"><img loading=\"lazy\" decoding=\"async\" width=\"1024\" height=\"739\" data-id=\"561035\" src=\"https:\/\/diariodominicano.com\/wp-content\/uploads\/2024\/09\/Trago-Ganador-del-primer-lugar-disenado-por-Heriberto-Federico-1024x739.jpg\" alt=\"\" class=\"wp-image-561035\" srcset=\"https:\/\/diariodominicano.com\/wp-content\/uploads\/2024\/09\/Trago-Ganador-del-primer-lugar-disenado-por-Heriberto-Federico-1024x739.jpg 1024w, https:\/\/diariodominicano.com\/wp-content\/uploads\/2024\/09\/Trago-Ganador-del-primer-lugar-disenado-por-Heriberto-Federico-300x217.jpg 300w, https:\/\/diariodominicano.com\/wp-content\/uploads\/2024\/09\/Trago-Ganador-del-primer-lugar-disenado-por-Heriberto-Federico-768x554.jpg 768w, https:\/\/diariodominicano.com\/wp-content\/uploads\/2024\/09\/Trago-Ganador-del-primer-lugar-disenado-por-Heriberto-Federico-816x589.jpg 816w, https:\/\/diariodominicano.com\/wp-content\/uploads\/2024\/09\/Trago-Ganador-del-primer-lugar-disenado-por-Heriberto-Federico.jpg 1500w\" sizes=\"auto, (max-width: 1024px) 100vw, 1024px\" \/><\/figure>\n<\/figure>\n\n\n\n<p>La Semana del Negroni concluy\u00f3 el jueves 19 de septiembre en MIX Bar, donde se premiaron las mejores creaciones de entre 40 recetas participantes en la competencia local.<\/p>\n\n\n\n<p><strong>ACERCA DE CAMPARI<\/strong><\/p>\n\n\n\n<p>Campari es un cl\u00e1sico contempor\u00e1neo y carism\u00e1tico. La receta secreta, que se ha mantenido sin cambios, se origin\u00f3 en Novara en 1860 y es la base de algunos de los c\u00f3cteles m\u00e1s famosos del mundo. Campari es un licor alcoh\u00f3lico obtenido de la infusi\u00f3n de hierbas amargas, plantas arom\u00e1ticas y frutas en alcohol y agua. Con su color rojo vibrante, aroma intenso y sabor inspirador, Campari siempre ha sido un s\u00edmbolo de intriga y placer, que se despliega en una cautivadora experiencia de beber. Estos son los valores que han hecho que la marca Campari sea famosa en todo el mundo como un icono de pasi\u00f3n, estilo y de excelencia italiana.<\/p>\n\n\n\n<p><strong>ACERCA DEL NEGRONI<\/strong><\/p>\n\n\n\n<p>Fue alrededor del a\u00f1o 1919 en Florencia cuando el Conde Camillo Negroni contempl\u00f3 pedir un c\u00f3ctel Americano pero decidi\u00f3 que era hora de un cambio. Lo pidi\u00f3 con un toque de ginebra en lugar de soda, inspirado en su \u00faltimo viaje a Londres y su escena predominante de ginebra. El cantinero se complaci\u00f3 en cumplir con la solicitud del Conde Camillo Negroni y agreg\u00f3 una guarnici\u00f3n de naranja en lugar de la rodaja de lim\u00f3n del americano para indicar la nueva bebida que hab\u00eda creado. En Florencia, el \u2018habitual\u2019 del Conde se hizo conocido como el Americano del Conde Negroni, o el \u201cAmericano con un toque de ginebra\u201d, as\u00ed naci\u00f3 el Negroni. El Negroni es ahora uno de los c\u00f3cteles cl\u00e1sicos contempor\u00e1neos m\u00e1s famosos. Dondequiera que vayas en el mundo, encontrar\u00e1s un mix\u00f3logo que puede hacerte el ic\u00f3nico Negroni. La receta original, la combinaci\u00f3n perfectamente equilibrada de partes iguales de Campari, Vermut Rojo y ginebra, tiene casi un siglo de antig\u00fcedad y contin\u00faa disfrut\u00e1ndose en la actualidad. La Asociaci\u00f3n Internacional de Bartenders (IBA) incluye a Campari como ingrediente oficial del Negroni y, por lo tanto, \u00a1no hay Negroni sin Campari! Para m\u00e1s informaci\u00f3n visita&nbsp;<a href=\"http:\/\/www.campari.com\/\" target=\"_blank\" rel=\"noreferrer noopener\">www.campari.com<\/a>.<\/p>\n\n\n\n<p><strong>ACERCA DE GRUPO CAMPARI<\/strong><\/p>\n\n\n\n<p>Campari Group es un jugador importante en la industria global de bebidas espirituosas, con una cartera de m\u00e1s de 50 marcas premium y s\u00faper premium, que se distribuyen a nivel global. Las prioridades globales, incluyen Aperol, Appleton Estate, Campari, SKYY, Wild Turkey y Grand Marnier. El Grupo fue fundado en 1860 y hoy es el sexto jugador m\u00e1s grande del mundo en la industria de bebidas espirituosas premium. Tiene un alcance de distribuci\u00f3n global, comercializando en m\u00e1s de 190 pa\u00edses de todo el mundo con posiciones de liderazgo en Europa y Am\u00e9rica. La estrategia de crecimiento de Campari Group tiene como objetivo combinar el crecimiento org\u00e1nico a trav\u00e9s de una s\u00f3lida construcci\u00f3n de marca y un crecimiento externo a trav\u00e9s de adquisiciones selectivas de marcas y negocios. Con sede en Mil\u00e1n, Italia, Campari Group posee 22 plantas en todo el mundo y tiene su propia red de distribuci\u00f3n en 23 pa\u00edses. Campari Group emplea aproximadamente a 4.000 personas. Las acciones de la empresa matriz Davide Campari-Milano N.V. (Reuters CPRI.MI &#8211; Bloomberg CPR IM) cotizan en la Bolsa de Valores de Italia desde 2001. Para obtener m\u00e1s informaci\u00f3n:&nbsp;<a href=\"http:\/\/www.camparigroup.com\/en\" target=\"_blank\" rel=\"noreferrer noopener\">http:\/\/www.camparigroup.com\/en<\/a>&nbsp;Disfrute de nuestro marca responsablemente<\/p>\n\n\n\n<p><strong>ACERCA DE IMBIBE<\/strong><\/p>\n\n\n\n<p>Imbibe es la gu\u00eda definitiva para la cultura l\u00edquida. En cada n\u00famero de la revista ganadora del premio James Beard y en\u00a0<a href=\"http:\/\/imbibemagazine.com\/\" target=\"_blank\" rel=\"noreferrer noopener\">imbibemagazine.com<\/a>, encontrar\u00e1 los principales destinos de bebidas, recetas e historias detalladas del mundo: todo lo que necesita saber sobre las personas, los lugares y los sabores de las bebidas. Imbibe tambi\u00e9n publica libros de c\u00f3cteles y produce eventos relacionados con las bebidas, incluida la Semana del Negroni. Para obtener m\u00e1s informaci\u00f3n, visite\u00a0<a href=\"http:\/\/imbibemagazine.com\/\" target=\"_blank\" rel=\"noreferrer noopener\">imbibemagazine.com<\/a>\u00a0y siga @imbibe y #imbibe. <\/p>\n\n\n\n<p><strong>Rafael Reyes Bison\u00f3<\/strong>  rafaelreyesbisono@hotmail.com <\/p>\n","protected":false},"excerpt":{"rendered":"<p>El aniversario del #NegroniWeek se llev\u00f3 a cabo del 16 al 22 de septiembre, destinando los fondos recaudados al socio ben\u00e9fico Slow Food. Santo Domingo. Campari, el ic\u00f3nico aperitivo rojo de Italia, y la revista Imbibe se unieron este septiembre para celebrar la Semana del Negroni, una iniciativa global que re\u00fane a bartenders de bares, [&hellip;]<\/p>\n","protected":false},"author":7,"featured_media":561033,"comment_status":"closed","ping_status":"closed","sticky":false,"template":"","format":"standard","meta":{"footnotes":""},"categories":[25],"tags":[],"class_list":["post-560988","post","type-post","status-publish","format-standard","has-post-thumbnail","hentry","category-gente"],"_links":{"self":[{"href":"https:\/\/diariodominicano.com\/index.php?rest_route=\/wp\/v2\/posts\/560988","targetHints":{"allow":["GET"]}}],"collection":[{"href":"https:\/\/diariodominicano.com\/index.php?rest_route=\/wp\/v2\/posts"}],"about":[{"href":"https:\/\/diariodominicano.com\/index.php?rest_route=\/wp\/v2\/types\/post"}],"author":[{"embeddable":true,"href":"https:\/\/diariodominicano.com\/index.php?rest_route=\/wp\/v2\/users\/7"}],"replies":[{"embeddable":true,"href":"https:\/\/diariodominicano.com\/index.php?rest_route=%2Fwp%2Fv2%2Fcomments&post=560988"}],"version-history":[{"count":1,"href":"https:\/\/diariodominicano.com\/index.php?rest_route=\/wp\/v2\/posts\/560988\/revisions"}],"predecessor-version":[{"id":561039,"href":"https:\/\/diariodominicano.com\/index.php?rest_route=\/wp\/v2\/posts\/560988\/revisions\/561039"}],"wp:featuredmedia":[{"embeddable":true,"href":"https:\/\/diariodominicano.com\/index.php?rest_route=\/wp\/v2\/media\/561033"}],"wp:attachment":[{"href":"https:\/\/diariodominicano.com\/index.php?rest_route=%2Fwp%2Fv2%2Fmedia&parent=560988"}],"wp:term":[{"taxonomy":"category","embeddable":true,"href":"https:\/\/diariodominicano.com\/index.php?rest_route=%2Fwp%2Fv2%2Fcategories&post=560988"},{"taxonomy":"post_tag","embeddable":true,"href":"https:\/\/diariodominicano.com\/index.php?rest_route=%2Fwp%2Fv2%2Ftags&post=560988"}],"curies":[{"name":"wp","href":"https:\/\/api.w.org\/{rel}","templated":true}]}}