{"id":560853,"date":"2024-09-21T22:37:47","date_gmt":"2024-09-22T02:37:47","guid":{"rendered":"https:\/\/diariodominicano.com\/?p=560853"},"modified":"2024-09-21T22:41:49","modified_gmt":"2024-09-22T02:41:49","slug":"parque-iberoamerica-recibe-cientos-de-personas-en-el-marco-del-fin-de-semana-del-bienestar-mundial-adn","status":"publish","type":"post","link":"https:\/\/diariodominicano.com\/?p=560853","title":{"rendered":"Parque Iberoam\u00e9rica recibe cientos de personas en el marco del Fin de Semana del Bienestar Mundial: ADN"},"content":{"rendered":"\n<p>Santo Domingo se convierte en la ciudad del bienestar durante el World Wellness Weekend<\/p>\n\n\n\n<p><\/p>\n\n\n\n<figure class=\"wp-block-image size-full\"><img loading=\"lazy\" decoding=\"async\" width=\"1000\" height=\"667\" src=\"https:\/\/diariodominicano.com\/wp-content\/uploads\/2024\/09\/WhatsApp-Image-2024-09-21-at-1.00.03-PM.jpeg\" alt=\"\" class=\"wp-image-560857\" srcset=\"https:\/\/diariodominicano.com\/wp-content\/uploads\/2024\/09\/WhatsApp-Image-2024-09-21-at-1.00.03-PM.jpeg 1000w, https:\/\/diariodominicano.com\/wp-content\/uploads\/2024\/09\/WhatsApp-Image-2024-09-21-at-1.00.03-PM-300x200.jpeg 300w, https:\/\/diariodominicano.com\/wp-content\/uploads\/2024\/09\/WhatsApp-Image-2024-09-21-at-1.00.03-PM-768x512.jpeg 768w, https:\/\/diariodominicano.com\/wp-content\/uploads\/2024\/09\/WhatsApp-Image-2024-09-21-at-1.00.03-PM-816x544.jpeg 816w\" sizes=\"auto, (max-width: 1000px) 100vw, 1000px\" \/><\/figure>\n\n\n\n<p>Diariodominicano.com<\/p>\n\n\n\n<p>Santo Domingo, DN \u2013 El Parque Iberoam\u00e9rica recibe una gran afluencia de p\u00fablico atra\u00eddo por las actividades que se est\u00e1n desarrollando en el marco del Fin de Semana del Bienestar Mundial, destac\u00f3 el Ayuntamiento del Distrito Nacional en un comunicado de prensa.<\/p>\n\n\n\n<p>El popular espacio capitalino recibe una gran cantidad de visitantes para participar este s\u00e1bado en clases de fitness y funcionales, zumba, entrenamientos funcionales, carrera de relevo con conos y cross training.<\/p>\n\n\n\n<p>En la ma\u00f1ana del domingo se efectuar\u00e1n actividades de pilates, yoga y cross training.<\/p>\n\n\n\n<figure class=\"wp-block-image size-full\"><img loading=\"lazy\" decoding=\"async\" width=\"667\" height=\"1000\" src=\"https:\/\/diariodominicano.com\/wp-content\/uploads\/2024\/09\/WhatsApp-Image-2024-09-21-at-1.00.08-PM.jpeg\" alt=\"\" class=\"wp-image-560862\" srcset=\"https:\/\/diariodominicano.com\/wp-content\/uploads\/2024\/09\/WhatsApp-Image-2024-09-21-at-1.00.08-PM.jpeg 667w, https:\/\/diariodominicano.com\/wp-content\/uploads\/2024\/09\/WhatsApp-Image-2024-09-21-at-1.00.08-PM-200x300.jpeg 200w\" sizes=\"auto, (max-width: 667px) 100vw, 667px\" \/><\/figure>\n\n\n\n<p>En el Fin de Semana del Bienestar Mundial se realizan m\u00e1s de 2,000 actividades en parques y plazas de Santo Domingo, haciendo que la capital dominicana se convierta en la ciudad m\u00e1s activa ente las m\u00e1s de 2,800 urbes participantes.<\/p>\n\n\n\n<p>Carolina Mej\u00eda sigue impulsando el bienestar de los capitale\u00f1os, raz\u00f3n por la que ha apoyado sin l\u00edmites el World Wellness Weekend (WWW), alcanzando el premio que la reconoce como la alcaldesa m\u00e1s activa del mundo en materia de wellness.<\/p>\n\n\n\n<p>Tambi\u00e9n se destaca la contribuci\u00f3n para el pa\u00eds de Anice Prieto, coordinadora del World Wellness Weekend en Rep\u00fablica Dominicana; Patricia Abreu, embajadora de WWW en Santo Domingo; y Flavio Acu\u00f1a, embajador del WWW en RD.<\/p>\n\n\n\n<p>Adem\u00e1s de los beneficios para la familia capitale\u00f1a, estos reconocimientos del WWW se traducen para Rep\u00fablica Dominicana en beneficios en materia tur\u00edstica y crecimiento econ\u00f3mico.<\/p>\n\n\n\n<p><\/p>\n\n\n\n<p><strong>Direcci\u00f3n de Comunicaciones&nbsp;<\/strong>ADN<\/p>\n\n\n\n<p><strong>21 de septiembre<\/strong><\/p>\n\n\n\n<p>#World Wellness Weekend\u2003\u2003\u2003 #fin de semana del bienestar <\/p>\n","protected":false},"excerpt":{"rendered":"<p>Santo Domingo se convierte en la ciudad del bienestar durante el World Wellness Weekend Diariodominicano.com Santo Domingo, DN \u2013 El Parque Iberoam\u00e9rica recibe una gran afluencia de p\u00fablico atra\u00eddo por las actividades que se est\u00e1n desarrollando en el marco del Fin de Semana del Bienestar Mundial, destac\u00f3 el Ayuntamiento del Distrito Nacional en un comunicado [&hellip;]<\/p>\n","protected":false},"author":28,"featured_media":560856,"comment_status":"closed","ping_status":"closed","sticky":true,"template":"","format":"standard","meta":{"footnotes":""},"categories":[36,25],"tags":[],"class_list":["post-560853","post","type-post","status-publish","format-standard","has-post-thumbnail","hentry","category-hombresmujeresycosas","category-gente"],"_links":{"self":[{"href":"https:\/\/diariodominicano.com\/index.php?rest_route=\/wp\/v2\/posts\/560853","targetHints":{"allow":["GET"]}}],"collection":[{"href":"https:\/\/diariodominicano.com\/index.php?rest_route=\/wp\/v2\/posts"}],"about":[{"href":"https:\/\/diariodominicano.com\/index.php?rest_route=\/wp\/v2\/types\/post"}],"author":[{"embeddable":true,"href":"https:\/\/diariodominicano.com\/index.php?rest_route=\/wp\/v2\/users\/28"}],"replies":[{"embeddable":true,"href":"https:\/\/diariodominicano.com\/index.php?rest_route=%2Fwp%2Fv2%2Fcomments&post=560853"}],"version-history":[{"count":5,"href":"https:\/\/diariodominicano.com\/index.php?rest_route=\/wp\/v2\/posts\/560853\/revisions"}],"predecessor-version":[{"id":560863,"href":"https:\/\/diariodominicano.com\/index.php?rest_route=\/wp\/v2\/posts\/560853\/revisions\/560863"}],"wp:featuredmedia":[{"embeddable":true,"href":"https:\/\/diariodominicano.com\/index.php?rest_route=\/wp\/v2\/media\/560856"}],"wp:attachment":[{"href":"https:\/\/diariodominicano.com\/index.php?rest_route=%2Fwp%2Fv2%2Fmedia&parent=560853"}],"wp:term":[{"taxonomy":"category","embeddable":true,"href":"https:\/\/diariodominicano.com\/index.php?rest_route=%2Fwp%2Fv2%2Fcategories&post=560853"},{"taxonomy":"post_tag","embeddable":true,"href":"https:\/\/diariodominicano.com\/index.php?rest_route=%2Fwp%2Fv2%2Ftags&post=560853"}],"curies":[{"name":"wp","href":"https:\/\/api.w.org\/{rel}","templated":true}]}}