{"id":560793,"date":"2024-09-21T17:20:57","date_gmt":"2024-09-21T21:20:57","guid":{"rendered":"https:\/\/diariodominicano.com\/?p=560793"},"modified":"2024-09-21T17:40:56","modified_gmt":"2024-09-21T21:40:56","slug":"dia-nacional-de-malta-2","status":"publish","type":"post","link":"https:\/\/diariodominicano.com\/?p=560793","title":{"rendered":"D\u00eda Nacional de Malta"},"content":{"rendered":"\n<p>Archivo: Antony J. Blinken, Secretario de Estado<\/p>\n\n\n\n<p><a href=\"https:\/\/lnks.gd\/l\/eyJhbGciOiJIUzI1NiIsInR5cCI6IkpXVCJ9.eyJidWxsZXRpbl9saW5rX2lkIjoxMDEsInVyaSI6ImJwMjpjbGljayIsInVybCI6Imh0dHBzOi8vd3d3LnN0YXRlLmdvdiIsImJ1bGxldGluX2lkIjoiMjAyNDA5MjEuNzU2NzQxIn0.yrYFxsP2VxNWl3_eJgL8cfmevE3pUc0Xc5SX53qn3wo\/s\/1375542893\/br\/249538544886-l\" target=\"_blank\" rel=\"noreferrer noopener\">Hogar<\/a>\u00a0<a href=\"https:\/\/lnks.gd\/l\/eyJhbGciOiJIUzI1NiIsInR5cCI6IkpXVCJ9.eyJidWxsZXRpbl9saW5rX2lkIjoxMDIsInVyaSI6ImJwMjpjbGljayIsInVybCI6Imh0dHBzOi8vd3d3LnN0YXRlLmdvdi9idXJlYXVzLW9mZmljZXMvdW5kZXItc2VjcmV0YXJ5LWZvci1wdWJsaWMtZGlwbG9tYWN5LWFuZC1wdWJsaWMtYWZmYWlycy9idXJlYXUtb2YtZ2xvYmFsLXB1YmxpYy1hZmZhaXJzL29mZmljZS1vZi10aGUtc3Bva2VzcGVyc29uLyIsImJ1bGxldGluX2lkIjoiMjAyNDA5MjEuNzU2NzQxIn0.32QAxONxavLvZxGWjH1SXo14yfLp_yadTTAAzTS6nMI\/s\/1375542893\/br\/249538544886-l\" target=\"_blank\" rel=\"noreferrer noopener\">Oficina del Portavoz<\/a>\u00a0<a href=\"http:\/\/press-releases\/\" target=\"_blank\" rel=\"noreferrer noopener\">Comunicados de prensa<\/a><\/p>\n\n\n\n<p>21 de septiembre de 2024<\/p>\n\n\n\n<p>En nombre de los Estados Unidos de Am\u00e9rica, deseo expresar mis m\u00e1s sinceras felicitaciones al pueblo de Malta en su 60\u00ba aniversario de independencia. Estados Unidos aprecia su profunda amistad con Malta, un v\u00ednculo que ha florecido desde la fundaci\u00f3n de nuestra naci\u00f3n hace m\u00e1s de dos siglos.<\/p>\n\n\n\n<p>Felicitamos a Malta por su inquebrantable apoyo a los valores transatl\u00e1nticos y europeos. El liderazgo de Malta en el Consejo de Seguridad de las Naciones Unidas y como presidente de la Organizaci\u00f3n para la Seguridad y la Cooperaci\u00f3n en Europa ha sido ejemplar. Confiamos en que nuestra colaboraci\u00f3n se profundizar\u00e1 sobre la base de nuestra dedicaci\u00f3n compartida a apoyar los derechos humanos y promover la paz y la prosperidad, y a trav\u00e9s de los lazos interpersonales que unen a nuestras dos naciones.<\/p>\n\n\n\n<p><\/p>\n\n\n\n<p>Mis mejores deseos y felicitaciones a toda Malta en esta ocasi\u00f3n trascendental.<\/p>\n\n\n\n<p>U.S. Department of State<\/p>\n\n\n\n<p>U.S. Department of State ()<\/p>\n\n\n\n<p><a target=\"_blank\" href=\"mailto:usstatebpa@public.govdelivery.com\" rel=\"noreferrer noopener\">usstatebpa@public.govdelivery.com<\/a><\/p>\n\n\n\n<p>Comunicado de prensa <\/p>\n\n\n\n<p>21\/09\/2024 00:01 EDT<\/p>\n","protected":false},"excerpt":{"rendered":"<p>Archivo: Antony J. Blinken, Secretario de Estado Hogar\u00a0Oficina del Portavoz\u00a0Comunicados de prensa 21 de septiembre de 2024 En nombre de los Estados Unidos de Am\u00e9rica, deseo expresar mis m\u00e1s sinceras felicitaciones al pueblo de Malta en su 60\u00ba aniversario de independencia. Estados Unidos aprecia su profunda amistad con Malta, un v\u00ednculo que ha florecido desde [&hellip;]<\/p>\n","protected":false},"author":28,"featured_media":556695,"comment_status":"closed","ping_status":"closed","sticky":true,"template":"","format":"standard","meta":{"footnotes":""},"categories":[26,23],"tags":[],"class_list":["post-560793","post","type-post","status-publish","format-standard","has-post-thumbnail","hentry","category-efemerides","category-internacional"],"_links":{"self":[{"href":"https:\/\/diariodominicano.com\/index.php?rest_route=\/wp\/v2\/posts\/560793","targetHints":{"allow":["GET"]}}],"collection":[{"href":"https:\/\/diariodominicano.com\/index.php?rest_route=\/wp\/v2\/posts"}],"about":[{"href":"https:\/\/diariodominicano.com\/index.php?rest_route=\/wp\/v2\/types\/post"}],"author":[{"embeddable":true,"href":"https:\/\/diariodominicano.com\/index.php?rest_route=\/wp\/v2\/users\/28"}],"replies":[{"embeddable":true,"href":"https:\/\/diariodominicano.com\/index.php?rest_route=%2Fwp%2Fv2%2Fcomments&post=560793"}],"version-history":[{"count":2,"href":"https:\/\/diariodominicano.com\/index.php?rest_route=\/wp\/v2\/posts\/560793\/revisions"}],"predecessor-version":[{"id":560796,"href":"https:\/\/diariodominicano.com\/index.php?rest_route=\/wp\/v2\/posts\/560793\/revisions\/560796"}],"wp:featuredmedia":[{"embeddable":true,"href":"https:\/\/diariodominicano.com\/index.php?rest_route=\/wp\/v2\/media\/556695"}],"wp:attachment":[{"href":"https:\/\/diariodominicano.com\/index.php?rest_route=%2Fwp%2Fv2%2Fmedia&parent=560793"}],"wp:term":[{"taxonomy":"category","embeddable":true,"href":"https:\/\/diariodominicano.com\/index.php?rest_route=%2Fwp%2Fv2%2Fcategories&post=560793"},{"taxonomy":"post_tag","embeddable":true,"href":"https:\/\/diariodominicano.com\/index.php?rest_route=%2Fwp%2Fv2%2Ftags&post=560793"}],"curies":[{"name":"wp","href":"https:\/\/api.w.org\/{rel}","templated":true}]}}