{"id":560656,"date":"2024-09-20T22:56:30","date_gmt":"2024-09-21T02:56:30","guid":{"rendered":"https:\/\/diariodominicano.com\/?p=560656"},"modified":"2024-09-20T22:56:34","modified_gmt":"2024-09-21T02:56:34","slug":"republica-dominicana-busca-reforzar-su-transicion-energetica-con-nuevas-exigencias-de-almacenamiento-de-energia","status":"publish","type":"post","link":"https:\/\/diariodominicano.com\/?p=560656","title":{"rendered":"Rep\u00fablica Dominicana busca reforzar su transici\u00f3n energ\u00e9tica con nuevas exigencias de almacenamiento de energ\u00eda"},"content":{"rendered":"\n<p> Edward Veras <\/p>\n\n\n\n<p>CNE EDWARD ENERGYEAR 2024<\/p>\n\n\n\n<p><strong>Santo Domingo, 20-09-2024.<\/strong>&nbsp;El director ejecutivo de la Comisi\u00f3n Nacional de Energ\u00eda (CNE), Edward Veras, anunci\u00f3 durante Energyear Caribe 2024 que el directorio de la CNE aprob\u00f3 la modificaci\u00f3n de la Resoluci\u00f3n CNE-AD-0004-2023, que eleva las exigencias de almacenamiento en proyectos de energ\u00eda renovable. La nueva normativa, que ser\u00e1 emitida oficialmente tras completar pasos administrativos, requerir\u00e1 que los proyectos de m\u00e1s de 20 megavatios incluyan al menos un 50% de capacidad de almacenamiento con bater\u00edas.<\/p>\n\n\n\n<p>Veras destac\u00f3 que el almacenamiento de energ\u00eda es ahora una pol\u00edtica p\u00fablica clave, respaldada por el presidente Luis Abinader, quien considera esta medida esencial para asegurar el \u00e9xito de la transici\u00f3n energ\u00e9tica del pa\u00eds.<\/p>\n\n\n\n<p>Asimismo, la respuesta del sector privado ha sido muy positiva, y actualmente el 80% de las concesiones otorgadas ya incluyen sistemas de almacenamiento, lo que demuestra el compromiso de los desarrolladores con esta normativa. \u201cEl almacenamiento es crucial para integrar m\u00e1s energ\u00edas renovables de manera eficiente y mantener la estabilidad del sistema el\u00e9ctrico\u201d, se\u00f1al\u00f3 Veras.<\/p>\n\n\n\n<p>El director tambi\u00e9n resalt\u00f3 que en 2023 la CNE otorg\u00f3 un n\u00famero sin precedentes de concesiones para proyectos renovables, reflejando el creciente inter\u00e9s en el sector y la confianza que inversionistas locales e internacionales han depositado en el mercado dominicano. \u201cEste r\u00e9cord de concesiones no solo incrementa la capacidad de generaci\u00f3n, sino que asegura la viabilidad y seguridad de los proyectos para los inversionistas\u201d, afirm\u00f3.<\/p>\n\n\n\n<p>Veras atribuy\u00f3 estos logros a la estabilidad pol\u00edtica y econ\u00f3mica del pa\u00eds, la cual ha sido clave para atraer inversiones y generar confianza en el mercado energ\u00e9tico, especialmente en el mercado spot, considerado un entorno seguro y atractivo para los desarrolladores. \u201cNuestro mercado spot es un referente en la regi\u00f3n, permitiendo que los proyectos se financien sin necesidad de contratos PPA, algo inusual en otros mercados internacionales\u201d, explic\u00f3.<\/p>\n\n\n\n<p>El funcionario tambi\u00e9n destac\u00f3 la colaboraci\u00f3n entre los sectores p\u00fablico y privado como factores esenciales para el avance de la transici\u00f3n energ\u00e9tica. \u201cLas instituciones gubernamentales est\u00e1n alineadas y trabajando de manera coordinada para facilitar esta transici\u00f3n\u201d, a\u00f1adi\u00f3.<\/p>\n\n\n\n<p>En cuanto a los desaf\u00edos financieros, Veras se\u00f1al\u00f3 que para alcanzar la meta de un 30% de energ\u00edas renovables para 2030, se necesitar\u00e1n al menos 5,400 millones de d\u00f3lares en inversiones. Para ello, propuso la creaci\u00f3n de un pool de proyectos energ\u00e9ticos que permita captar financiamiento a mayor escala. Adem\u00e1s, subray\u00f3 la importancia de mantener un marco regulatorio claro y eficiente para continuar generando confianza entre los inversionistas.<\/p>\n\n\n\n<p>\u201cEl reto es financiero, no t\u00e9cnico. Para cumplir con nuestras metas, debemos movilizar el capital necesario, y esto solo ser\u00e1 posible con la colaboraci\u00f3n de todos los actores del sector\u201d, puntualiz\u00f3.<\/p>\n\n\n\n<p>Por \u00faltimo, Veras resalt\u00f3 que la planificaci\u00f3n energ\u00e9tica ha sido esencial para consolidar a la Rep\u00fablica Dominicana como l\u00edder en la transici\u00f3n hacia energ\u00edas renovables. \u201cNuestro plan energ\u00e9tico ha dado a los inversionistas la confianza necesaria para ver al pa\u00eds como un destino seguro para sus proyectos, lo que nos ha permitido avanzar hacia una matriz energ\u00e9tica m\u00e1s limpia y eficiente\u201d, concluy\u00f3.<\/p>\n\n\n\n<p>El director ejecutivo de la CNE se refiri\u00f3 a estos temas durante la apertura del segundo d\u00eda de Energyear Caribe, en un #OnetoOne titulado \u201cContinuando con la Planificaci\u00f3n Energ\u00e9tica: Nuevos Desaf\u00edos\u201d, moderado por Catalina Barrera, editora jefe de Review Energy.<\/p>\n\n\n\n<p><strong>Sobre Energyear Caribe 2024<\/strong><\/p>\n\n\n\n<p>Energyear Caribe es el evento cumbre del sector energ\u00e9tico en la regi\u00f3n, donde se discuten los retos y oportunidades en el \u00e1mbito de las energ\u00edas renovables, la transici\u00f3n energ\u00e9tica y las tecnolog\u00edas emergentes.<\/p>\n\n\n\n<p>Celebrado los d\u00edas 18 y 19 de septiembre en el Hotel El Embajador, este a\u00f1o el evento consolid\u00f3 su papel como plataforma clave para fomentar la colaboraci\u00f3n entre los sectores p\u00fablico y privado, atrayendo a inversionistas, desarrolladores y actores clave en el desarrollo sostenible de la energ\u00eda en el Caribe y Am\u00e9rica Latina.<\/p>\n\n\n\n<p>Arlette Polanco<\/p>\n\n\n\n<p>Arlette Polanco (De tus contactos de Google)<\/p>\n\n\n\n<p><a target=\"_blank\" href=\"mailto:apolanco@cne.gob.do\" rel=\"noreferrer noopener\">apolanco@cne.gob.do<\/a><\/p>\n\n\n\n<p>De tus contactos de Google<\/p>\n\n\n\n<p>A\u00f1adir a mis contactosAbrir vista detallada<\/p>\n\n\n\n<p>Enviar correo<\/p>\n\n\n\n<p>Enviar mensaje<\/p>\n\n\n\n<p>Iniciar videollamada<\/p>\n\n\n\n<p>Programar evento<\/p>\n","protected":false},"excerpt":{"rendered":"<p>Edward Veras CNE EDWARD ENERGYEAR 2024 Santo Domingo, 20-09-2024.&nbsp;El director ejecutivo de la Comisi\u00f3n Nacional de Energ\u00eda (CNE), Edward Veras, anunci\u00f3 durante Energyear Caribe 2024 que el directorio de la CNE aprob\u00f3 la modificaci\u00f3n de la Resoluci\u00f3n CNE-AD-0004-2023, que eleva las exigencias de almacenamiento en proyectos de energ\u00eda renovable. La nueva normativa, que ser\u00e1 emitida [&hellip;]<\/p>\n","protected":false},"author":28,"featured_media":560657,"comment_status":"closed","ping_status":"closed","sticky":true,"template":"","format":"standard","meta":{"footnotes":""},"categories":[36,18],"tags":[],"class_list":["post-560656","post","type-post","status-publish","format-standard","has-post-thumbnail","hentry","category-hombresmujeresycosas","category-economia"],"_links":{"self":[{"href":"https:\/\/diariodominicano.com\/index.php?rest_route=\/wp\/v2\/posts\/560656","targetHints":{"allow":["GET"]}}],"collection":[{"href":"https:\/\/diariodominicano.com\/index.php?rest_route=\/wp\/v2\/posts"}],"about":[{"href":"https:\/\/diariodominicano.com\/index.php?rest_route=\/wp\/v2\/types\/post"}],"author":[{"embeddable":true,"href":"https:\/\/diariodominicano.com\/index.php?rest_route=\/wp\/v2\/users\/28"}],"replies":[{"embeddable":true,"href":"https:\/\/diariodominicano.com\/index.php?rest_route=%2Fwp%2Fv2%2Fcomments&post=560656"}],"version-history":[{"count":1,"href":"https:\/\/diariodominicano.com\/index.php?rest_route=\/wp\/v2\/posts\/560656\/revisions"}],"predecessor-version":[{"id":560658,"href":"https:\/\/diariodominicano.com\/index.php?rest_route=\/wp\/v2\/posts\/560656\/revisions\/560658"}],"wp:featuredmedia":[{"embeddable":true,"href":"https:\/\/diariodominicano.com\/index.php?rest_route=\/wp\/v2\/media\/560657"}],"wp:attachment":[{"href":"https:\/\/diariodominicano.com\/index.php?rest_route=%2Fwp%2Fv2%2Fmedia&parent=560656"}],"wp:term":[{"taxonomy":"category","embeddable":true,"href":"https:\/\/diariodominicano.com\/index.php?rest_route=%2Fwp%2Fv2%2Fcategories&post=560656"},{"taxonomy":"post_tag","embeddable":true,"href":"https:\/\/diariodominicano.com\/index.php?rest_route=%2Fwp%2Fv2%2Ftags&post=560656"}],"curies":[{"name":"wp","href":"https:\/\/api.w.org\/{rel}","templated":true}]}}