{"id":560640,"date":"2024-09-20T22:32:59","date_gmt":"2024-09-21T02:32:59","guid":{"rendered":"https:\/\/diariodominicano.com\/?p=560640"},"modified":"2024-09-20T22:35:03","modified_gmt":"2024-09-21T02:35:03","slug":"kenneth-castillo-llevara-la-bandera-dominicana-a-tailandia-en-el-mister-global-2024","status":"publish","type":"post","link":"https:\/\/diariodominicano.com\/?p=560640","title":{"rendered":"Kenneth Castillo llevar\u00e1 la bandera dominicana a Tailandia en el \u201cM\u00edster Global 2024\u2019\u2019"},"content":{"rendered":"\n<p>El actor y&nbsp;<strong>modelo<\/strong>&nbsp;dominicano residente en la ciudad de Nueva York, se prepara para representar la Rep\u00fablica Dominicana en Tailandia.<\/p>\n\n\n\n<figure class=\"wp-block-image size-large\"><img loading=\"lazy\" decoding=\"async\" width=\"768\" height=\"1024\" src=\"https:\/\/diariodominicano.com\/wp-content\/uploads\/2024\/09\/IMG_4055-768x1024.jpeg\" alt=\"\" class=\"wp-image-560643\" srcset=\"https:\/\/diariodominicano.com\/wp-content\/uploads\/2024\/09\/IMG_4055-768x1024.jpeg 768w, https:\/\/diariodominicano.com\/wp-content\/uploads\/2024\/09\/IMG_4055-225x300.jpeg 225w, https:\/\/diariodominicano.com\/wp-content\/uploads\/2024\/09\/IMG_4055-1152x1536.jpeg 1152w, https:\/\/diariodominicano.com\/wp-content\/uploads\/2024\/09\/IMG_4055-1536x2048.jpeg 1536w, https:\/\/diariodominicano.com\/wp-content\/uploads\/2024\/09\/IMG_4055-816x1088.jpeg 816w, https:\/\/diariodominicano.com\/wp-content\/uploads\/2024\/09\/IMG_4055-scaled.jpeg 1920w\" sizes=\"auto, (max-width: 768px) 100vw, 768px\" \/><\/figure>\n\n\n\n<p>&nbsp;<strong>Kenneth Castillo<\/strong> es oriundo de \u00abLa ciudad de la eterna primavera\u00bb, Jarabacoa, tiene m\u00e1s de 10 a\u00f1os residiendo en el Bronx, llevando sus ra\u00edces dominicanas en la sangre, por lo que siempre est\u00e1 conectado con el pa\u00eds, raz\u00f3n por la cual la organizaci\u00f3n dominicana internacional dirigida por Anthony Santana lo ha selecciona para representar la naci\u00f3n en el certamen de belleza <strong>M\u00edster Global 2024,<\/strong> a celebrarse el pr\u00f3ximo 6 de octubre en el sudeste asi\u00e1tico. Cabe destacar que en el a\u00f1o 2022 Kenneth se llev\u00f3 el t\u00edtulo de <strong>M\u00edster Man Of The World<\/strong>.<\/p>\n\n\n\n<p>&nbsp;Desde muy peque\u00f1o mostr\u00f3 inquietudes para el arte, sinti\u00e9ndose principalmente atra\u00eddo por la actuaci\u00f3n y la televisi\u00f3n. Hoy ve materializados partes de sus sue\u00f1os al conseguir este segundo t\u00edtulo, lo que, combinado con la preparaci\u00f3n y el talento que posee, le han abierto las puertas para participar en cortometrajes, shows de televisi\u00f3n y musicales.<\/p>\n\n\n\n<figure class=\"wp-block-image size-large\"><img loading=\"lazy\" decoding=\"async\" width=\"753\" height=\"1024\" src=\"https:\/\/diariodominicano.com\/wp-content\/uploads\/2024\/09\/thumbnail_IMG_4724-753x1024.jpg\" alt=\"\" class=\"wp-image-560645\" srcset=\"https:\/\/diariodominicano.com\/wp-content\/uploads\/2024\/09\/thumbnail_IMG_4724-753x1024.jpg 753w, https:\/\/diariodominicano.com\/wp-content\/uploads\/2024\/09\/thumbnail_IMG_4724-221x300.jpg 221w, https:\/\/diariodominicano.com\/wp-content\/uploads\/2024\/09\/thumbnail_IMG_4724-768x1044.jpg 768w, https:\/\/diariodominicano.com\/wp-content\/uploads\/2024\/09\/thumbnail_IMG_4724-1130x1536.jpg 1130w, https:\/\/diariodominicano.com\/wp-content\/uploads\/2024\/09\/thumbnail_IMG_4724-1507x2048.jpg 1507w, https:\/\/diariodominicano.com\/wp-content\/uploads\/2024\/09\/thumbnail_IMG_4724-816x1109.jpg 816w, https:\/\/diariodominicano.com\/wp-content\/uploads\/2024\/09\/thumbnail_IMG_4724-scaled.jpg 1883w\" sizes=\"auto, (max-width: 753px) 100vw, 753px\" \/><\/figure>\n\n\n\n<p><strong>Kenneth Castillo es un <\/strong>joven humilde y lleno de valores, es un ejemplo para la juventud de Rep\u00fablica Dominicana, que exhorta a los j\u00f3venes perseguir sus sue\u00f1os y prepararse ya que la vida est\u00e1 llena de oportunidades.<\/p>\n\n\n\n<figure class=\"wp-block-image size-large\"><img loading=\"lazy\" decoding=\"async\" width=\"768\" height=\"1024\" src=\"https:\/\/diariodominicano.com\/wp-content\/uploads\/2024\/09\/IMG_4568-768x1024.jpeg\" alt=\"\" class=\"wp-image-560646\" srcset=\"https:\/\/diariodominicano.com\/wp-content\/uploads\/2024\/09\/IMG_4568-768x1023.jpeg 768w, https:\/\/diariodominicano.com\/wp-content\/uploads\/2024\/09\/IMG_4568-225x300.jpeg 225w, https:\/\/diariodominicano.com\/wp-content\/uploads\/2024\/09\/IMG_4568-1153x1536.jpeg 1153w, https:\/\/diariodominicano.com\/wp-content\/uploads\/2024\/09\/IMG_4568-1537x2048.jpeg 1537w, https:\/\/diariodominicano.com\/wp-content\/uploads\/2024\/09\/IMG_4568-816x1087.jpeg 816w, https:\/\/diariodominicano.com\/wp-content\/uploads\/2024\/09\/IMG_4568-scaled.jpeg 1921w\" sizes=\"auto, (max-width: 768px) 100vw, 768px\" \/><\/figure>\n\n\n\n<p>Una de sus metas es ser una reconocida figura en el mundo del entretenimiento, del modelaje y ser imagen de grandes marcas fuera y dentro de la Rep\u00fablica Dominicana.<\/p>\n\n\n\n<p>Expres\u00f3 su deseo de participar en alguna pel\u00edcula dominicana, ya que es un seguidor de las producciones cinematogr\u00e1ficas que se realizan en el pa\u00eds.<\/p>\n\n\n\n<p>Alexander Mart\u00ednez Bonilla<\/p>\n\n\n\n<p>Alexander Mart\u00ednez Bonilla (De tus contactos de Google)<\/p>\n\n\n\n<p><a target=\"_blank\" href=\"mailto:alexandermartinez05@hotmail.com\" rel=\"noreferrer noopener\">alexandermartinez05@hotmail.com<\/a><\/p>\n\n\n\n<p>De tus contactos de Google<\/p>\n\n\n\n<p>A\u00f1adir a mis contactosAbrir vista detallada<\/p>\n\n\n\n<p>Enviar correo<\/p>\n\n\n\n<p>Enviar mensaje<\/p>\n\n\n\n<p>Iniciar videollamada<\/p>\n\n\n\n<p>Programar evento<\/p>\n\n\n\n<p>Alexander Mart\u00ednez Bonilla (De tus contactos de Google)<\/p>\n","protected":false},"excerpt":{"rendered":"<p>El actor y&nbsp;modelo&nbsp;dominicano residente en la ciudad de Nueva York, se prepara para representar la Rep\u00fablica Dominicana en Tailandia. &nbsp;Kenneth Castillo es oriundo de \u00abLa ciudad de la eterna primavera\u00bb, Jarabacoa, tiene m\u00e1s de 10 a\u00f1os residiendo en el Bronx, llevando sus ra\u00edces dominicanas en la sangre, por lo que siempre est\u00e1 conectado con el [&hellip;]<\/p>\n","protected":false},"author":28,"featured_media":560641,"comment_status":"closed","ping_status":"closed","sticky":true,"template":"","format":"standard","meta":{"footnotes":""},"categories":[36,25,27],"tags":[],"class_list":["post-560640","post","type-post","status-publish","format-standard","has-post-thumbnail","hentry","category-hombresmujeresycosas","category-gente","category-portada"],"_links":{"self":[{"href":"https:\/\/diariodominicano.com\/index.php?rest_route=\/wp\/v2\/posts\/560640","targetHints":{"allow":["GET"]}}],"collection":[{"href":"https:\/\/diariodominicano.com\/index.php?rest_route=\/wp\/v2\/posts"}],"about":[{"href":"https:\/\/diariodominicano.com\/index.php?rest_route=\/wp\/v2\/types\/post"}],"author":[{"embeddable":true,"href":"https:\/\/diariodominicano.com\/index.php?rest_route=\/wp\/v2\/users\/28"}],"replies":[{"embeddable":true,"href":"https:\/\/diariodominicano.com\/index.php?rest_route=%2Fwp%2Fv2%2Fcomments&post=560640"}],"version-history":[{"count":3,"href":"https:\/\/diariodominicano.com\/index.php?rest_route=\/wp\/v2\/posts\/560640\/revisions"}],"predecessor-version":[{"id":560648,"href":"https:\/\/diariodominicano.com\/index.php?rest_route=\/wp\/v2\/posts\/560640\/revisions\/560648"}],"wp:featuredmedia":[{"embeddable":true,"href":"https:\/\/diariodominicano.com\/index.php?rest_route=\/wp\/v2\/media\/560641"}],"wp:attachment":[{"href":"https:\/\/diariodominicano.com\/index.php?rest_route=%2Fwp%2Fv2%2Fmedia&parent=560640"}],"wp:term":[{"taxonomy":"category","embeddable":true,"href":"https:\/\/diariodominicano.com\/index.php?rest_route=%2Fwp%2Fv2%2Fcategories&post=560640"},{"taxonomy":"post_tag","embeddable":true,"href":"https:\/\/diariodominicano.com\/index.php?rest_route=%2Fwp%2Fv2%2Ftags&post=560640"}],"curies":[{"name":"wp","href":"https:\/\/api.w.org\/{rel}","templated":true}]}}