{"id":560619,"date":"2024-09-20T18:51:45","date_gmt":"2024-09-20T22:51:45","guid":{"rendered":"https:\/\/diariodominicano.com\/?p=560619"},"modified":"2024-09-20T18:51:48","modified_gmt":"2024-09-20T22:51:48","slug":"proedemaren-logra-envio-a-juicio-de-hombre-por-cortar-y-aserrar-arboles-la-reserva-cientifica-ebano-verde","status":"publish","type":"post","link":"https:\/\/diariodominicano.com\/?p=560619","title":{"rendered":"Proedemaren logra env\u00edo a juicio de hombre por cortar y aserrar \u00e1rboles la Reserva Cient\u00edfica \u00c9bano Verde"},"content":{"rendered":"\n<p><strong>SANTO DOMINGO (Rep\u00fablica Dominicana).-<\/strong>&nbsp;Acogiendo la solicitud de la Procuradur\u00eda Especializada para la Defensa del Medio Ambiente y los Recursos Naturales (Proedemaren), el juez de instrucci\u00f3n del Distrito Judicial de San Jos\u00e9 de Ocoa, quien le dict\u00f3 auto de apertura de juicio en contra de un hombre acusado de cortar y aserrar los \u00e1rboles en el \u00e1rea de Rancho Arriba, dentro del \u00e1mbito de la Reserva Cient\u00edfica \u00c9bano Verde.<\/p>\n\n\n\n<p>El Ministerio P\u00fablico, representado por el procurador adscrito a la Proedemaren, Rigoberto Santana del Rosario, logr\u00f3 el env\u00edo a juicio de V\u00edctor Dar\u00edo Lachapelle Lluberes, a quien acusa de corte, destrucci\u00f3n, aserr\u00edo y transporte de \u00e1rboles, hechos por los que fue arrestado el 17 de septiembre del presente a\u00f1o.<\/p>\n\n\n\n<p>La Reserva Cient\u00edfica \u00c9bano Verde es un \u00e1rea enclavada entre los l\u00edmites de Constanza, Bonao y Rancho Arriba, su extensi\u00f3n territorial de 23.1 kil\u00f3metros cuadrados es especialmente importante por su riqueza h\u00eddrica, caracterizada por el nacimiento de los r\u00edos Cam\u00fa, Jatubey, La Palma, El Arroyazo, Masipedro, La Sal, y el Jayaco.<\/p>\n\n\n\n<p>Esta reserva se encuentra dentro de las \u00e1reas protegidas en la Rep\u00fablica Dominicana debido a&nbsp; la gran variedad que posee en su flora y fauna.<\/p>\n\n\n\n<p>Las acciones cometidas por el acusado constituyen una violaci\u00f3n a la Ley General 64-00, sobre el Medio Ambiente y los Recursos Naturales de Rep\u00fablica Dominicana. Tambi\u00e9n por la Ley Sectorial de \u00c1reas Protegidas, numerada 202 de 2004.<\/p>\n\n\n\n<p><strong>Direcci\u00f3n General de Comunicaci\u00f3n, Prensa, y RRPP<\/strong><strong><\/strong><\/p>\n\n\n\n<p>Ministerio P\u00fablico.&nbsp;R.D.<\/p>\n","protected":false},"excerpt":{"rendered":"<p>SANTO DOMINGO (Rep\u00fablica Dominicana).-&nbsp;Acogiendo la solicitud de la Procuradur\u00eda Especializada para la Defensa del Medio Ambiente y los Recursos Naturales (Proedemaren), el juez de instrucci\u00f3n del Distrito Judicial de San Jos\u00e9 de Ocoa, quien le dict\u00f3 auto de apertura de juicio en contra de un hombre acusado de cortar y aserrar los \u00e1rboles en el [&hellip;]<\/p>\n","protected":false},"author":7,"featured_media":495896,"comment_status":"closed","ping_status":"closed","sticky":false,"template":"","format":"standard","meta":{"footnotes":""},"categories":[24],"tags":[],"class_list":["post-560619","post","type-post","status-publish","format-standard","has-post-thumbnail","hentry","category-justicia-y-derecho"],"_links":{"self":[{"href":"https:\/\/diariodominicano.com\/index.php?rest_route=\/wp\/v2\/posts\/560619","targetHints":{"allow":["GET"]}}],"collection":[{"href":"https:\/\/diariodominicano.com\/index.php?rest_route=\/wp\/v2\/posts"}],"about":[{"href":"https:\/\/diariodominicano.com\/index.php?rest_route=\/wp\/v2\/types\/post"}],"author":[{"embeddable":true,"href":"https:\/\/diariodominicano.com\/index.php?rest_route=\/wp\/v2\/users\/7"}],"replies":[{"embeddable":true,"href":"https:\/\/diariodominicano.com\/index.php?rest_route=%2Fwp%2Fv2%2Fcomments&post=560619"}],"version-history":[{"count":1,"href":"https:\/\/diariodominicano.com\/index.php?rest_route=\/wp\/v2\/posts\/560619\/revisions"}],"predecessor-version":[{"id":560625,"href":"https:\/\/diariodominicano.com\/index.php?rest_route=\/wp\/v2\/posts\/560619\/revisions\/560625"}],"wp:featuredmedia":[{"embeddable":true,"href":"https:\/\/diariodominicano.com\/index.php?rest_route=\/wp\/v2\/media\/495896"}],"wp:attachment":[{"href":"https:\/\/diariodominicano.com\/index.php?rest_route=%2Fwp%2Fv2%2Fmedia&parent=560619"}],"wp:term":[{"taxonomy":"category","embeddable":true,"href":"https:\/\/diariodominicano.com\/index.php?rest_route=%2Fwp%2Fv2%2Fcategories&post=560619"},{"taxonomy":"post_tag","embeddable":true,"href":"https:\/\/diariodominicano.com\/index.php?rest_route=%2Fwp%2Fv2%2Ftags&post=560619"}],"curies":[{"name":"wp","href":"https:\/\/api.w.org\/{rel}","templated":true}]}}