{"id":560618,"date":"2024-09-20T18:43:14","date_gmt":"2024-09-20T22:43:14","guid":{"rendered":"https:\/\/diariodominicano.com\/?p=560618"},"modified":"2024-09-20T18:43:16","modified_gmt":"2024-09-20T22:43:16","slug":"habilitan-juzgados-de-paz-en-santo-domingo-oeste-para-transito-y-asuntos-municipales","status":"publish","type":"post","link":"https:\/\/diariodominicano.com\/?p=560618","title":{"rendered":"Habilitan Juzgados de Paz en Santo Domingo Oeste para tr\u00e1nsito y asuntos municipales"},"content":{"rendered":"\n<p><em><u>Ministerio P\u00fablico logra imposici\u00f3n de medida de coerci\u00f3n contra imputado del primer caso municipal conocido en esa jurisdicci\u00f3n<\/u><\/em><\/p>\n\n\n\n<p><strong>Santo Domingo Oeste (R.D.) viernes, 20 de septiembre de 2024.<\/strong>&nbsp;La Fiscal\u00eda de Santo Domingo Oeste inici\u00f3 el conocimiento de los casos municipales, como accidentes de tr\u00e1nsito, conflictos entre vecinos y otros, ocurridos en esta demarcaci\u00f3n, en los Juzgados de Paz de esta jurisdicci\u00f3n.<\/p>\n\n\n\n<p>Para estos fines, fueron designados los magistrados Cecilia Toribio Melo y Reye Rodr\u00edguez, como jueces de paz para atender estos asuntos en esta demarcaci\u00f3n territorial.<\/p>\n\n\n\n<p>La decisi\u00f3n del Poder Judicial se hizo efectiva a partir del d\u00eda 2 de septiembre del a\u00f1o en curso, v\u00eda resoluci\u00f3n, esta iniciativa anteriormente hab\u00eda sido un reclamo de la Fiscal\u00eda de Santo Domingo Oeste, con el fin de que los ciudadanos no tengan que trasladarse de este municipio hasta Santo Domingo Norte para tratar los casos que le competen en materia municipal y de tr\u00e1nsito.<\/p>\n\n\n\n<p>Representantes del Ministerio P\u00fablico en Santo Domingo Oeste advirtieron que previo a la decisi\u00f3n del Poder Judicial los ciudadanos abandonaban los casos para no tener que trasladarse hasta Villa Mella.<\/p>\n\n\n\n<p><strong>Conocen primer caso<\/strong><\/p>\n\n\n\n<p>La Fiscal\u00eda de Santo Domingo Oeste logr\u00f3 la imposici\u00f3n de tres meses de prisi\u00f3n preventiva, como medida de coerci\u00f3n, contra el ciudadano Lovensley Lazar, imputado de dar muerte a la se\u00f1ora Ruth P\u00e9rez D\u00edaz Heureaux, el pasado 30 de agosto del a\u00f1o en curso, en el sector Hato Nuevo.<\/p>\n\n\n\n<p>Seg\u00fan el documento de solicitud, depositada por el Ministerio P\u00fablico, D\u00edaz Heureaux muri\u00f3 mientras recib\u00eda atenciones m\u00e9dicas luego de ser atropellada por Lazar, quien conduc\u00eda una motocicleta marca AVA GG 150, color negro, sin placa, sin seguro y sin licencia de conducir.<\/p>\n\n\n\n<p>El imputado deber\u00e1 cumplir la medida de coerci\u00f3n en el Centro de Correcci\u00f3n y Rehabilitaci\u00f3n Najayo Hombres, en la provincial San Crist\u00f3bal.<\/p>\n\n\n\n<p>El Ministerio P\u00fablico, representado por el fiscalizador, Sandy Santa, dio al caso la calificaci\u00f3n jur\u00eddica de violaci\u00f3n a los art\u00edculos 217, 220, 299, 303, 303-3, 303-5 y 304-2, de la Ley 63-17, sobre Movilidad, Transporte, Tr\u00e1nsito y Seguridad Vial de la Rep\u00fablica Dominicana.<\/p>\n","protected":false},"excerpt":{"rendered":"<p>Ministerio P\u00fablico logra imposici\u00f3n de medida de coerci\u00f3n contra imputado del primer caso municipal conocido en esa jurisdicci\u00f3n Santo Domingo Oeste (R.D.) viernes, 20 de septiembre de 2024.&nbsp;La Fiscal\u00eda de Santo Domingo Oeste inici\u00f3 el conocimiento de los casos municipales, como accidentes de tr\u00e1nsito, conflictos entre vecinos y otros, ocurridos en esta demarcaci\u00f3n, en los [&hellip;]<\/p>\n","protected":false},"author":7,"featured_media":495896,"comment_status":"closed","ping_status":"closed","sticky":false,"template":"","format":"standard","meta":{"footnotes":""},"categories":[24],"tags":[],"class_list":["post-560618","post","type-post","status-publish","format-standard","has-post-thumbnail","hentry","category-justicia-y-derecho"],"_links":{"self":[{"href":"https:\/\/diariodominicano.com\/index.php?rest_route=\/wp\/v2\/posts\/560618","targetHints":{"allow":["GET"]}}],"collection":[{"href":"https:\/\/diariodominicano.com\/index.php?rest_route=\/wp\/v2\/posts"}],"about":[{"href":"https:\/\/diariodominicano.com\/index.php?rest_route=\/wp\/v2\/types\/post"}],"author":[{"embeddable":true,"href":"https:\/\/diariodominicano.com\/index.php?rest_route=\/wp\/v2\/users\/7"}],"replies":[{"embeddable":true,"href":"https:\/\/diariodominicano.com\/index.php?rest_route=%2Fwp%2Fv2%2Fcomments&post=560618"}],"version-history":[{"count":1,"href":"https:\/\/diariodominicano.com\/index.php?rest_route=\/wp\/v2\/posts\/560618\/revisions"}],"predecessor-version":[{"id":560624,"href":"https:\/\/diariodominicano.com\/index.php?rest_route=\/wp\/v2\/posts\/560618\/revisions\/560624"}],"wp:featuredmedia":[{"embeddable":true,"href":"https:\/\/diariodominicano.com\/index.php?rest_route=\/wp\/v2\/media\/495896"}],"wp:attachment":[{"href":"https:\/\/diariodominicano.com\/index.php?rest_route=%2Fwp%2Fv2%2Fmedia&parent=560618"}],"wp:term":[{"taxonomy":"category","embeddable":true,"href":"https:\/\/diariodominicano.com\/index.php?rest_route=%2Fwp%2Fv2%2Fcategories&post=560618"},{"taxonomy":"post_tag","embeddable":true,"href":"https:\/\/diariodominicano.com\/index.php?rest_route=%2Fwp%2Fv2%2Ftags&post=560618"}],"curies":[{"name":"wp","href":"https:\/\/api.w.org\/{rel}","templated":true}]}}