{"id":560560,"date":"2024-09-20T18:30:57","date_gmt":"2024-09-20T22:30:57","guid":{"rendered":"https:\/\/diariodominicano.com\/?p=560560"},"modified":"2024-09-20T18:31:00","modified_gmt":"2024-09-20T22:31:00","slug":"con-reforma-fiscal-gobierno-metera-la-mano-en-los-bolsillos-a-los-ciudadanos","status":"publish","type":"post","link":"https:\/\/diariodominicano.com\/?p=560560","title":{"rendered":"Con reforma fiscal Gobierno meter\u00e1 la mano en los bolsillos a los ciudadanos"},"content":{"rendered":"\n<p><em>Presupuesto 2025 est\u00e1 sustentado en la reforma fiscal, que pretende imponer el Gobierno, advierte Gustavo S\u00e1nchez, vocero de los &nbsp;diputado (as) del PLD<\/em><\/p>\n\n\n\n<p><strong>El vocero del bloque de diputados del Partido de la Liberaci\u00f3n Dominicana, Gustavo S\u00e1nchez<\/strong>, dijo que el Presupuesto General del 2025 de la Rep\u00fablica de un bill\u00f3n 484 mil millones de pesos, presentado por el presidente Luis Abinader en el Consejo de Ministros est\u00e1 sustentado en la reforma fiscal, que pretende imponer el Gobierno.<\/p>\n\n\n\n<p>Igualmente, S\u00e1nchez sostuvo que el Presupuesto Nacional del pr\u00f3ximo a\u00f1o estar\u00e1 sustentado en m\u00e1s de un 25% en financiamiento.<\/p>\n\n\n\n<p>El tambi\u00e9n miembro del Comit\u00e9 Pol\u00edtico del Partido de la Liberaci\u00f3n Dominicana dijo que el gobierno va a meterle la mano en los bolsillos a la gente para sacarle m\u00e1s dinero con la reforma fiscal que pretende realizar.<\/p>\n\n\n\n<p>\u201cLos impuestos pudieran ser saludables si los mismos fueran justificados en una eficiencia de los servicios e inversi\u00f3n p\u00fablica, pero ha sido todo lo contrario\u201d, declar\u00f3 el legislador.<\/p>\n\n\n\n<p>Agreg\u00f3 que lo que se ha visto en estos cuatro a\u00f1os es el colapso de la mayor\u00eda de los servicios p\u00fablicos como el sector el\u00e9ctrico, salud, educaci\u00f3n, seguridad social y agua potable, entre otros.<\/p>\n\n\n\n<p>Argument\u00f3 que nadie puede justificar que con el presupuesto que ha manejado este gobierno, de m\u00e1s de cuatro billones de pesos, no se ha hecho obra alguna, que no haya sido una continuaci\u00f3n de las del ex presidente Danilo Medina.<\/p>\n\n\n\n<p><strong>SECRETARIA DE COMUNICACIONES<\/strong><\/p>\n","protected":false},"excerpt":{"rendered":"<p>Presupuesto 2025 est\u00e1 sustentado en la reforma fiscal, que pretende imponer el Gobierno, advierte Gustavo S\u00e1nchez, vocero de los &nbsp;diputado (as) del PLD El vocero del bloque de diputados del Partido de la Liberaci\u00f3n Dominicana, Gustavo S\u00e1nchez, dijo que el Presupuesto General del 2025 de la Rep\u00fablica de un bill\u00f3n 484 mil millones de pesos, [&hellip;]<\/p>\n","protected":false},"author":7,"featured_media":560611,"comment_status":"closed","ping_status":"closed","sticky":false,"template":"","format":"standard","meta":{"footnotes":""},"categories":[18],"tags":[],"class_list":["post-560560","post","type-post","status-publish","format-standard","has-post-thumbnail","hentry","category-economia"],"_links":{"self":[{"href":"https:\/\/diariodominicano.com\/index.php?rest_route=\/wp\/v2\/posts\/560560","targetHints":{"allow":["GET"]}}],"collection":[{"href":"https:\/\/diariodominicano.com\/index.php?rest_route=\/wp\/v2\/posts"}],"about":[{"href":"https:\/\/diariodominicano.com\/index.php?rest_route=\/wp\/v2\/types\/post"}],"author":[{"embeddable":true,"href":"https:\/\/diariodominicano.com\/index.php?rest_route=\/wp\/v2\/users\/7"}],"replies":[{"embeddable":true,"href":"https:\/\/diariodominicano.com\/index.php?rest_route=%2Fwp%2Fv2%2Fcomments&post=560560"}],"version-history":[{"count":1,"href":"https:\/\/diariodominicano.com\/index.php?rest_route=\/wp\/v2\/posts\/560560\/revisions"}],"predecessor-version":[{"id":560612,"href":"https:\/\/diariodominicano.com\/index.php?rest_route=\/wp\/v2\/posts\/560560\/revisions\/560612"}],"wp:featuredmedia":[{"embeddable":true,"href":"https:\/\/diariodominicano.com\/index.php?rest_route=\/wp\/v2\/media\/560611"}],"wp:attachment":[{"href":"https:\/\/diariodominicano.com\/index.php?rest_route=%2Fwp%2Fv2%2Fmedia&parent=560560"}],"wp:term":[{"taxonomy":"category","embeddable":true,"href":"https:\/\/diariodominicano.com\/index.php?rest_route=%2Fwp%2Fv2%2Fcategories&post=560560"},{"taxonomy":"post_tag","embeddable":true,"href":"https:\/\/diariodominicano.com\/index.php?rest_route=%2Fwp%2Fv2%2Ftags&post=560560"}],"curies":[{"name":"wp","href":"https:\/\/api.w.org\/{rel}","templated":true}]}}