{"id":560558,"date":"2024-09-20T17:31:43","date_gmt":"2024-09-20T21:31:43","guid":{"rendered":"https:\/\/diariodominicano.com\/?p=560558"},"modified":"2024-09-20T17:31:45","modified_gmt":"2024-09-20T21:31:45","slug":"condena-de-15-anos-de-prision-para-hombre-que-violo-sexualmente-a-un-adolescente-en-samana","status":"publish","type":"post","link":"https:\/\/diariodominicano.com\/?p=560558","title":{"rendered":"Condena de 15 a\u00f1os de prisi\u00f3n para hombre que viol\u00f3 sexualmente a un adolescente en Saman\u00e1"},"content":{"rendered":"\n<p><strong>Saman\u00e1 (RD), viernes, 20 de septiembre de 2024.<\/strong>&nbsp;La Fiscal\u00eda de Saman\u00e1 obtuvo una sentencia condenatoria de 15 a\u00f1os de prisi\u00f3n en contra de un hombre que fue hallado culpable de violar sexualmente a un adolescente en el a\u00f1o 2020.<\/p>\n\n\n\n<p>El Tribunal Colegiado de Saman\u00e1 dict\u00f3 la sentencia condenatoria en contra del acusado Anselmo Medina Javier (Blanquito) por el hecho cometido en perjuicio del adolescente, cuyo nombre se omite para proteger su identidad.<\/p>\n\n\n\n<p>Con relaci\u00f3n a los hechos, el Ministerio P\u00fablico hizo constar en el expediente acusatorio que, en horas de la ma\u00f1ana del 20 de mayo de 2024, el acusado Medina Javier se llev\u00f3 al adolescente a una finca en esta localidad con el pretexto de que le ayudara a tumbar cocos de agua, y, una vez en el lugar, lo viol\u00f3 sexualmente.<\/p>\n\n\n\n<p>El expediente establece que el acusado cometi\u00f3 la acci\u00f3n luego de amenazar al adolescente, quien al momento en que ocurrieron los hechos ten\u00eda 15 a\u00f1os de edad. Se\u00f1ala que el procesado llevaba a la v\u00edctima frecuentemente al indicado lugar.<\/p>\n\n\n\n<p>La fiscal Porfiria Calca\u00f1o estuvo a cargo de la investigaci\u00f3n, durante la cual se obtuvieron diferentes pruebas con las que los fiscales litigantes Daniel Rijo y Natanael Fr\u00edas demostraron la acusaci\u00f3n, logrando la imposici\u00f3n de la condena por los jueces&nbsp; Edward Jos\u00e9 Soto Soto, Martha Mireya Indira Javier Cedano y Ruth Esther Garcia Cruz.<\/p>\n\n\n\n<p>Medina Javier cumplir\u00e1 la condena en la c\u00e1rcel p\u00fablica de Saman\u00e1.<\/p>\n","protected":false},"excerpt":{"rendered":"<p>Saman\u00e1 (RD), viernes, 20 de septiembre de 2024.&nbsp;La Fiscal\u00eda de Saman\u00e1 obtuvo una sentencia condenatoria de 15 a\u00f1os de prisi\u00f3n en contra de un hombre que fue hallado culpable de violar sexualmente a un adolescente en el a\u00f1o 2020. El Tribunal Colegiado de Saman\u00e1 dict\u00f3 la sentencia condenatoria en contra del acusado Anselmo Medina Javier [&hellip;]<\/p>\n","protected":false},"author":7,"featured_media":522732,"comment_status":"closed","ping_status":"closed","sticky":false,"template":"","format":"standard","meta":{"footnotes":""},"categories":[24],"tags":[],"class_list":["post-560558","post","type-post","status-publish","format-standard","has-post-thumbnail","hentry","category-justicia-y-derecho"],"_links":{"self":[{"href":"https:\/\/diariodominicano.com\/index.php?rest_route=\/wp\/v2\/posts\/560558","targetHints":{"allow":["GET"]}}],"collection":[{"href":"https:\/\/diariodominicano.com\/index.php?rest_route=\/wp\/v2\/posts"}],"about":[{"href":"https:\/\/diariodominicano.com\/index.php?rest_route=\/wp\/v2\/types\/post"}],"author":[{"embeddable":true,"href":"https:\/\/diariodominicano.com\/index.php?rest_route=\/wp\/v2\/users\/7"}],"replies":[{"embeddable":true,"href":"https:\/\/diariodominicano.com\/index.php?rest_route=%2Fwp%2Fv2%2Fcomments&post=560558"}],"version-history":[{"count":1,"href":"https:\/\/diariodominicano.com\/index.php?rest_route=\/wp\/v2\/posts\/560558\/revisions"}],"predecessor-version":[{"id":560606,"href":"https:\/\/diariodominicano.com\/index.php?rest_route=\/wp\/v2\/posts\/560558\/revisions\/560606"}],"wp:featuredmedia":[{"embeddable":true,"href":"https:\/\/diariodominicano.com\/index.php?rest_route=\/wp\/v2\/media\/522732"}],"wp:attachment":[{"href":"https:\/\/diariodominicano.com\/index.php?rest_route=%2Fwp%2Fv2%2Fmedia&parent=560558"}],"wp:term":[{"taxonomy":"category","embeddable":true,"href":"https:\/\/diariodominicano.com\/index.php?rest_route=%2Fwp%2Fv2%2Fcategories&post=560558"},{"taxonomy":"post_tag","embeddable":true,"href":"https:\/\/diariodominicano.com\/index.php?rest_route=%2Fwp%2Fv2%2Ftags&post=560558"}],"curies":[{"name":"wp","href":"https:\/\/api.w.org\/{rel}","templated":true}]}}