{"id":560505,"date":"2024-09-20T13:22:46","date_gmt":"2024-09-20T17:22:46","guid":{"rendered":"https:\/\/diariodominicano.com\/?p=560505"},"modified":"2024-09-20T14:01:10","modified_gmt":"2024-09-20T18:01:10","slug":"haitianos-celebran-266-natalicio-de-su-emperador-jean-jacques-dessalines","status":"publish","type":"post","link":"https:\/\/diariodominicano.com\/?p=560505","title":{"rendered":"Haitianos celebran 266 natalicio de su emperador Jean Jacques Dessalines"},"content":{"rendered":"\n<p>diariodominicano.com<\/p>\n\n\n\n<p>Puerto Pr\u00edncipe, 20 sep (Prensa Latina) El pueblo haitiano recuerda hoy el legado del l\u00edder independentista Jean Jacques Dessalines quien naci\u00f3 esclavo en 1758 y fue coronado emperador el 8 de octubre de 1804.<\/p>\n\n\n\n<p>A prop\u00f3sito del 266 aniversario de su natalicio, varios medios locales y organizaciones destacaron su valent\u00eda y compromiso en la sangrienta conquista de la independencia de la primera Rep\u00fablica Negra del mundo.<\/p>\n\n\n\n<p>El l\u00edder militar derrot\u00f3 a las tropas de Napole\u00f3n Bonaparte, y fue jefe implacable en una de las primeras guerras de descolonizaci\u00f3n y padre de la independencia de Hait\u00ed.<\/p>\n\n\n\n<p>Dessalines -seg\u00fan apuntes hist\u00f3ricos- encarn\u00f3 la resistencia y la fuerza de car\u00e1cter con lo cual permanece en el inconsciente colectivo de los haitianos como el libertador de la naci\u00f3n, el genio militar por excelencia.<\/p>\n\n\n\n<p>En 2020 el Gobierno del entonces presidente Jovenel Mo\u00efse emiti\u00f3 un decreto para declarar el 20 de septiembre como D\u00eda de Dessalines como tributo al primer jefe de Estado de la naci\u00f3n.<\/p>\n\n\n\n<p>Desde entonces, la jornada se conmemora de forma oficial, aunque algunos historiadores cuestionan la autenticidad de la fecha.<\/p>\n\n\n\n<p>Pierre Buteau, presidente de la Sociedad Haitiana de Historia, Geograf\u00eda y Geolog\u00eda, se\u00f1al\u00f3 que ning\u00fan investigador podr\u00eda ser definitivo sobre la fecha precisa del nacimiento del libertador, pues por su estatus de esclavo no existen documentos que autentifiquen las afirmaciones.<\/p>\n\n\n\n<p>De hecho, critic\u00f3 la inexistencia de estudios en profundidad sobre la vida de Dessalines y se\u00f1al\u00f3 que fuentes cercanas al luchador indicaron que la fecha probable era el 20 de agosto.<\/p>\n\n\n\n<p>mem\/joe<\/p>\n","protected":false},"excerpt":{"rendered":"<p>diariodominicano.com Puerto Pr\u00edncipe, 20 sep (Prensa Latina) El pueblo haitiano recuerda hoy el legado del l\u00edder independentista Jean Jacques Dessalines quien naci\u00f3 esclavo en 1758 y fue coronado emperador el 8 de octubre de 1804. A prop\u00f3sito del 266 aniversario de su natalicio, varios medios locales y organizaciones destacaron su valent\u00eda y compromiso en la [&hellip;]<\/p>\n","protected":false},"author":5,"featured_media":560506,"comment_status":"closed","ping_status":"closed","sticky":true,"template":"","format":"standard","meta":{"footnotes":""},"categories":[26,112,23,27],"tags":[],"class_list":["post-560505","post","type-post","status-publish","format-standard","has-post-thumbnail","hentry","category-efemerides","category-haiti","category-internacional","category-portada"],"_links":{"self":[{"href":"https:\/\/diariodominicano.com\/index.php?rest_route=\/wp\/v2\/posts\/560505","targetHints":{"allow":["GET"]}}],"collection":[{"href":"https:\/\/diariodominicano.com\/index.php?rest_route=\/wp\/v2\/posts"}],"about":[{"href":"https:\/\/diariodominicano.com\/index.php?rest_route=\/wp\/v2\/types\/post"}],"author":[{"embeddable":true,"href":"https:\/\/diariodominicano.com\/index.php?rest_route=\/wp\/v2\/users\/5"}],"replies":[{"embeddable":true,"href":"https:\/\/diariodominicano.com\/index.php?rest_route=%2Fwp%2Fv2%2Fcomments&post=560505"}],"version-history":[{"count":1,"href":"https:\/\/diariodominicano.com\/index.php?rest_route=\/wp\/v2\/posts\/560505\/revisions"}],"predecessor-version":[{"id":560507,"href":"https:\/\/diariodominicano.com\/index.php?rest_route=\/wp\/v2\/posts\/560505\/revisions\/560507"}],"wp:featuredmedia":[{"embeddable":true,"href":"https:\/\/diariodominicano.com\/index.php?rest_route=\/wp\/v2\/media\/560506"}],"wp:attachment":[{"href":"https:\/\/diariodominicano.com\/index.php?rest_route=%2Fwp%2Fv2%2Fmedia&parent=560505"}],"wp:term":[{"taxonomy":"category","embeddable":true,"href":"https:\/\/diariodominicano.com\/index.php?rest_route=%2Fwp%2Fv2%2Fcategories&post=560505"},{"taxonomy":"post_tag","embeddable":true,"href":"https:\/\/diariodominicano.com\/index.php?rest_route=%2Fwp%2Fv2%2Ftags&post=560505"}],"curies":[{"name":"wp","href":"https:\/\/api.w.org\/{rel}","templated":true}]}}