{"id":560384,"date":"2024-09-20T00:58:23","date_gmt":"2024-09-20T04:58:23","guid":{"rendered":"https:\/\/diariodominicano.com\/?p=560384"},"modified":"2024-09-20T01:01:43","modified_gmt":"2024-09-20T05:01:43","slug":"xxviii-congreso-hispanoamericano-de-prensa-en-bogota-colombia","status":"publish","type":"post","link":"https:\/\/diariodominicano.com\/?p=560384","title":{"rendered":"XXVIII Congreso Hispanoamericano de Prensa en Bogot\u00e1, Colombia"},"content":{"rendered":"\n<p>Lic. Emil de Hoyos<\/p>\n\n\n\n<p>Por: Araceli Aguilar Salgado<\/p>\n\n\n\n<p><strong><em>\u201cTan importante es educar a las nuevas generaciones c\u00f3mo ense\u00f1ar a la fuerza laboral existente para que comprendan c\u00f3mo la Inteligencia Artificial puede servirles en sus roles.\u201d \u2014 Sarah Aerni<\/em><\/strong><\/p>\n\n\n\n<figure class=\"wp-block-image size-full\"><img loading=\"lazy\" decoding=\"async\" width=\"400\" height=\"400\" src=\"https:\/\/diariodominicano.com\/wp-content\/uploads\/2024\/09\/Dr.-Amin-Cruz.jpg\" alt=\"\" class=\"wp-image-560386\" srcset=\"https:\/\/diariodominicano.com\/wp-content\/uploads\/2024\/09\/Dr.-Amin-Cruz.jpg 400w, https:\/\/diariodominicano.com\/wp-content\/uploads\/2024\/09\/Dr.-Amin-Cruz-300x300.jpg 300w, https:\/\/diariodominicano.com\/wp-content\/uploads\/2024\/09\/Dr.-Amin-Cruz-150x150.jpg 150w, https:\/\/diariodominicano.com\/wp-content\/uploads\/2024\/09\/Dr.-Amin-Cruz-88x88.jpg 88w\" sizes=\"auto, (max-width: 400px) 100vw, 400px\" \/><\/figure>\n\n\n\n<p><strong>Doctor<\/strong> <strong>Am\u00edn Cruz<\/strong><\/p>\n\n\n\n<p><strong>Bogot\u00e1, Colombia -Todo Listo:<\/strong>\u00a0Del 3 al 6 de octubre de 2024, ser\u00e1 el escenario del XXVII Congreso Hispanoamericano de Prensa, un evento que reunir\u00e1 a destacados periodistas locales, nacionales e internacionales para explorar\u00a0<strong><em>\u201cLos Nuevos Horizontes en Inteligencia Artificial, Tecnolog\u00eda, Geopol\u00edtica, Medio Ambiente, Objetividad y \u00c9tica\u201d.<\/em><\/strong>\u00a0En esta era digital, la Inteligencia Artificial se alza como la fuerza transformadora que impulsa la revoluci\u00f3n tecnol\u00f3gica del siglo XXI, redefiniendo nuestro enfoque hacia el futuro.<\/p>\n\n\n\n<p>Este congreso tiene como objetivo fundamental educar, orientar y unificar a los profesionales de la comunicaci\u00f3n, brindando una plataforma para debatir temas de gran relevancia como la IA, la tecnolog\u00eda, la geopol\u00edtica, el medio ambiente y la \u00e9tica period\u00edstica. En consonancia con la Agenda 2030 de los Objetivos de Desarrollo Sostenible de las Naciones Unidas, se busca fomentar un an\u00e1lisis cr\u00edtico y constructivo en torno a estos temas.<\/p>\n\n\n\n<p>Este c\u00f3nclave period\u00edstico internacional ha ganado prestigio a lo largo de los a\u00f1os y se ha consolidado como una tribuna acad\u00e9mica de gran impacto en el \u00e1mbito global de la ciencia, educaci\u00f3n, periodismo y la comunicaci\u00f3n, abarcando Am\u00e9rica, Europa, \u00c1frica, Asia y el mundo \u00e1rabe.<\/p>\n\n\n\n<p>Este evento reunir\u00e1 a una destacada selecci\u00f3n de intelectuales y profesionales del \u00e1mbito de la educaci\u00f3n, el periodismo, la comunicaci\u00f3n, la tecnolog\u00eda y el medio ambiente. Entre los oradores confirmados se encuentran figuras de renombre como Francia M\u00e1rquez, vicepresidenta de Colombia; Dr. Efra\u00edn Cepeda Sarabia, presidente del Congreso; Dr. Gregorio Eljach, director del CAEL y secretario general del Congreso de Colombia; Dr. Manuel Palacios Bland\u00f3n, viceministro del deporte en Colombia y el Dr. Carlos Aguasaco, acad\u00e9mico del City College of New York, CUNY.<\/p>\n\n\n\n<figure class=\"wp-block-image size-full\"><img loading=\"lazy\" decoding=\"async\" width=\"200\" height=\"200\" src=\"https:\/\/diariodominicano.com\/wp-content\/uploads\/2024\/09\/1-Ramon-Soto.jpeg\" alt=\"\" class=\"wp-image-560388\" srcset=\"https:\/\/diariodominicano.com\/wp-content\/uploads\/2024\/09\/1-Ramon-Soto.jpeg 200w, https:\/\/diariodominicano.com\/wp-content\/uploads\/2024\/09\/1-Ramon-Soto-150x150.jpeg 150w, https:\/\/diariodominicano.com\/wp-content\/uploads\/2024\/09\/1-Ramon-Soto-88x88.jpeg 88w\" sizes=\"auto, (max-width: 200px) 100vw, 200px\" \/><\/figure>\n\n\n\n<p>Ram\u00f3n Soto<\/p>\n\n\n\n<p>Adem\u00e1s, Lic. Emil de Hoyos, presidente del Colegio Nacional de Periodistas de Colombia; Dr. Javier Hoyos Angulo, presidente y Lic. Ramon A. Soto, director ejecutivo, de la Seccional del CNP en Bogot\u00e1; Dr. Am\u00edn Cruz, presidente y fundador del Congreso Hispanoamericano de Prensa, H\u00e9ctor Geager, profesor de Columbia University y Harvard, Dr. Franklin Garc\u00eda, RD, Lic. Aurelio Henr\u00edquez, presidente del Colegio Dominicano de Periodistas, RD, Lic. Jos\u00e9 Beato, presidente del Sindicato Nacional de Trabajadores de la Prensa, RD.<\/p>\n\n\n\n<figure class=\"wp-block-image size-full\"><img loading=\"lazy\" decoding=\"async\" width=\"246\" height=\"205\" src=\"https:\/\/diariodominicano.com\/wp-content\/uploads\/2024\/09\/1-Aurelio-Henriquez.jpeg\" alt=\"\" class=\"wp-image-560390\"\/><\/figure>\n\n\n\n<p><strong>Aurelio Henriquez<\/strong><\/p>\n\n\n\n<p>Tambi\u00e9n\u00a0el muralista internacional, Icono, maestro Ernesto R\u00edos Rocha, Premio Guinness; Mar\u00eda Teresa Herr\u00e1n, conferencista; Ing. Jes\u00fas Eduardo Villarroel, investigador venezolano del ANTIGRONO; Lic. Leticia Centuri\u00f3n, presidenta del Congreso Mundial de Medio Ambiente, COMMA; Lic. Sara Ib\u00e1\u00f1ez, experta en periodismo digital y estrategias; Lic. Martha Elena Lenis Plazas, Comunicadora Social y periodista especialista en gerencia de marketing y relaciones p\u00fablicas, entre muchos otros.<\/p>\n\n\n\n<p>Este congreso ofrece una plataforma \u00fanica para reflexionar sobre el futuro del periodismo, con un enfoque en la \u00e9tica, la objetividad y la innovaci\u00f3n tecnol\u00f3gica. Adem\u00e1s, se enriquecer\u00e1n con un ambiente musical y folcl\u00f3rico de alto nivel, brindando una experiencia integral para todos los asistentes.<\/p>\n\n\n\n<p>Con 26 a\u00f1os de historia, el Congreso Hispanoamericano de Prensa contin\u00faa con su misi\u00f3n de servir a la sociedad y la humanidad, abogando por un mundo m\u00e1s \u00e9tico, democr\u00e1tico donde se respete la comunicaci\u00f3n y la libertad de prensa.<\/p>\n\n\n\n<p>Exhortamos a todos los interesados a registrarse y ser parte de este evento trascendental. Para m\u00e1s informaci\u00f3n, pueden contactar a los organizadores:<\/p>\n\n\n\n<p>Dr. Javier Hoyos: +57-311-819-7787; Lic. Ram\u00f3n A. Soto: +57-315-738-1776; Lic. Aurelio Henr\u00edquez: +1-829-421-7108; Lic. Jos\u00e9 Beato: +1-809-398-5788;&nbsp;Dr. Am\u00edn Cruz: +1-718-362-7244<\/p>\n\n\n\n<p>El correo:&nbsp;<a href=\"mailto:congresodeprensa.usa@gmail.com\" target=\"_blank\" rel=\"noreferrer noopener\">congresodeprensa.usa@gmail.com<\/a>&nbsp;o en la p\u00e1gina&nbsp;<a href=\"https:\/\/l.facebook.com\/l.php?u=http%3A%2F%2Fwww.congresodeprensa.org%2F%3Ffbclid%3DIwAR0LfdORygtGf7gUU8PpLXdPX8Vf-CnRREVNfRhG5uwADnmnRph_54rSVc0&amp;h=AT0kmmmuOMJuMsnoo_N-zNXUroRTFjFZhOOK1SRbbZklBCqfHUDQsVGw2JEuX5b5kzrWHm3fdNwy8GjMWt4DC1arDmyLj8oKpg9TxVZzrHPq9tWgDuMYjnyz1HTWiB_yUNoyVpoQ_EGT-Ep2HA0I&amp;__tn__=-UK-R&amp;c%5b0%5d=AT2aRJtVorrO-weEyNruSyKTrTnOa2htXQ0o4xO9BgpESmvytgzmIomR8aV6Jy0WwKU02qRMOEnbSCqVAw15rFfz2K026ENKbazzuX0FyFn7g8hhRn87uVCG8uj5LPJVQLrezpgxjYZALBeFEHFdB_3pzw\" target=\"_blank\" rel=\"noreferrer noopener\">www.congresodeprensa.org<\/a>.&nbsp;<\/p>\n\n\n\n<p><strong><em>\u201cLa inteligencia artificial es la piedra angular de esta nueva era digital. Su capacidad para transformar industrias, enriquecer experiencias y plantear cuestiones \u00e9ticas nos desaf\u00eda a abrazar el cambio de manera reflexiva y equitativa. En esta traves\u00eda hacia el futuro, la humanidad tiene la oportunidad de aprovechar la inteligencia artificial&nbsp;<\/em><\/strong><strong><em>para moldear un mundo m\u00e1s inteligente, inclusivo y \u00e9tico.\u201d<\/em><\/strong><\/p>\n\n\n\n<p>Araceli Aguilar Salgado Periodista, Abogada, Ingeniera, Escritora, Analista y comentarista mexicana, del Estado de Guerrero, M\u00e9xico.&nbsp;<a href=\"mailto:E-mail%3Aperiodistaaaguilar@gmail.com\" target=\"_blank\" rel=\"noreferrer noopener\">E-mail:periodistaaaguilar@gmail.com<\/a><\/p>\n","protected":false},"excerpt":{"rendered":"<p>Lic. Emil de Hoyos Por: Araceli Aguilar Salgado \u201cTan importante es educar a las nuevas generaciones c\u00f3mo ense\u00f1ar a la fuerza laboral existente para que comprendan c\u00f3mo la Inteligencia Artificial puede servirles en sus roles.\u201d \u2014 Sarah Aerni Doctor Am\u00edn Cruz Bogot\u00e1, Colombia -Todo Listo:\u00a0Del 3 al 6 de octubre de 2024, ser\u00e1 el escenario [&hellip;]<\/p>\n","protected":false},"author":2,"featured_media":560385,"comment_status":"closed","ping_status":"closed","sticky":true,"template":"","format":"standard","meta":{"footnotes":""},"categories":[25,23],"tags":[],"class_list":["post-560384","post","type-post","status-publish","format-standard","has-post-thumbnail","hentry","category-gente","category-internacional"],"_links":{"self":[{"href":"https:\/\/diariodominicano.com\/index.php?rest_route=\/wp\/v2\/posts\/560384","targetHints":{"allow":["GET"]}}],"collection":[{"href":"https:\/\/diariodominicano.com\/index.php?rest_route=\/wp\/v2\/posts"}],"about":[{"href":"https:\/\/diariodominicano.com\/index.php?rest_route=\/wp\/v2\/types\/post"}],"author":[{"embeddable":true,"href":"https:\/\/diariodominicano.com\/index.php?rest_route=\/wp\/v2\/users\/2"}],"replies":[{"embeddable":true,"href":"https:\/\/diariodominicano.com\/index.php?rest_route=%2Fwp%2Fv2%2Fcomments&post=560384"}],"version-history":[{"count":2,"href":"https:\/\/diariodominicano.com\/index.php?rest_route=\/wp\/v2\/posts\/560384\/revisions"}],"predecessor-version":[{"id":560391,"href":"https:\/\/diariodominicano.com\/index.php?rest_route=\/wp\/v2\/posts\/560384\/revisions\/560391"}],"wp:featuredmedia":[{"embeddable":true,"href":"https:\/\/diariodominicano.com\/index.php?rest_route=\/wp\/v2\/media\/560385"}],"wp:attachment":[{"href":"https:\/\/diariodominicano.com\/index.php?rest_route=%2Fwp%2Fv2%2Fmedia&parent=560384"}],"wp:term":[{"taxonomy":"category","embeddable":true,"href":"https:\/\/diariodominicano.com\/index.php?rest_route=%2Fwp%2Fv2%2Fcategories&post=560384"},{"taxonomy":"post_tag","embeddable":true,"href":"https:\/\/diariodominicano.com\/index.php?rest_route=%2Fwp%2Fv2%2Ftags&post=560384"}],"curies":[{"name":"wp","href":"https:\/\/api.w.org\/{rel}","templated":true}]}}