{"id":560316,"date":"2024-09-19T20:39:59","date_gmt":"2024-09-20T00:39:59","guid":{"rendered":"https:\/\/diariodominicano.com\/?p=560316"},"modified":"2024-09-19T20:41:13","modified_gmt":"2024-09-20T00:41:13","slug":"procuraduria-regional-de-santiago-obtiene-anulacion-de-doble-no-ha-lugar-ante-suprema-corte-de-justicia","status":"publish","type":"post","link":"https:\/\/diariodominicano.com\/?p=560316","title":{"rendered":"Procuradur\u00eda Regional de Santiago obtiene anulaci\u00f3n de doble no ha lugar ante Suprema Corte de Justicia"},"content":{"rendered":"\n<p><strong>Santo Domingo (RD), jueves, 19 de septiembre de 2024.<\/strong>&nbsp;La Segunda Sala de la Suprema Corte de Justicia revoc\u00f3 un auto de no ha lugar emitido a favor de una mujer acusada por violencia de g\u00e9nero en la provincia Valverde, tras acoger un recurso de casaci\u00f3n incoado por el procurador general titular de la Procuradur\u00eda Regional de Santiago, Juan Carlos Bircann S\u00e1nchez.<\/p>\n\n\n\n<p>Un comunicado de prensa destaca que el alto tribunal adopt\u00f3 la decisi\u00f3n al revocar un auto de no ha lugar emitido por el Juzgado de la Instrucci\u00f3n del Distrito Judicial de Valverde a favor de la se\u00f1ora E.P., el cual posteriormente tambi\u00e9n hab\u00eda sido confirmado por la Corte de Apelaci\u00f3n de Santiago.<\/p>\n\n\n\n<p>La Segunda Sala de la Suprema Corte de Justicia, integrada por los jueces Francisco Antonio Jerez Mena, Nancy I. Salcedo Fern\u00e1ndez, Fran Euclides Soto S\u00e1nchez, Mar\u00eda Garabito Ram\u00edrez y Francisco Antonio Ortega Polanco, dict\u00f3 la sentencia SCJ-SS-24-0884, de fecha 31 de julio de 2024, notificada el 18 de septiembre de 2024, con la cual cas\u00f3 la sentencia 972-2023-SRES-00178, dictada en fecha 6 de diciembre de 2023 por la Segunda Sala de la C\u00e1mara Penal de la Corte de Apelaci\u00f3n de Santiago.<\/p>\n\n\n\n<p>Se destaca que, con la decisi\u00f3n, contrario a lo externado por las jurisdicciones de la Instrucci\u00f3n y de segundo grado, la sede casacional consider\u00f3 que la acusaci\u00f3n presentada por el Ministerio P\u00fablico en ese caso est\u00e1 revestida de fundamentos para justificar la probabilidad de una condena en materia de violencia dom\u00e9stica e intrafamiliar ejercida por la acusada E.P. en perjuicio de su pareja.<\/p>\n\n\n\n<p>En tal virtud, la alta corte procedi\u00f3 a acoger la acusaci\u00f3n contra la procesada, a quien se le atribuye la violaci\u00f3n de los art\u00edculos 309-2 y 309-3 del C\u00f3digo Penal Dominicano, y las pruebas testimoniales, periciales y procesales que la sustentan, como solicit\u00f3 el procurador recurrente.<\/p>\n\n\n\n<p>El alto tribunal resalta en su decisi\u00f3n que las pruebas aportadas por el Ministerio P\u00fablico est\u00e1n revestidas de legalidad, pertinencia y relevancia para el proceso, resultando \u00fatiles y relevantes, conforme al art\u00edculo 294 del C\u00f3digo Procesal Penal.<\/p>\n\n\n\n<p>La casaci\u00f3n es un recurso procesal que tiene por objeto anular una sentencia judicial que contiene una incorrecta interpretaci\u00f3n o aplicaci\u00f3n de la ley. Luego, el caso lo conocen los jueces de otra jurisdicci\u00f3n o de otra sala.<\/p>\n","protected":false},"excerpt":{"rendered":"<p>Santo Domingo (RD), jueves, 19 de septiembre de 2024.&nbsp;La Segunda Sala de la Suprema Corte de Justicia revoc\u00f3 un auto de no ha lugar emitido a favor de una mujer acusada por violencia de g\u00e9nero en la provincia Valverde, tras acoger un recurso de casaci\u00f3n incoado por el procurador general titular de la Procuradur\u00eda Regional [&hellip;]<\/p>\n","protected":false},"author":7,"featured_media":495896,"comment_status":"closed","ping_status":"closed","sticky":false,"template":"","format":"standard","meta":{"footnotes":""},"categories":[24],"tags":[],"class_list":["post-560316","post","type-post","status-publish","format-standard","has-post-thumbnail","hentry","category-justicia-y-derecho"],"_links":{"self":[{"href":"https:\/\/diariodominicano.com\/index.php?rest_route=\/wp\/v2\/posts\/560316","targetHints":{"allow":["GET"]}}],"collection":[{"href":"https:\/\/diariodominicano.com\/index.php?rest_route=\/wp\/v2\/posts"}],"about":[{"href":"https:\/\/diariodominicano.com\/index.php?rest_route=\/wp\/v2\/types\/post"}],"author":[{"embeddable":true,"href":"https:\/\/diariodominicano.com\/index.php?rest_route=\/wp\/v2\/users\/7"}],"replies":[{"embeddable":true,"href":"https:\/\/diariodominicano.com\/index.php?rest_route=%2Fwp%2Fv2%2Fcomments&post=560316"}],"version-history":[{"count":1,"href":"https:\/\/diariodominicano.com\/index.php?rest_route=\/wp\/v2\/posts\/560316\/revisions"}],"predecessor-version":[{"id":560325,"href":"https:\/\/diariodominicano.com\/index.php?rest_route=\/wp\/v2\/posts\/560316\/revisions\/560325"}],"wp:featuredmedia":[{"embeddable":true,"href":"https:\/\/diariodominicano.com\/index.php?rest_route=\/wp\/v2\/media\/495896"}],"wp:attachment":[{"href":"https:\/\/diariodominicano.com\/index.php?rest_route=%2Fwp%2Fv2%2Fmedia&parent=560316"}],"wp:term":[{"taxonomy":"category","embeddable":true,"href":"https:\/\/diariodominicano.com\/index.php?rest_route=%2Fwp%2Fv2%2Fcategories&post=560316"},{"taxonomy":"post_tag","embeddable":true,"href":"https:\/\/diariodominicano.com\/index.php?rest_route=%2Fwp%2Fv2%2Ftags&post=560316"}],"curies":[{"name":"wp","href":"https:\/\/api.w.org\/{rel}","templated":true}]}}