{"id":560291,"date":"2024-09-19T18:23:08","date_gmt":"2024-09-19T22:23:08","guid":{"rendered":"https:\/\/diariodominicano.com\/?p=560291"},"modified":"2024-09-19T18:23:10","modified_gmt":"2024-09-19T22:23:10","slug":"ministerio-publico-sdo-obtiene-20-anos-de-prision-contra-hombre-que-violo-sexualmente-a-una-hija-adolescente","status":"publish","type":"post","link":"https:\/\/diariodominicano.com\/?p=560291","title":{"rendered":"Ministerio P\u00fablico SDO obtiene 20 a\u00f1os de prisi\u00f3n contra hombre que viol\u00f3 sexualmente a una hija adolescente"},"content":{"rendered":"\n<p><strong>Santo Domingo Oeste (RD), jueves, 19 de septiembre de 2024.<\/strong>&nbsp;El Ministerio P\u00fablico de Santo Domingo Oeste obtuvo una condena de 20 a\u00f1os de prisi\u00f3n en contra de un hombre acusado de violaci\u00f3n sexual en perjuicio de una hija de 16 a\u00f1os de edad, en un hecho ocurrido en el municipio Los Alcarrizos.<\/p>\n\n\n\n<p>El procurador fiscal Nicasio Pulinario y la fiscalizadora Franchesca Alc\u00e1ntara durante el juicio aportaron pruebas contundentes con las que demostraron la culpabilidad del acusado ante el Tercer Tribunal Colegiado de esta jurisdicci\u00f3n, que preside el juez Julio de los Santos Morlan. El nombre del acusado fue omitido para proteger la identificaci\u00f3n de la v\u00edctima menor de edad.<\/p>\n\n\n\n<p>Los representantes del \u00f3rgano persecutor tambi\u00e9n demostraron que el hoy procesado falt\u00f3 a los art\u00edculos 331, 332-1 y 332-2 del C\u00f3digo Penal Dominicano, modificado por la Ley 24-97, sobre Violencia de G\u00e9nero e Intrafamiliar, y los art\u00edculos 12, 18, 396 a, b y c, del C\u00f3digo para la Protecci\u00f3n y los Derechos Fundamentales de los Ni\u00f1os, Ni\u00f1as y Adolescentes (Ley 136-03).<\/p>\n\n\n\n<p>El expediente acusatorio, instrumentado por la fiscal investigadora Ofil F\u00e9liz Campusano, relata que el padre de la adolescente aprovechaba que ambos se quedaran solos en su casa para cometer la violaci\u00f3n sexual incestuosa, y que luego la amenazaba con quitarle la vida a su madre, en caso de que ella le contara algo de lo sucedido.<\/p>\n\n\n\n<p>El tribunal orden\u00f3 que el acusado cumpla la sentencia en el Centro de Privaci\u00f3n de Libertad (CPL) de La Victoria, en el municipio Santo Domingo Norte, de la provincia Santo Domingo.<\/p>\n","protected":false},"excerpt":{"rendered":"<p>Santo Domingo Oeste (RD), jueves, 19 de septiembre de 2024.&nbsp;El Ministerio P\u00fablico de Santo Domingo Oeste obtuvo una condena de 20 a\u00f1os de prisi\u00f3n en contra de un hombre acusado de violaci\u00f3n sexual en perjuicio de una hija de 16 a\u00f1os de edad, en un hecho ocurrido en el municipio Los Alcarrizos. El procurador fiscal [&hellip;]<\/p>\n","protected":false},"author":7,"featured_media":495896,"comment_status":"closed","ping_status":"closed","sticky":false,"template":"","format":"standard","meta":{"footnotes":""},"categories":[24],"tags":[],"class_list":["post-560291","post","type-post","status-publish","format-standard","has-post-thumbnail","hentry","category-justicia-y-derecho"],"_links":{"self":[{"href":"https:\/\/diariodominicano.com\/index.php?rest_route=\/wp\/v2\/posts\/560291","targetHints":{"allow":["GET"]}}],"collection":[{"href":"https:\/\/diariodominicano.com\/index.php?rest_route=\/wp\/v2\/posts"}],"about":[{"href":"https:\/\/diariodominicano.com\/index.php?rest_route=\/wp\/v2\/types\/post"}],"author":[{"embeddable":true,"href":"https:\/\/diariodominicano.com\/index.php?rest_route=\/wp\/v2\/users\/7"}],"replies":[{"embeddable":true,"href":"https:\/\/diariodominicano.com\/index.php?rest_route=%2Fwp%2Fv2%2Fcomments&post=560291"}],"version-history":[{"count":1,"href":"https:\/\/diariodominicano.com\/index.php?rest_route=\/wp\/v2\/posts\/560291\/revisions"}],"predecessor-version":[{"id":560306,"href":"https:\/\/diariodominicano.com\/index.php?rest_route=\/wp\/v2\/posts\/560291\/revisions\/560306"}],"wp:featuredmedia":[{"embeddable":true,"href":"https:\/\/diariodominicano.com\/index.php?rest_route=\/wp\/v2\/media\/495896"}],"wp:attachment":[{"href":"https:\/\/diariodominicano.com\/index.php?rest_route=%2Fwp%2Fv2%2Fmedia&parent=560291"}],"wp:term":[{"taxonomy":"category","embeddable":true,"href":"https:\/\/diariodominicano.com\/index.php?rest_route=%2Fwp%2Fv2%2Fcategories&post=560291"},{"taxonomy":"post_tag","embeddable":true,"href":"https:\/\/diariodominicano.com\/index.php?rest_route=%2Fwp%2Fv2%2Ftags&post=560291"}],"curies":[{"name":"wp","href":"https:\/\/api.w.org\/{rel}","templated":true}]}}