{"id":560261,"date":"2024-09-19T17:08:29","date_gmt":"2024-09-19T21:08:29","guid":{"rendered":"https:\/\/diariodominicano.com\/?p=560261"},"modified":"2024-09-19T17:08:37","modified_gmt":"2024-09-19T21:08:37","slug":"bcrd-celebra-el-xviii-foro-de-investigadores-de-bancos-centrales-de-centroamerica-y-republica-dominicana","status":"publish","type":"post","link":"https:\/\/diariodominicano.com\/?p=560261","title":{"rendered":"BCRD celebra el XVIII Foro de investigadores de bancos centrales de Centroam\u00e9rica y Rep\u00fablica Dominicana\u00a0"},"content":{"rendered":"\n<p><em>Durante el encuentro se dieron a conocer relevantes estudios sobre pol\u00edtica monetaria, an\u00e1lisis del comportamiento inflacionario y repercusiones de las remesas y de los fen\u00f3menos clim\u00e1ticos en las econom\u00edas de la regi\u00f3n<\/em><\/p>\n\n\n\n<p><strong>Santo Domingo. Rep\u00fablica Dominicana. &#8211;<\/strong> El gobernador del Banco Central de la Rep\u00fablica Dominicana (BCRD), H\u00e9ctor Valdez Albizu, pronunci\u00f3 las palabras de apertura del <strong>\u201cXVIII Foro de investigadores de bancos centrales\u201d<\/strong>, una actividad realizada en coordinaci\u00f3n con el Consejo Monetario Centroamericano (CMCA). En el referido evento participaron, de forma presencial y virtual m\u00e1s de 20 destacados expertos de seis bancos centrales de la regi\u00f3n, as\u00ed como del Banco de Espa\u00f1a, Banco Centroamericano de Integraci\u00f3n Econ\u00f3mica (BCIE) y de las superintendencias de bancos de Panam\u00e1 y Rep\u00fablica Dominicana.&nbsp;<\/p>\n\n\n\n<figure class=\"wp-block-image size-large\"><img loading=\"lazy\" decoding=\"async\" width=\"1024\" height=\"683\" src=\"https:\/\/diariodominicano.com\/wp-content\/uploads\/2024\/09\/XVIII-Foro-de-investigadores-de-bancos-centrales-1024x683.jpg\" alt=\"\" class=\"wp-image-560267\" srcset=\"https:\/\/diariodominicano.com\/wp-content\/uploads\/2024\/09\/XVIII-Foro-de-investigadores-de-bancos-centrales-1024x683.jpg 1024w, https:\/\/diariodominicano.com\/wp-content\/uploads\/2024\/09\/XVIII-Foro-de-investigadores-de-bancos-centrales-300x200.jpg 300w, https:\/\/diariodominicano.com\/wp-content\/uploads\/2024\/09\/XVIII-Foro-de-investigadores-de-bancos-centrales-768x512.jpg 768w, https:\/\/diariodominicano.com\/wp-content\/uploads\/2024\/09\/XVIII-Foro-de-investigadores-de-bancos-centrales-1536x1024.jpg 1536w, https:\/\/diariodominicano.com\/wp-content\/uploads\/2024\/09\/XVIII-Foro-de-investigadores-de-bancos-centrales-2048x1365.jpg 2048w, https:\/\/diariodominicano.com\/wp-content\/uploads\/2024\/09\/XVIII-Foro-de-investigadores-de-bancos-centrales-816x544.jpg 816w\" sizes=\"auto, (max-width: 1024px) 100vw, 1024px\" \/><\/figure>\n\n\n\n<p>Al pronuncias sus palabras en el sal\u00f3n Am\u00e9rico Lugo del auditorio del BCRD, Valdez Albizu destac\u00f3 que el foro internacional \u201ces de mucha utilidad para conocer las experiencias e intercambiar ideas de pol\u00edtica monetaria, cambiar y financiera, as\u00ed como otros&nbsp; estudios relacionados a t\u00f3picos de alta importancia para la regi\u00f3n, como son los factores relevantes del crecimiento econ\u00f3mico, la din\u00e1mica inflacionaria, los retos actuales para la pol\u00edtica monetaria, los determinantes e impacto de las remesas y la incidencia de fen\u00f3menos clim\u00e1ticos para la regi\u00f3n\u201d.<\/p>\n\n\n\n<p>El gobernador valor\u00f3 dicho espacio de debate como \u201cde gran beneficio para el dise\u00f1o e implementaci\u00f3n de pol\u00edticas que contribuyan al buen desempe\u00f1o macroecon\u00f3mico de nuestros pa\u00edses. Estas jornadas contribuir\u00e1n a fortalecer los lazos de integraci\u00f3n entre nuestras instituciones\u201d.<\/p>\n\n\n\n<p>Entre el programa de exposiciones y debates, que se llev\u00f3 a cabo del 11 a 13 de septiembre en el auditorio del BCRD, se presentaron investigaciones referentes a causas y efectos macroecon\u00f3micos de las remesas y de los flujos migratorios, as\u00ed como la incidencia de los choques externos sobre los sistemas bancarios, el impacto econ\u00f3mico de los fen\u00f3menos clim\u00e1ticos extremos y modelos para el an\u00e1lisis de pol\u00edticas econ\u00f3micas, entre otros.<\/p>\n\n\n\n<p>El gobernador Valdez Albizu agradeci\u00f3 al secretario ejecutivo, Odalis Marte, y a todo el personal de la Secretar\u00eda Ejecutiva del CMCA por su presencia y apoyo en la organizaci\u00f3n del evento de gran relevancia para el quehacer de las pol\u00edticas monetaria, cambiaria y financiera de los distintos pa\u00edses, as\u00ed como en su desempe\u00f1o macroecon\u00f3mico.<\/p>\n\n\n\n<p>Durante el acto de apertura el gobernador estuvo acompa\u00f1ado del subgerente de Pol\u00edticas Monetaria, Cambiar\u00eda y Financiera, Joel Tejeda; del asesor econ\u00f3mico de la Gobernaci\u00f3n, Julio And\u00fajar y del subgerente de Programaci\u00f3n Monetaria y Estudios Econ\u00f3micos, Joel Gonz\u00e1lez.&nbsp;<\/p>\n\n\n\n<p>Banco Central de la Rep\u00fablica Dominicana <a href=\"mailto:bancentralrd@gmail.com\">bancentralrd@gmail.com<\/a>&nbsp;<\/p>\n","protected":false},"excerpt":{"rendered":"<p>Durante el encuentro se dieron a conocer relevantes estudios sobre pol\u00edtica monetaria, an\u00e1lisis del comportamiento inflacionario y repercusiones de las remesas y de los fen\u00f3menos clim\u00e1ticos en las econom\u00edas de la regi\u00f3n Santo Domingo. Rep\u00fablica Dominicana. &#8211; El gobernador del Banco Central de la Rep\u00fablica Dominicana (BCRD), H\u00e9ctor Valdez Albizu, pronunci\u00f3 las palabras de apertura [&hellip;]<\/p>\n","protected":false},"author":7,"featured_media":560268,"comment_status":"closed","ping_status":"closed","sticky":true,"template":"","format":"standard","meta":{"footnotes":""},"categories":[18,27],"tags":[],"class_list":["post-560261","post","type-post","status-publish","format-standard","has-post-thumbnail","hentry","category-economia","category-portada"],"_links":{"self":[{"href":"https:\/\/diariodominicano.com\/index.php?rest_route=\/wp\/v2\/posts\/560261","targetHints":{"allow":["GET"]}}],"collection":[{"href":"https:\/\/diariodominicano.com\/index.php?rest_route=\/wp\/v2\/posts"}],"about":[{"href":"https:\/\/diariodominicano.com\/index.php?rest_route=\/wp\/v2\/types\/post"}],"author":[{"embeddable":true,"href":"https:\/\/diariodominicano.com\/index.php?rest_route=\/wp\/v2\/users\/7"}],"replies":[{"embeddable":true,"href":"https:\/\/diariodominicano.com\/index.php?rest_route=%2Fwp%2Fv2%2Fcomments&post=560261"}],"version-history":[{"count":1,"href":"https:\/\/diariodominicano.com\/index.php?rest_route=\/wp\/v2\/posts\/560261\/revisions"}],"predecessor-version":[{"id":560269,"href":"https:\/\/diariodominicano.com\/index.php?rest_route=\/wp\/v2\/posts\/560261\/revisions\/560269"}],"wp:featuredmedia":[{"embeddable":true,"href":"https:\/\/diariodominicano.com\/index.php?rest_route=\/wp\/v2\/media\/560268"}],"wp:attachment":[{"href":"https:\/\/diariodominicano.com\/index.php?rest_route=%2Fwp%2Fv2%2Fmedia&parent=560261"}],"wp:term":[{"taxonomy":"category","embeddable":true,"href":"https:\/\/diariodominicano.com\/index.php?rest_route=%2Fwp%2Fv2%2Fcategories&post=560261"},{"taxonomy":"post_tag","embeddable":true,"href":"https:\/\/diariodominicano.com\/index.php?rest_route=%2Fwp%2Fv2%2Ftags&post=560261"}],"curies":[{"name":"wp","href":"https:\/\/api.w.org\/{rel}","templated":true}]}}