{"id":560237,"date":"2024-09-19T16:39:11","date_gmt":"2024-09-19T20:39:11","guid":{"rendered":"https:\/\/diariodominicano.com\/?p=560237"},"modified":"2024-09-19T16:39:13","modified_gmt":"2024-09-19T20:39:13","slug":"fiscalia-obtiene-condena-de-20-anos-contra-hombre-por-tentativa-de-homicidio-robo-y-violencia-agravada-en-perjuicio-de-mujer","status":"publish","type":"post","link":"https:\/\/diariodominicano.com\/?p=560237","title":{"rendered":"Fiscal\u00eda obtiene condena de 20 a\u00f1os contra hombre por tentativa de homicidio, robo y violencia agravada en perjuicio de mujer"},"content":{"rendered":"\n<p><strong>Santiago (RD), jueves, 19 de septiembre de 2024<\/strong>. La Fiscal\u00eda de Santiago logr\u00f3 que un tribunal de esta demarcaci\u00f3n judicial impusiera una condena de 20 a\u00f1os de prisi\u00f3n contra un hombre que cometi\u00f3 tentativa de homicidio, violencia de g\u00e9nero agravada y robo agravado, en perjuicio de una mujer, su vecina, en cuya residencia irrumpi\u00f3 por la madrugada para robarle.<\/p>\n\n\n\n<p>Teniendo a su disposici\u00f3n los elementos de pruebas que la Fiscal\u00eda de Santiago recolect\u00f3 en la etapa de investigaci\u00f3n, el Primer Tribunal Colegiado de este distrito judicial, acogi\u00f3 la solicitud que, en representaci\u00f3n del \u00f3rgano persecutor, hizo el fiscal litigante Pedro Mart\u00ednez, para imponer la condena contra \u00c1ngel Manuel Mercedes Santana V\u00e1squez.<\/p>\n\n\n\n<p>Santana V\u00e1squez, de acuerdo con el expediente, intent\u00f3 matar de varias estocadas a la v\u00edctima, cuyo nombre se omite para proteger su identidad.<\/p>\n\n\n\n<p>Los hechos que fueron atribuidos al condenado y que ocurrieron en abril del a\u00f1o 2023, constituyen, como lo estableci\u00f3 la Fiscal\u00eda durante la audiencia de fondo, una sucesi\u00f3n de hechos graves, definidos en el C\u00f3digo Penal como un crimen seguido de otro crimen, lo que agrav\u00f3 la pena impuesta al procesado.<\/p>\n\n\n\n<p>La v\u00edctima se encontraba dormida junto a su hija de 1 a\u00f1o de edad en la habitaci\u00f3n de su residencia en el sector Villa Bao, distrito municipal Hato del Yaque, a donde fue sorprendida por el acusado, quien se abalanz\u00f3 sobre ella con un arma blanca, tipo cuchillo, de unas 13 pulgadas, y mientras la apu\u00f1alaba, le reclamaba que le buscara dinero.<\/p>\n\n\n\n<p>Aterrada, en un instinto maternal, la mujer cubri\u00f3 con su cuerpo a la menor de edad, para protegerla del agresor.<\/p>\n\n\n\n<p>Mientras la apu\u00f1alaba, el ahora condenado tambi\u00e9n abofeteaba y daba pu\u00f1etazos a la mujer.<\/p>\n\n\n\n<p>Tambi\u00e9n, tras amenazar a la v\u00edctima con el arma, el hombre le insist\u00eda que le buscara dinero, y luego este se dirigi\u00f3 a la sala para buscar las pertenencias de la v\u00edctima, tiempo que ella aprovech\u00f3 para encerrarse en la habitaci\u00f3n y clamar por auxilio.<\/p>\n\n\n\n<p>El hombre huy\u00f3 del apartamento y los vecinos, que escucharon los gritos de auxilio de la mujer, llegaron y la condujeron a un hospital.<\/p>\n\n\n\n<p>Tras una breve descripci\u00f3n, la Polic\u00eda logr\u00f3 identificar y arrestar al hombre a pocas cuadras del lugar del hecho.<\/p>\n\n\n\n<p>Este curso de hechos constituye delitos tipificados y sancionados en los art\u00edculos 2, 295, 304, 309-1, 309-3 (letras B y D), 379, 382 y 385 del C\u00f3digo Penal Dominicano, modificados por la Ley 24-97 sobre Violencia de G\u00e9nero, por la tentativa de homicidio, violencia de g\u00e9nero agravada y robo en perjuicio de la v\u00edctima.<\/p>\n\n\n\n<p><strong>Secuelas<\/strong><\/p>\n\n\n\n<p>A nivel psicol\u00f3gico y f\u00edsico, la mujer sufre todav\u00eda de las secuelas que le dej\u00f3 el evento violento.<\/p>\n\n\n\n<p>Evaluada por peritos de la psicolog\u00eda del Instituto Nacional de Ciencias Forenses (Inacif), los resultados permitieron determinar que la v\u00edctima presentaba s\u00edntomas de un cuadro depresivo severo, con pensamientos suicidas, sentimiento de desgracia, de un futuro desesperanzador, de insatisfacci\u00f3n, de que las cosas no mejorar\u00e1n, sentimiento de castigo, de culpabilidad, entre otros.<\/p>\n\n\n\n<p>El tribunal estuvo integrado por los jueces Juan Carlos Col\u00f3n, Claribel Mateo y Gladys de los Santos.<\/p>\n","protected":false},"excerpt":{"rendered":"<p>Santiago (RD), jueves, 19 de septiembre de 2024. La Fiscal\u00eda de Santiago logr\u00f3 que un tribunal de esta demarcaci\u00f3n judicial impusiera una condena de 20 a\u00f1os de prisi\u00f3n contra un hombre que cometi\u00f3 tentativa de homicidio, violencia de g\u00e9nero agravada y robo agravado, en perjuicio de una mujer, su vecina, en cuya residencia irrumpi\u00f3 por [&hellip;]<\/p>\n","protected":false},"author":7,"featured_media":495896,"comment_status":"closed","ping_status":"closed","sticky":false,"template":"","format":"standard","meta":{"footnotes":""},"categories":[24],"tags":[],"class_list":["post-560237","post","type-post","status-publish","format-standard","has-post-thumbnail","hentry","category-justicia-y-derecho"],"_links":{"self":[{"href":"https:\/\/diariodominicano.com\/index.php?rest_route=\/wp\/v2\/posts\/560237","targetHints":{"allow":["GET"]}}],"collection":[{"href":"https:\/\/diariodominicano.com\/index.php?rest_route=\/wp\/v2\/posts"}],"about":[{"href":"https:\/\/diariodominicano.com\/index.php?rest_route=\/wp\/v2\/types\/post"}],"author":[{"embeddable":true,"href":"https:\/\/diariodominicano.com\/index.php?rest_route=\/wp\/v2\/users\/7"}],"replies":[{"embeddable":true,"href":"https:\/\/diariodominicano.com\/index.php?rest_route=%2Fwp%2Fv2%2Fcomments&post=560237"}],"version-history":[{"count":1,"href":"https:\/\/diariodominicano.com\/index.php?rest_route=\/wp\/v2\/posts\/560237\/revisions"}],"predecessor-version":[{"id":560255,"href":"https:\/\/diariodominicano.com\/index.php?rest_route=\/wp\/v2\/posts\/560237\/revisions\/560255"}],"wp:featuredmedia":[{"embeddable":true,"href":"https:\/\/diariodominicano.com\/index.php?rest_route=\/wp\/v2\/media\/495896"}],"wp:attachment":[{"href":"https:\/\/diariodominicano.com\/index.php?rest_route=%2Fwp%2Fv2%2Fmedia&parent=560237"}],"wp:term":[{"taxonomy":"category","embeddable":true,"href":"https:\/\/diariodominicano.com\/index.php?rest_route=%2Fwp%2Fv2%2Fcategories&post=560237"},{"taxonomy":"post_tag","embeddable":true,"href":"https:\/\/diariodominicano.com\/index.php?rest_route=%2Fwp%2Fv2%2Ftags&post=560237"}],"curies":[{"name":"wp","href":"https:\/\/api.w.org\/{rel}","templated":true}]}}