{"id":560236,"date":"2024-09-19T16:34:02","date_gmt":"2024-09-19T20:34:02","guid":{"rendered":"https:\/\/diariodominicano.com\/?p=560236"},"modified":"2024-09-19T16:34:09","modified_gmt":"2024-09-19T20:34:09","slug":"dhario-primero-un-icono-de-la-balada-dominicana-con-mas-de-15-discos-y-una-trayectoria-impecable","status":"publish","type":"post","link":"https:\/\/diariodominicano.com\/?p=560236","title":{"rendered":"Dhar\u00edo Primero: Un \u00edcono de la balada dominicana con m\u00e1s de 15 discos y una trayectoria impecable"},"content":{"rendered":"\n<p><strong>(Preparado por Claudio Concepci\u00f3n)<\/strong><strong><br><\/strong>Dhar\u00edo Primero, pilar fundamental de la balada rom\u00e1ntica, sin\u00f3nimo de \u00e9xito perdurable. Con una carrera que abarca m\u00e1s de cuatro d\u00e9cadas, este talentoso cantante ha dejado una huella imborrable en la escena musical, consolid\u00e1ndose como uno de los int\u00e9rpretes destacados de la Rep\u00fablica Dominicana.<br>Con m\u00e1s de 15 discos de larga duraci\u00f3n, Dhar\u00edo Primero ha sabido capturar el coraz\u00f3n de su audiencia con su voz suave y emotiva, interpretando canciones que han marcado generaciones con su narrativa y particular estilo rock rom\u00e1ntico, sensual, dram\u00e1tico, y seductor. <\/p>\n\n\n\n<p><br>Desde sus inicios en la m\u00fasica, Dhar\u00edo Primero demostr\u00f3 un talento innato para interpretar baladas que tocan las fibras m\u00e1s profundas del alma.<br>Su m\u00fasica la produjo al amparo de inconfundibles talentos tanto en el pa\u00eds, como fuera, siempre estuvo acompa\u00f1ado de luminarias que aportan categor\u00eda especial a sus canciones con letras de amor, desilusi\u00f3n, engramas; pero tambi\u00e9n de esperanzas y nostalgias, algunas, de desaf\u00edos sociales, como el tema \u201cT\u00edo Juan\u201d; forman parte de los recuerdos y memorias m\u00e1s impactantes de las emociones de muchos dominicanos. <\/p>\n\n\n\n<figure class=\"wp-block-image\"><img decoding=\"async\" src=\"https:\/\/diariodominicano.com\/wp-content\/uploads\/2024\/09\/Dhario-Primero-Un-icono-de-la-balada-dominicana-1024x586.jpeg\" alt=\"\"\/><\/figure>\n\n\n\n<p><br><strong>Huellas en el tiempo<\/strong><br>Cada \u00e1lbum de Dhario Primero es un reflejo de su evoluci\u00f3n y seguimiento como artista, manteni\u00e9ndose fiel a su estilo, una reminiscencia de The Beatles, Willy Nelson, Sandro de Am\u00e9rica, Tom Jones, y Elvis Presley, fueron sus musas; mientras exploraba nuevas tem\u00e1ticas y sonidos. <\/p>\n\n\n\n<p><br>Dhar\u00edo Primero mantuvo en cada producci\u00f3n una pasi\u00f3n, creatividad, decidido esfuerzo, y determinaci\u00f3n personal, manifiesto en una calidad art\u00edstica que lo distingue en un g\u00e9nero musical que siempre ha sido altamente competitivo, \u00e9l estuvo desde el principio de su carrera comprometido con la excelencia y la competitividad. <\/p>\n\n\n\n<p><br>En declaraciones recientes el cantante dijo desvincularse de cualquier relaci\u00f3n con la empresa RR Entertainment Music, y niega su autorizaci\u00f3n para que su cat\u00e1logo de discos opere oficialmente a trav\u00e9s de una plataforma que no es la suya, igual para\u00a0 el\u00a0 manejo y representaci\u00f3n de su carrera art\u00edstica, incluyendo sus redes sociales. <\/p>\n\n\n\n<p><br>Dhario Primero, nativo del municipio La Canela, Santiago, inici\u00f3 su carrera musical en 1970. Su primer disco LP, \u201cSelecciones\u201d, fue grabado con parte de los m\u00fasicos de la Orquesta Sinf\u00f3nica de Radio City Music Hall, en la ciudad de Nueva York. Con giras exitosas por Chile, Argentina, Colombia, Venezuela, Ecuador, M\u00e9xico y Estados Unidos. <\/p>\n\n\n\n<p><br>El album \u00abTres amigos a la buena de Dios\u201d, de 1992, fue producido y dirigido por Jochy S\u00e1nchez y Manuel Tejada, con la participaci\u00f3n en coros de Maridal\u00eda Hern\u00e1ndez. Incluye los temas \u00abYo soy as\u00ed\u00bb, \u201cMi manera\u201d, \u201cAmar sin razonar\u201d y \u00abMadre, oye mi voz\u00bb. Con ellos tambi\u00e9n lanza en 1997 el disco \u00abEstampas\u201d, que contiene el tema \u00abT\u00edo Juan\u00bb, dirigido por Jos\u00e9 Enrique Pintor \u201cPinky\u201d; ganador del rengl\u00f3n \u201cVideoclip del a\u00f1o\u201d de premios Casandra (Hoy Soberano). <\/p>\n\n\n\n<p><br><strong>Grabaciones que perduran en el tiempo<\/strong><br>La discograf\u00eda de Dhar\u00edo Primero es extensa y variada, abarcando desde baladas cl\u00e1sicas hasta canciones m\u00e1s modernas, orquestadas y con arreglos modernos de importantes firmas y por agrupaciones musicales de gran relieve, siempre manteniendo ese toque rom\u00e1ntico que lo caracteriza. <\/p>\n\n\n\n<p><br>Canciones como \u00abLa distancia es solo una prueba\u00bb, \u00abTu recuerdo es mi amor \u00bb y \u00abSed de Amor\u00bb son solo algunas de las joyas musicales que forman parte de su legado. Estas melod\u00edas, interpretadas con la singular voz de Dhar\u00edo Primero, han trascendido el tiempo, manteni\u00e9ndose vigentes y continuando a ser redescubiertas por nuevas generaciones. <\/p>\n\n\n\n<p><br>Su exitosa carrera internacional le llev\u00f3 por toda Am\u00e9rica Latina, y fue uno de los artistas que m\u00e1s contactos, presentaciones e intercambios art\u00edsticos musicales realiz\u00f3; grab\u00f3 discos en Puerto Rico, M\u00e9xico y Argentina; obtuvo discos de oro y plata, se present\u00f3 en respetados escenarios como el teatro Blanquita, de la ciudad de M\u00e9xico, el Radio City Music Hall, United Palace y Madison Square Garden, de la ciudad de Nueva York. <\/p>\n\n\n\n<p><br><strong>Una trayectoria de oro<br><\/strong>La carrera de Dhario Primero es un testimonio de un artista selfmade que se agenci\u00f3 su espacio en medio de las adversidades de sus tiempos, su legado en la m\u00fasica dominicana es incuestionable, y su influencia en el g\u00e9nero de la balada se siente en cada nueva generaci\u00f3n de cantantes que buscan conocer sus gigantes y vencedores pasos. <\/p>\n\n\n\n<p><br>El cantante tiene en agenda proyectos importantes, trabaja en un disco nuevo, un compendio editado de sus m\u00e1s grandes \u00e9xitos y un gran concierto con sus canciones elevadas musicalmente a categor\u00eda filarm\u00f3nica con avanzados recursos t\u00e9cnicos y sorpresas de su trayectoria en escena. <\/p>\n\n\n\n<p><br>Las cuentas oficiales del artista son: dhario_primero, en Instagram, y\u00a0 Dhario Primero, en Facebook.<\/p>\n\n\n\n<p>Oscar Polanco oscarpolanco.santiagord@gmail.com <\/p>\n","protected":false},"excerpt":{"rendered":"<p>(Preparado por Claudio Concepci\u00f3n)Dhar\u00edo Primero, pilar fundamental de la balada rom\u00e1ntica, sin\u00f3nimo de \u00e9xito perdurable. Con una carrera que abarca m\u00e1s de cuatro d\u00e9cadas, este talentoso cantante ha dejado una huella imborrable en la escena musical, consolid\u00e1ndose como uno de los int\u00e9rpretes destacados de la Rep\u00fablica Dominicana.Con m\u00e1s de 15 discos de larga duraci\u00f3n, Dhar\u00edo [&hellip;]<\/p>\n","protected":false},"author":7,"featured_media":560251,"comment_status":"closed","ping_status":"closed","sticky":false,"template":"","format":"standard","meta":{"footnotes":""},"categories":[25],"tags":[],"class_list":["post-560236","post","type-post","status-publish","format-standard","has-post-thumbnail","hentry","category-gente"],"_links":{"self":[{"href":"https:\/\/diariodominicano.com\/index.php?rest_route=\/wp\/v2\/posts\/560236","targetHints":{"allow":["GET"]}}],"collection":[{"href":"https:\/\/diariodominicano.com\/index.php?rest_route=\/wp\/v2\/posts"}],"about":[{"href":"https:\/\/diariodominicano.com\/index.php?rest_route=\/wp\/v2\/types\/post"}],"author":[{"embeddable":true,"href":"https:\/\/diariodominicano.com\/index.php?rest_route=\/wp\/v2\/users\/7"}],"replies":[{"embeddable":true,"href":"https:\/\/diariodominicano.com\/index.php?rest_route=%2Fwp%2Fv2%2Fcomments&post=560236"}],"version-history":[{"count":1,"href":"https:\/\/diariodominicano.com\/index.php?rest_route=\/wp\/v2\/posts\/560236\/revisions"}],"predecessor-version":[{"id":560254,"href":"https:\/\/diariodominicano.com\/index.php?rest_route=\/wp\/v2\/posts\/560236\/revisions\/560254"}],"wp:featuredmedia":[{"embeddable":true,"href":"https:\/\/diariodominicano.com\/index.php?rest_route=\/wp\/v2\/media\/560251"}],"wp:attachment":[{"href":"https:\/\/diariodominicano.com\/index.php?rest_route=%2Fwp%2Fv2%2Fmedia&parent=560236"}],"wp:term":[{"taxonomy":"category","embeddable":true,"href":"https:\/\/diariodominicano.com\/index.php?rest_route=%2Fwp%2Fv2%2Fcategories&post=560236"},{"taxonomy":"post_tag","embeddable":true,"href":"https:\/\/diariodominicano.com\/index.php?rest_route=%2Fwp%2Fv2%2Ftags&post=560236"}],"curies":[{"name":"wp","href":"https:\/\/api.w.org\/{rel}","templated":true}]}}