{"id":56016,"date":"2020-11-27T22:41:53","date_gmt":"2020-11-27T22:41:53","guid":{"rendered":"http:\/\/diariodominicano.ddns.net\/?p=56016"},"modified":"2020-11-27T22:41:53","modified_gmt":"2020-11-27T22:41:53","slug":"suicidios-historicos-iii-dos-poetas-y-un-presidente-silva-garcia-y-arenas","status":"publish","type":"post","link":"https:\/\/diariodominicano.com\/?p=56016","title":{"rendered":"SUICIDIOS HIST\u00d3RICOS (III). DOS POETAS Y UN PRESIDENTE: SILVA, GARC\u00cdA Y ARENAS."},"content":{"rendered":"<p><body><\/p>\n<p><img decoding=\"async\" src=\"img3\/Suicidios Historicos III Dos Poetas Y Un Presidente Silva, Garcia Y Arenas.jpg\" \/>  <\/p>\n<p><strong>Diariodominicano.com<\/strong><\/p>\n<p><strong>SUICIDIOS HIST\u00d3RICOS (III). DOS POETAS Y UN PRESIDENTE: SILVA, GARC\u00cdA Y ARENAS. <\/strong><\/p>\n<p><strong>POR TE\u00d3FILO LAPPOT ROBLES<\/strong><\/p>\n<\/p>\n<p>Albert Camus,  en  su ensayo filos\u00f3fico titulado El Mito de S\u00edsifo, se refiere a que \u00abno hay m\u00e1s que un problema filos\u00f3fico verdaderamente serio: el suicidio.\u00bb Tal vez el gran novelista, fil\u00f3sofo y dramaturgo franc\u00e9s fue muy absoluto en su juicio al respecto, aunque para ello se apoyara en parte en las reflexiones del poeta griego P\u00edndaro.<\/p>\n<p>Lo cierto es que se hace dif\u00edcil tan siquiera aproximarse a juzgar los por qu\u00e9 de la suprema decisi\u00f3n de  los suicidas. No basta para clarificar ideas en torno a ese tema, tan humano y a la vez misterioso, colocarse en el pedestal de la filosof\u00eda. <\/p>\n<p>Los ejemplos que describo a continuaci\u00f3n son pruebas elocuentes de los meandros que tiene la mente.<\/p>\n<\/p>\n<p><strong>Jos\u00e9 Asunci\u00f3n Silva G\u00f3mez<\/strong><\/p>\n<\/p>\n<p>Jos\u00e9 Asunci\u00f3n Silva G\u00f3mez fue un poeta colombiano que en la madrugada del domingo 24 de mayo de 1896, en la calle 14 No.13 de un barrio bogotano, decidi\u00f3 desvincularse de la vida terrenal cuando apenas ten\u00eda 30 a\u00f1os de edad.<\/p>\n<p>Dicen que estaba abrumado por deudas y otras muchas dificultades e incomprensiones que considero innecesario enumerar aqu\u00ed.<\/p>\n<p>Algunos de sus bi\u00f3grafos han escrito que cerca de su cad\u00e1ver hab\u00eda un ejemplar del libro titulado El Triunfo de la muerte, autor\u00eda del periodista, poeta y novelista de los Abruzzos italianos Gabriele D Annunzio.<\/p>\n<p>Tal vez lo hab\u00eda le\u00eddo con alguna delectaci\u00f3n morbosa antes de auto infligirse un balazo en el coraz\u00f3n, poniendo as\u00ed t\u00e9rmino a sus pesares.<\/p>\n<p>Como en muchos suicidios famosos, en el de Jos\u00e9 Asunci\u00f3n Silva no dej\u00f3 de haber controversia, especialmente en los primeros 50 a\u00f1os de su tr\u00e1gica muerte. Se tejieron y destejieron mil y una versiones sobre su tr\u00e1gica decisi\u00f3n, de la cual \u00e9l no dej\u00f3 ninguna nota.<\/p>\n<p>Uno de sus bi\u00f3grafos, Enrique Santos Molano, dice que lo que hubo fue un asesinato, y basa esa afirmaci\u00f3n un tanto estramb\u00f3tica en una serie de detalles que desgrana y trata de explicar para conducir a su hip\u00f3tesis sin elementos probatorios que la sustenten.<\/p>\n<p>As\u00ed escribi\u00f3 Santos Molano, embistiendo como un moloso a todos los que ten\u00edan una opini\u00f3n diferente a la suya sobre el tema: \u00abNo hay tal depresi\u00f3n del poeta, ni un suicidio anunciado&#8230;Nunca hubo crisis de nervios en Silva, era un hombre aplomado, la locura s\u00fabita es descartada. No hay tales amores incestuosos&#8230;las pruebas circunstanciales recogidas en esta investigaci\u00f3n me han dejado con la convicci\u00f3n absoluta de que Silva no se dispar\u00f3 sino que le dispararon.\u00bb1<\/p>\n<p>Silva escribi\u00f3 muchos poemas, entre ellos m\u00e1s de 20 que por su calidad han superado el tiempo y se mantienen entre los mejores de Am\u00e9rica. Tambi\u00e9n cultiv\u00f3 brevemente la prosa con su novela titulada  De Sobremesa.<\/p>\n<p>Su poemario inicial lo titul\u00f3 Poes\u00edas.  Esa obra ser\u00eda luego prologada por nada m\u00e1s y nada menos que Miguel de Unamuno, un nombre sonoro en las letras y la intelectualidad hispanoamericana de finales del siglo antepasado y las 3 primeras d\u00e9cadas del siglo 20.<\/p>\n<p>Unamuno escribi\u00f3 que la originalidad de Silva estaba en el fondo, en la forma, en el tono y en el ritmo interior. Y subi\u00f3 el pend\u00f3n de su admiraci\u00f3n hacia el poeta bogotano as\u00ed: \u00abSilva canta como un p\u00e1jaro, pero un p\u00e1jaro triste, que siente el advenimiento de la muerte a la hora en que se acuesta el sol.\u00bb2 <\/p>\n<p>A pesar de que no lleg\u00f3 a madurar su gran potencial po\u00e9tico est\u00e1 considerado en la historia de la literatura latinoamericana como uno de los principales impulsadores del Modernismo que, en su esencia y autenticidad, fue uno de los mayores aportes de las letras de esta regi\u00f3n al mundo.<\/p>\n<p>Se celebran, sin ning\u00fan pero en el camino, sus rimas como \u00abagua\/fragua\/piragua\u00bb, en su  poema Paisaje Tropical. Y en Serenata descuelga la consonancia con \u00abnarra\/barra\/guitarra.\u00bb Parte de esa cualificaci\u00f3n po\u00e9tica la describi\u00f3 en el 1942 Fernando Vallejo al analizar el universo po\u00e9tico del poeta bogotano suicida en su ensayo titulado La Muerte de Silva.3 <\/p>\n<p>Hay un amplio consenso entre los estudiosos de la historia po\u00e9tica latinoamericana de que Silva fue el que coloc\u00f3 por primera vez el erotismo en la poes\u00eda colombiana cuando divulg\u00f3 poemas as\u00ed: \u00abDesnuda t\u00fa en mis brazos fueron m\u00edos tus besos\/Temblabas y eras m\u00eda, temblabas y eras m\u00eda bajo el follaje espeso.\u00bb<\/p>\n<p>En algunos c\u00edrculos a Silva se le conoc\u00eda como el ilustre cachaco, por descender de bogotanos, y por su propio nacimiento en la capital de Colombia.<\/p>\n<p>Su val\u00eda en la literatura no s\u00f3lo est\u00e1 consignada en su aparici\u00f3n en muchas de las principales antolog\u00edas sobre la poes\u00eda del siglo pasado, sino tambi\u00e9n porque su nombre figura desde hace muchas d\u00e9cadas en los principales an\u00e1lisis sobre las letras hispanoamericanas, y espec\u00edficamente sobre el Modernismo.<\/p>\n<p>El escritor y pol\u00edtico argentino Alberto Ghiraldo escribi\u00f3 en el 1932 un ensayo sobre la producci\u00f3n literaria del insigne poeta nicarag\u00fcense Rub\u00e9n Dar\u00edo,  y al referirse a los precursores del Modernismo hace menci\u00f3n de manera destacada y reiterada de Jos\u00e9 Asunci\u00f3n Silva G\u00f3mez.<\/p>\n<p>En efecto, as\u00ed se expres\u00f3 Ghiraldo hace ahora 88 a\u00f1os desde su c\u00e1tedra en Madrid: \u00abGuti\u00e9rrez N\u00e1jera en M\u00e9jico, Jos\u00e9 Asunci\u00f3n Silva en Colombia, Juli\u00e1n del Casal en Cuba, y Jos\u00e9 Mart\u00ed y Rub\u00e9n Dar\u00edo en Am\u00e9rica toda y en Espa\u00f1a, son los autores&#8230;de un movimiento que ha dado por resultado el actual modernismo, o sea esa sensibilidad de estilo de que est\u00e1n impregnados los poetas sucesores del romanticismo&#8230;\u00bb4 <\/p>\n<p>Es posible que Rub\u00e9n Dar\u00edo se inspirara en la tr\u00e1gica figura de Silva cuando le dedic\u00f3 un poema a los poetas: \u00abY el mundo a carcajadas se r\u00ede del poeta y le apellida loco, demente, so\u00f1ador, y por el mundo vaga cantando solitario, sin sue\u00f1os en la mente, sin goces en el alma, llorando entre el recuerdo de su perdido amor&#8230;Prosigue, triste poeta, cantando tus pesares; con tu celeste numen s\u00e9 siempre bueno y fiel.\u00bb<\/p>\n<p>Tan importante ha sido siempre la poes\u00eda brotada de las profundidades del alma de Jos\u00e9 Asunci\u00f3n Silva, que en una ocasi\u00f3n sirvi\u00f3 de guarida emocional a Pablo Neruda cuando lleg\u00f3 a dar una conferencia a los miembros de un sindicado de cargadores de productos agr\u00edcolas en el mercado popular m\u00e1s grande de Santiago de Chile.<\/p>\n<p>As\u00ed se expres\u00f3 el Premio Nobel de Literatura Pablo Neruda: \u00abCuando entr\u00e9 a aquella sala destartalada sent\u00ed el fr\u00edo del Nocturno de Jos\u00e9 Asunci\u00f3n Silva, no s\u00f3lo por lo avanzado del invierno, sino por el ambiente que me dejaba at\u00f3nito. Sentados en cajones o en improvisados bancos de madera, unos cincuenta hombres me esperaban.\u00bb5 <\/p>\n<p><strong>El gran dominicano Pedro Henr\u00edquez Ure\u00f1a hace m\u00e1s de una menci\u00f3n del poeta Silva en sus estudios m\u00e9tricos. Dice que en eso de crear pie sil\u00e1bico Silva fue precursor de Rub\u00e9n Dar\u00edo. <\/strong><\/p>\n<p>Henr\u00edquez Ure\u00f1a, considerado uno de los m\u00e1s eminentes intelectuales del siglo 20 en todo el continente americano, se expres\u00f3 as\u00ed: \u00abProbablemente, Silva precedi\u00f3 a Dar\u00edo tambi\u00e9n en la afici\u00f3n al eneas\u00edlabo.\u00bb6<\/p>\n<p>Algunos ex\u00e9getas de la ic\u00f3nica novela Cien A\u00f1os de Soledad, de Gabriel Garc\u00eda M\u00e1rquez, han situado a Jos\u00e9 Asunci\u00f3n Silva como uno de sus personajes, haciendo una vinculaci\u00f3n del frustrado balazo en una zona cercana del coraz\u00f3n que se hizo el coronel Aureliano Buend\u00eda y el plomazo mortal del poeta bogotano. <\/p>\n<p>Esa conexi\u00f3n la hacen aprovechando los dos tiempos (el hist\u00f3rico y el m\u00edstico) que aparecen en esa obra del genio del poblado de Aracataca, en el mar Caribe que ba\u00f1a una parte de Colombia. <\/p>\n<\/p>\n<p><strong>Alan Garc\u00eda P\u00e9rez<\/strong><\/p>\n<\/p>\n<p>El  abogado, pol\u00edtico, orador y escritor Alan Gabriel Garc\u00eda P\u00e9rez est\u00e1 en la larga y accidentada historia del Per\u00fa como uno de sus personajes m\u00e1s emblem\u00e1ticos.<\/p>\n<p>Naci\u00f3 en la costa peruana, espec\u00edficamente en su principal ciudad, Lima, el 23 de mayo de 1949. Tuvo un largo ejercicio en la vida p\u00fablica de ese pa\u00eds que forma parte del Altiplano andino.<\/p>\n<p>Se suicid\u00f3 de un balazo en la cabeza en su domicilio lime\u00f1o la ma\u00f1ana del 17 de abril del 2019, hace ahora menos de dos a\u00f1os, cuando fiscales y polic\u00edas fueron a capturarlo, con una orden de detenci\u00f3n preliminar, por sus presuntas vinculaciones con actividades criminales patrocinadas por una empresa brasile\u00f1a que corrompi\u00f3 a centenares de pol\u00edticos, empresarios y cabilderos en varios pa\u00edses de Am\u00e9rica Latina.<\/p>\n<p>Alan Garc\u00eda era uno de los pol\u00edticos de estos tiempos con mayor formaci\u00f3n acad\u00e9mica, habi\u00e9ndose educado en universidades peruanas, espa\u00f1olas y francesas, tal y como se comprueba al leer su extenso curriculum vitae.<\/p>\n<p>Fue presidente del Per\u00fa durante dos per\u00edodos no consecutivos: Desde el 28 de julio de 1985 hasta el 28 de julio de 1990 y desde el 28 de julio del 2006 hasta el 28 de julio del 2011.<\/p>\n<p>Tambi\u00e9n fue diputado y senador. Escribi\u00f3 varios libros de historia y de doctrina pol\u00edtica. Pose\u00eda una depurada y persuasiva oratoria. Era un pensador.<\/p>\n<p>En su primer per\u00edodo gubernamental tuvo fuertes enfrentamientos con los organismos financieros internacionales, lo cual provoc\u00f3 que la Rep\u00fablica del Per\u00fa sufriera una desconocida hiperinflaci\u00f3n,  lo cual hizo que la moneda se devaluara, con un alt\u00edsimo costo para su estructura industrial y comercial y el consecuente constre\u00f1imiento econ\u00f3mico para la poblaci\u00f3n.<\/p>\n<p><strong>La decisi\u00f3n  del presidente Alan Garc\u00eda de s\u00f3lo pagar la deuda internacional hasta el 10% de las entradas que recib\u00eda el pa\u00eds por sus exportaciones cre\u00f3 un enorme disgusto en el Fondo Monetario Internacional, poderoso organismo que le fue cerrando las puertas para que la tierra de Santa Rosa de Lima y Chabuca Granda no tuviera acceso a las fuentes econ\u00f3micas externas. <\/strong><\/p>\n<p>Su casa pol\u00edtica fue el Partido Aprista Peruano, fundado y dirigido hasta su muerte por el fil\u00f3sofo, antrop\u00f3logo, economista y brillante l\u00edder pol\u00edtico V\u00edctor Ra\u00fal Haya de la Torre. <\/p>\n<p>El fundador de la plataforma pol\u00edtica donde se form\u00f3 Alan Garc\u00eda estaba exiliado en M\u00e9xico, (donde lleg\u00f3 expulsado de su tierra por el presidente Augusto Bernardino Legu\u00eda, por ser un f\u00e9rreo opositor a su gobierno dictatorial conocido como el Oncenio). <\/p>\n<p>Fue en M\u00e9xico que Haya de la Torre cre\u00f3 dicho partido, en el 1924.  Originalmente lo llam\u00f3 Alianza Popular Revolucionaria Americana, con el objetivo de diseminar por toda Am\u00e9rica Latina movimientos pol\u00edticos y sociales que sirvieran de escudo protector para enfrentar las pol\u00edticas expansionistas y de imposici\u00f3n econ\u00f3mica y militar de los EE.UU.<\/p>\n<p>Los padres de Alan Garc\u00eda tambi\u00e9n formaron parte del grupo de fundadores de ese hist\u00f3rico partido que se convirti\u00f3 en una escuela pol\u00edtica para muchos dirigentes latinoamericanos que ve\u00edan en Haya de la Torre una figura fuera de serie, por su inteligencia, honestidad y tenacidad.<\/p>\n<p>Precisamente el suicida Garc\u00eda P\u00e9rez fue uno de los alumnos m\u00e1s cercanos de Haya de la Torre, del cual escribi\u00f3 lo siguiente: \u00abEstaba en un campamento juvenil del partido a orillas del r\u00edo R\u00edmac. No me separaba ni cinco metros de este semidi\u00f3s y me sent\u00eda como en la Capilla Sixtina. Era imponente, un vasco antiguo, blanco y con barba, con una enorme cabeza que para m\u00ed solo pod\u00eda ser sin\u00f3nimo de una maciza inteligencia.\u00bb7<\/p>\n<p>Cuando termin\u00f3 su primer gobierno fue objeto de una tenaz persecuci\u00f3n de parte de su sucesor Alberto Fujimori. \u00c9ste renunci\u00f3 casi 8 a\u00f1os despu\u00e9s, v\u00eda fax desde Jap\u00f3n,  envuelto en un may\u00fasculo esc\u00e1ndalo  de robos y cr\u00edmenes. Garc\u00eda retorn\u00f3 a su pa\u00eds y despu\u00e9s de un primer fracaso electoral volvi\u00f3 a ganar las elecciones presidenciales, culminando su segundo mandato, como indico m\u00e1s arriba, el 28 de julio del 2011.<\/p>\n<p><strong>Reinaldo Arenas Fuentes<\/strong><\/p>\n<\/p>\n<p>Reinaldo Arenas Fuentes fue un novelista, poeta, ensayista y dramaturgo cubano, nacido el 16 de julio de 1943 en un peque\u00f1o pueblo de nombre po\u00e9tico, Aguas Claras. <\/p>\n<p>Tuvo una vida siempre trillada al borde del precipicio de su propia existencia, tal y como lo relata \u00e9l mismo en una de sus obras esenciales. Fue contrario a la dictadura batistiana, apoy\u00f3 en principio al gobierno instaurado en Cuba desde 1959 y luego se convirti\u00f3, por una mir\u00edada de motivos, en un disidente con categor\u00eda de peligro. <\/p>\n<p>En su pentagon\u00eda novel\u00edstica versada sobre la Revoluci\u00f3n Cubana Reinaldo Arenas Fuentes desgaja, con no poco desparpajo, su entusiasmo inicial, su desilusi\u00f3n, desenga\u00f1o y  finalmente su abierto enfrentamiento con los comandantes que en el 1959 destruyeron el entramado de latrocinio y cr\u00edmenes que hasta entonces encabezaba el que en una ocasi\u00f3n fue llamado por alguien de los servicios secretos estadounidenses como \u00abun sargento llamado Batista\u00bb. <\/p>\n<p>Reconocidos sodomistas, locas regias les llam\u00f3 Arenas, le abrieron en su tierra natal un expediente de sodom\u00eda (tipificado de crimen en el c\u00f3digo penal cubano, con los matices de lo que fue una real c\u00e9dula impuesta en el 1516 por el rey espa\u00f1ol Carlos V). Eso formaba parte del largo rosario de acusaciones en su contra por ser contestatario al r\u00e9gimen pol\u00edtico de su pa\u00eds.<\/p>\n<p>Por razones pol\u00edticas m\u00e1s que personales padeci\u00f3 durante largos meses (1974-76) en  La Habana los suplicios de las mazmorras del Castillo del Morro, tambi\u00e9n en Villa Marista y otra c\u00e1rcel situada en un sector llamado Flores. El narra con precisi\u00f3n milim\u00e9trica los horrores vivi\u00f3 junto a otros en esos lugares. (Antes de que Anochezca, p\u00e1ginas 203-248).<\/p>\n<p>Finalmente pudo irse de Cuba como parte del \u00e9xodo conocido como el Mariel, que se produjo en 1980, y donde se col\u00f3 con aut\u00e9nticos disidentes una morralla humana que en cierto modo representaba parte de la hez social habanera.<\/p>\n<p>Su salida de Cuba no fue f\u00e1cil para \u00e9l. Tuvo que transformarse metaf\u00f3ricamente en una especie de harina de centeno, cebada, yuca, trigo, ma\u00edz o avena, pues para abordar uno de los barcos cambi\u00f3 su apellido Arenas por Arinas, o sea que sali\u00f3 al exilio del que no retorn\u00f3 como Reinaldo Arinas. Era el surrealismo caribe\u00f1o otra vez en su m\u00e1xima expresi\u00f3n. <\/p>\n<p>Reinaldo Arenas se  suicid\u00f3 en la ciudad de New York, EE.UU., el d\u00eda 7 de diciembre de 1990, cuando ten\u00eda 47 a\u00f1os de edad. Hab\u00eda desarrollado una vida intensa en muchas vertientes de su existencia.<\/p>\n<p>Los nubarrones de la impotencia f\u00edsica (por los efectos del sida que padec\u00eda) y sentimental por las a\u00f1oranzas de su patria, hab\u00edan hecho estragos en \u00e9l y ya no pod\u00eda asimilar los sabores de la vida. <\/p>\n<p>El gran escritor cubano Guillermo Cabrera Infante, una de las plumas m\u00e1s c\u00e9lebres de Am\u00e9rica Latina, al referirse a Reinaldo Arenas y a su obra literaria pint\u00f3 este estremecedor cuadro: \u00abSu pansexualismo es, siempre, homosexual. Lo que lo hace una versi\u00f3n cubana y campesina de un Walt Whitman de la prosa y, a veces, de una prosa po\u00e9tica que es un lastre de ocasi\u00f3n en ocasi\u00f3n.\u00bb8<\/p>\n<p>El poeta Arenas fue uno de esos seres con una marca distintiva en su vida; de los que pueden ser localizados en su mismidad como se hace con las huellas que dejan en su desplazamiento por tierra mojada las gallinas recentinas para llegar al lugar donde acurrucan sus polluelos.<\/p>\n<p>En la lectura de su autobiograf\u00eda novelada titulada Antes de que Anochezca el lector capta que Arenas era un pensador que reflexionaba sobre Nuestra Se\u00f1ora de la Caridad, tambi\u00e9n llamada la virgen del Cobre, y su hermoso santuario situado a unos 18 kil\u00f3metros al oeste de la gran ciudad de Santiago de Cuba; pero tambi\u00e9n incursionaba en juicios sobre la santer\u00eda, con la religi\u00f3n yoruba y sus orishas m\u00e1s famosos como Obbatal\u00e1, Yemay\u00e1, Osh\u00fan y para de contar. <\/p>\n<p>Sin embargo, \u00e9l nunca encontr\u00f3 acomodo ni en un lado ni en el otro. Ello dicho sin que predominara en su ser una creencia espec\u00edfica sobre otras vertientes de la religiosidad.<\/p>\n<p>Reinaldo Arenas comienza el cap\u00edtulo final de la referida autobiograf\u00eda con estas reveladoras palabras: \u00abLos sue\u00f1os y tambi\u00e9n las pesadillas han ocupado gran parte de mi vida. Siempre fui a la cama como quien se prepara para un largo viaje: libros, pastillas, vasos de agua, relojes, una luz, l\u00e1pices, cuadernos. Llegar a la cama y apagar la luz ha sido para m\u00ed como entregarme a un mundo absolutamente desconocido y lleno de promesas, lo mismo deliciosas que siniestras.\u00bb9 <\/p>\n<\/p>\n<p>Cuando se leen las obras de Reinaldo Arenas, y se conoce su trayectoria vital, a uno le asalta la impresi\u00f3n de que a \u00e9l la vida le fue peor que la muerte, en diapas\u00f3n con una de las c\u00e9lebres reflexiones del neur\u00f3logo austriaco Sigmund Freud.<\/p>\n<p>La \u00faltima prueba de lo anterior qued\u00f3 demostrada en uno de los papeles que \u00e9l  dej\u00f3 no publicados. Fue su nota de despedida, en la cual, entre otras cosas, dijo: \u00abQueridos amigos: debido al estado precario de mi salud y a mi terrible depresi\u00f3n sentimental que siento al no poder seguir escribiendo y luchando por la libertad de Cuba, pongo fin a mi vida&#8230;Mi mensaje no es un mensaje de derrota, sino de lucha y esperanza&#8230;Cuba ser\u00e1 libre. Yo ya lo soy.\u00bb10  <\/p>\n<p>M\u00e1s expl\u00edcito no pod\u00eda ser el escritor colombiano Jos\u00e9 Guillermo \u00c1ngel (Memo \u00c1njel) cuando  escribi\u00f3  de  Arenas lo siguiente: \u00abLiteratura que consume, sexo pasivo y pol\u00edtica, conforman la trilog\u00eda del escritor cubano Reinaldo Arenas. Y no por partes sino juntas, como una llamarada creada por un adicto a todos los fuegos, los del infierno y las velas de las iglesias.\u00bb11 <\/p>\n<p><strong>Bibliograf\u00eda:<\/strong><\/p>\n<p>1-El coraz\u00f3n del poeta.Biograf\u00eda de Silva.s\/p de imprenta,1942. Enrique Santos Molano.<\/p>\n<p>2- Pr\u00f3logo a Jos\u00e9 Asunci\u00f3n Silva, Poes\u00edas.Salamanca, Espa\u00f1a, marzo de 1908. Miguel de Unamuno.<\/p>\n<p>3-La muerte de Silva, Bogot\u00e1, 1942. Credencial Historia No.76.Fernando Vallejo.  <\/p>\n<p>4-Pr\u00f3logo del libro \u00abRub\u00e9n Dar\u00edo.Obras po\u00e9ticas completas.\u00bbMadrid, Espa\u00f1a,1932. Alberto Ghiraldo. Reimpresa en R.D. por editora Alfa y Omega,1986.<\/p>\n<p>5- Confieso que he vivido. Editora Mediasap Group, 1974.P277.Edici\u00f3n dominicana patrocinada por El Siglo,1974.Pablo Neruda. <\/p>\n<p>6-Obras completas, tomo III. Estudios m\u00e9tricos. Editora Universal, 2003.Pp431 y 432.Pedro Henr\u00edquez Ure\u00f1a.<\/p>\n<p>7-V\u00edctor Ra\u00fal Haya de la Torre visto por Alan Garc\u00eda.<\/p>\n<p>8- La destrucci\u00f3n del sexo. El Pa\u00eds, 29 de mayo de 1992. Guillermo Cabrera Infante.<\/p>\n<p>9-Antes de que Anochezca. Impresora Grafos, Barcelona, Espa\u00f1a.4ta.edici\u00f3n,2004.P335. Reinaldo Arenas.<\/p>\n<p>10-Nota de despedida, New York, EE.UU. Diciembre 1990. Reinaldo Arenas.<\/p>\n<p>11-Reinaldo Arenas contra Fidel: sin vida en la isla y sin nada por fuera de la isla. Madrid. El Mundo.2016. Memo \u00c1njel.<\/p>\n<\/p>\n<h6> 2020-11-27 22:41:53 <\/h6>\n<p><!--\n<link rel=\"stylesheet\" href=\"css\/bootstrap.min.css\">\n\n\n<ul class=\"pagination\">\n\t    \n\t\n\n<li >\n\t<a href='?page_no=7'>Previous<\/a>\n\t<\/li>\n\n\n       \n    \n\n<li><a href='?page_no=1'>1<\/a><\/li>\n\n\n\n<li><a href='?page_no=2'>2<\/a><\/li>\n\n\n\n<li><a>...<\/a><\/li>\n\n\n\n<li><a href='?page_no=6'>6<\/a><\/li>\n\n\n\n<li><a href='?page_no=7'>7<\/a><\/li>\n\n\n\n<li class='active'><a>8<\/a><\/li>\n\n\n\n<li><a href='?page_no=9'>9<\/a><\/li>\n\n\n\n<li><a href='?page_no=10'>10<\/a><\/li>\n\n\n\n<li><a>...<\/a><\/li>\n\n\n\n<li><a href='?page_no=22911'>22911<\/a><\/li>\n\n\n\n<li><a href='?page_no=22912'>22912<\/a><\/li>\n\n    \n\t\n\n<li >\n\t<a href='?page_no=9'>Next<\/a>\n\t<\/li>\n\n\n    \n\n<li><a href='?page_no=22912'>Last &rsaquo;&rsaquo;<\/a><\/li>\n\n<\/ul>\n\n\n--><br \/>\n<\/body><\/p>\n","protected":false},"excerpt":{"rendered":"<p>Diariodominicano.com SUICIDIOS HIST\u00d3RICOS (III). DOS POETAS Y UN PRESIDENTE: SILVA, GARC\u00cdA Y ARENAS. POR TE\u00d3FILO LAPPOT ROBLES Albert Camus, en su ensayo filos\u00f3fico titulado El Mito de S\u00edsifo, se refiere a que \u00abno hay m\u00e1s que un problema filos\u00f3fico verdaderamente serio: el suicidio.\u00bb Tal vez el gran novelista, fil\u00f3sofo y dramaturgo franc\u00e9s fue muy absoluto [&hellip;]<\/p>\n","protected":false},"author":3,"featured_media":0,"comment_status":"open","ping_status":"open","sticky":false,"template":"","format":"standard","meta":{"footnotes":""},"categories":[21],"tags":[],"class_list":["post-56016","post","type-post","status-publish","format-standard","hentry","category-cultura"],"_links":{"self":[{"href":"https:\/\/diariodominicano.com\/index.php?rest_route=\/wp\/v2\/posts\/56016","targetHints":{"allow":["GET"]}}],"collection":[{"href":"https:\/\/diariodominicano.com\/index.php?rest_route=\/wp\/v2\/posts"}],"about":[{"href":"https:\/\/diariodominicano.com\/index.php?rest_route=\/wp\/v2\/types\/post"}],"author":[{"embeddable":true,"href":"https:\/\/diariodominicano.com\/index.php?rest_route=\/wp\/v2\/users\/3"}],"replies":[{"embeddable":true,"href":"https:\/\/diariodominicano.com\/index.php?rest_route=%2Fwp%2Fv2%2Fcomments&post=56016"}],"version-history":[{"count":0,"href":"https:\/\/diariodominicano.com\/index.php?rest_route=\/wp\/v2\/posts\/56016\/revisions"}],"wp:attachment":[{"href":"https:\/\/diariodominicano.com\/index.php?rest_route=%2Fwp%2Fv2%2Fmedia&parent=56016"}],"wp:term":[{"taxonomy":"category","embeddable":true,"href":"https:\/\/diariodominicano.com\/index.php?rest_route=%2Fwp%2Fv2%2Fcategories&post=56016"},{"taxonomy":"post_tag","embeddable":true,"href":"https:\/\/diariodominicano.com\/index.php?rest_route=%2Fwp%2Fv2%2Ftags&post=56016"}],"curies":[{"name":"wp","href":"https:\/\/api.w.org\/{rel}","templated":true}]}}