{"id":560067,"date":"2024-09-18T16:44:49","date_gmt":"2024-09-18T20:44:49","guid":{"rendered":"https:\/\/diariodominicano.com\/?p=560067"},"modified":"2024-09-18T16:47:47","modified_gmt":"2024-09-18T20:47:47","slug":"ministerio-de-trabajo-invita-a-jornada-de-empleo-para-hotel-en-miches","status":"publish","type":"post","link":"https:\/\/diariodominicano.com\/?p=560067","title":{"rendered":"Trabajo invita a jornada de empleo para hotel en Miches"},"content":{"rendered":"\n<p><strong>Santo Domingo.<\/strong>&nbsp;El Ministerio de Trabajo en su funci\u00f3n de intermediario de las empresas que necesitan cubrir sus vacantes disponibles, invita a las personas interesadas a participar en la jornada de empleo para hotel en Miches, este viernes 20 de septiembre del 2024.<\/p>\n\n\n\n<p>La misma&nbsp; se llevar\u00e1 a cabo de 9:00 de la ma\u00f1ana a 2:00 de la tarde.<\/p>\n\n\n\n<p>La feria se realizar\u00e1 en la Universidad Aut\u00f3noma de Santo Domingo (UASD), Calle Faustino Echavarr\u00eda esq. Calle Las Mercedes (Frente al Parque Central).<\/p>\n\n\n\n<p>Las vacantes para esta jornada son&nbsp;<strong>500:&nbsp;<\/strong>Cajero general, analista financiero, auditor ingresos, contralor de costos, gerente de cr\u00e9dito, auxiliar contable, gerente de impuestos, supervisor de recepci\u00f3n, agente de recepci\u00f3n, agente nocturno de recepci\u00f3n, coordinador servicio nocturno, supervisor de tel\u00e9fonos, agente de tel\u00e9fonos, agente de servicio, (Concierge), mayordomo, botones, coordinador de reservaciones.<\/p>\n\n\n\n<p>Supervisor de ama de llaves, coordinador de ama de llaves, camarista, conserje de limpieza (Housekeeping), supervisor de \u00e1reas p\u00fablicas, auxiliar de \u00e1reas p\u00fablicas, segundo chef, chef restaurante de especialidades, chef inspector, supervisor de cocina, cocinero A, cocinero B, carnicero, chef pastelero, segundo chef pastelero, pastelero, chef panadero, panadero, chef de banquetes, gerente, asistente de gerente, jefe tanda nocturna, supervisor, cocina principal.<\/p>\n\n\n\n<p>Restaurantes, c\u00e1mara basura, supervisor nocturno,&nbsp; lava vajillas nocturno, capit\u00e1n de restaurante, mesero restaurante, ayudante mesero de restaurante, anfitri\u00f3n (Hostess), capit\u00e1n de bar, cantinero, ayudante de cantinero, supervisor de banquetes, mesero de banquetes, montador de banquetes, mesero de habitaciones, ayudante de meseros servicio al cuarto, supervisor minibar, surtidor minibar, supervisor de entretenimiento, auxiliar club ni\u00f1os, core\u00f3grafo\/escen\u00f3grafo.<\/p>\n\n\n\n<p>Entrenador de gimnasio, disy\u00f3quey (DJ), auxiliar de entretenimiento, supervisor de lavander\u00eda, operador de lavander\u00eda, supervisor de mantenimiento, coordinador ambiental, asistente administrativa mantenimiento, coordinador de ingenier\u00eda, supervisor de piscina y playa, coordinador de piscina y playa, supervisor de jardiner\u00eda, supervisor de spa, promotora de spa, recepcionista de spa, terapeuta, personal \u00e1rea p\u00fablica de spa y piscina, supervisor de almac\u00e9n, encargado de almac\u00e9n, recibidor de mercanc\u00eda,&nbsp; repartidor de mercanc\u00edas, agente de seguridad, supervisor de seguridad, salvavidas, supervisor de transportaci\u00f3n, chofer.<\/p>\n\n\n\n<p>Los aspirantes deben tener conocimientos en el \u00e1rea a aplicar, disponibilidad inmediata y certificados t\u00e9cnicos o profesionales.<\/p>\n\n\n\n<p>El Ministerio de Trabajo aclara que el proceso de reclutamiento depende de cada empresa, algunas de ellas toman un poco m\u00e1s de tiempo, debido a la naturaleza de sus vacantes.<\/p>\n\n\n\n<p>Los interesados favor registrarse en la p\u00e1gina web:&nbsp;<strong><a href=\"http:\/\/rdtrabaja.mt.gob.do\/\" target=\"_blank\" rel=\"noreferrer noopener\">rdtrabaja.mt.gob.do<\/a><\/strong>&nbsp;o llamar al tel\u00e9fono: (809) 486- 0815.<\/p>\n\n\n\n<p><strong>Direcci\u00f3n de Comunicaciones<\/strong><\/p>\n\n\n\n<p><strong>Ministerio de Trabajo<\/strong><\/p>\n\n\n\n<p>Comunicaciones<\/p>\n\n\n\n<p>Comunicaciones (De tus contactos de Google)<\/p>\n\n\n\n<p><a target=\"_blank\" href=\"mailto:comunicaciones@mt.gob.do\" rel=\"noreferrer noopener\">comunicaciones@mt.gob.do<\/a><\/p>\n","protected":false},"excerpt":{"rendered":"<p>Santo Domingo.&nbsp;El Ministerio de Trabajo en su funci\u00f3n de intermediario de las empresas que necesitan cubrir sus vacantes disponibles, invita a las personas interesadas a participar en la jornada de empleo para hotel en Miches, este viernes 20 de septiembre del 2024. La misma&nbsp; se llevar\u00e1 a cabo de 9:00 de la ma\u00f1ana a 2:00 [&hellip;]<\/p>\n","protected":false},"author":7,"featured_media":498583,"comment_status":"closed","ping_status":"closed","sticky":true,"template":"","format":"standard","meta":{"footnotes":""},"categories":[36,18],"tags":[],"class_list":["post-560067","post","type-post","status-publish","format-standard","has-post-thumbnail","hentry","category-hombresmujeresycosas","category-economia"],"_links":{"self":[{"href":"https:\/\/diariodominicano.com\/index.php?rest_route=\/wp\/v2\/posts\/560067","targetHints":{"allow":["GET"]}}],"collection":[{"href":"https:\/\/diariodominicano.com\/index.php?rest_route=\/wp\/v2\/posts"}],"about":[{"href":"https:\/\/diariodominicano.com\/index.php?rest_route=\/wp\/v2\/types\/post"}],"author":[{"embeddable":true,"href":"https:\/\/diariodominicano.com\/index.php?rest_route=\/wp\/v2\/users\/7"}],"replies":[{"embeddable":true,"href":"https:\/\/diariodominicano.com\/index.php?rest_route=%2Fwp%2Fv2%2Fcomments&post=560067"}],"version-history":[{"count":3,"href":"https:\/\/diariodominicano.com\/index.php?rest_route=\/wp\/v2\/posts\/560067\/revisions"}],"predecessor-version":[{"id":560116,"href":"https:\/\/diariodominicano.com\/index.php?rest_route=\/wp\/v2\/posts\/560067\/revisions\/560116"}],"wp:featuredmedia":[{"embeddable":true,"href":"https:\/\/diariodominicano.com\/index.php?rest_route=\/wp\/v2\/media\/498583"}],"wp:attachment":[{"href":"https:\/\/diariodominicano.com\/index.php?rest_route=%2Fwp%2Fv2%2Fmedia&parent=560067"}],"wp:term":[{"taxonomy":"category","embeddable":true,"href":"https:\/\/diariodominicano.com\/index.php?rest_route=%2Fwp%2Fv2%2Fcategories&post=560067"},{"taxonomy":"post_tag","embeddable":true,"href":"https:\/\/diariodominicano.com\/index.php?rest_route=%2Fwp%2Fv2%2Ftags&post=560067"}],"curies":[{"name":"wp","href":"https:\/\/api.w.org\/{rel}","templated":true}]}}