{"id":560065,"date":"2024-09-18T16:21:10","date_gmt":"2024-09-18T20:21:10","guid":{"rendered":"https:\/\/diariodominicano.com\/?p=560065"},"modified":"2024-09-18T16:21:13","modified_gmt":"2024-09-18T20:21:13","slug":"agn-pondra-en-circulacion-libro-consumo-familiar-desafios-fiscales-y-la-economia-en-un-mundo-convulso","status":"publish","type":"post","link":"https:\/\/diariodominicano.com\/?p=560065","title":{"rendered":"AGN pondr\u00e1 en circulaci\u00f3n libro Consumo familiar, desaf\u00edos fiscales y la econom\u00eda en un mundo convulso"},"content":{"rendered":"\n<p><strong>Santo Domingo. &#8211;<\/strong>&nbsp;El Archivo General de la Naci\u00f3n, anunci\u00f3 la puesta en circulaci\u00f3n del libro&nbsp;<em>Consumo familiar, desaf\u00edos fiscales y la econom\u00eda en un mundo convulso<\/em>, autor\u00eda de Isidoro Santana. El evento tendr\u00e1 lugar el jueves 19 de septiembre a las 7:00 p.m. en el Sal\u00f3n de Conferencias del AGN.<\/p>\n\n\n\n<p>La obra analiza la canasta de consumo de los hogares dominicanos, abordando su evoluci\u00f3n hist\u00f3rica y los cambios que ha experimentado, especialmente tras la pandemia de COVID-19.<\/p>\n\n\n\n<p>El autor destaca en el pr\u00f3logo que desde 2020, el mundo ha enfrentado una serie de adversidades, comenzando con la crisis sanitaria de la COVID-19, que trajo consigo confinamientos, paralizaci\u00f3n econ\u00f3mica y alteraciones en los patrones sociales. A estas dificultades le sigui\u00f3 una crisis econ\u00f3mica global que, aunque llev\u00f3 a una r\u00e1pida recuperaci\u00f3n, gener\u00f3 una inflaci\u00f3n sin precedentes desde la d\u00e9cada de 1980.<\/p>\n\n\n\n<figure class=\"wp-block-image\"><img decoding=\"async\" src=\"https:\/\/diariodominicano.com\/wp-content\/uploads\/2024\/09\/AGN-pondra-en-circulacion-libro-Consumo-familiar-desafios-fiscales-y-la-economia-en-un-mundo-convulso-791x1024.png\" alt=\"\"\/><\/figure>\n\n\n\n<p>El AGN extiende la invitaci\u00f3n a todos los interesados en temas hist\u00f3ricos y econ\u00f3micos a participar en este evento cultural, que tambi\u00e9n podr\u00e1 seguirse en l\u00ednea a trav\u00e9s del canal de YouTube del AGNRD y en la p\u00e1gina web oficial&nbsp;<a href=\"http:\/\/www.agn.gob.do\/\" target=\"_blank\" rel=\"noreferrer noopener\">www.agn.gob.do<\/a>.<\/p>\n\n\n\n<p>Relaciones Publicas relacionespublicas@agn.gob.do <\/p>\n","protected":false},"excerpt":{"rendered":"<p>Santo Domingo. &#8211;&nbsp;El Archivo General de la Naci\u00f3n, anunci\u00f3 la puesta en circulaci\u00f3n del libro&nbsp;Consumo familiar, desaf\u00edos fiscales y la econom\u00eda en un mundo convulso, autor\u00eda de Isidoro Santana. El evento tendr\u00e1 lugar el jueves 19 de septiembre a las 7:00 p.m. en el Sal\u00f3n de Conferencias del AGN. La obra analiza la canasta de [&hellip;]<\/p>\n","protected":false},"author":7,"featured_media":560077,"comment_status":"closed","ping_status":"closed","sticky":false,"template":"","format":"standard","meta":{"footnotes":""},"categories":[25],"tags":[],"class_list":["post-560065","post","type-post","status-publish","format-standard","has-post-thumbnail","hentry","category-gente"],"_links":{"self":[{"href":"https:\/\/diariodominicano.com\/index.php?rest_route=\/wp\/v2\/posts\/560065","targetHints":{"allow":["GET"]}}],"collection":[{"href":"https:\/\/diariodominicano.com\/index.php?rest_route=\/wp\/v2\/posts"}],"about":[{"href":"https:\/\/diariodominicano.com\/index.php?rest_route=\/wp\/v2\/types\/post"}],"author":[{"embeddable":true,"href":"https:\/\/diariodominicano.com\/index.php?rest_route=\/wp\/v2\/users\/7"}],"replies":[{"embeddable":true,"href":"https:\/\/diariodominicano.com\/index.php?rest_route=%2Fwp%2Fv2%2Fcomments&post=560065"}],"version-history":[{"count":1,"href":"https:\/\/diariodominicano.com\/index.php?rest_route=\/wp\/v2\/posts\/560065\/revisions"}],"predecessor-version":[{"id":560086,"href":"https:\/\/diariodominicano.com\/index.php?rest_route=\/wp\/v2\/posts\/560065\/revisions\/560086"}],"wp:featuredmedia":[{"embeddable":true,"href":"https:\/\/diariodominicano.com\/index.php?rest_route=\/wp\/v2\/media\/560077"}],"wp:attachment":[{"href":"https:\/\/diariodominicano.com\/index.php?rest_route=%2Fwp%2Fv2%2Fmedia&parent=560065"}],"wp:term":[{"taxonomy":"category","embeddable":true,"href":"https:\/\/diariodominicano.com\/index.php?rest_route=%2Fwp%2Fv2%2Fcategories&post=560065"},{"taxonomy":"post_tag","embeddable":true,"href":"https:\/\/diariodominicano.com\/index.php?rest_route=%2Fwp%2Fv2%2Ftags&post=560065"}],"curies":[{"name":"wp","href":"https:\/\/api.w.org\/{rel}","templated":true}]}}