{"id":559984,"date":"2024-09-18T00:12:35","date_gmt":"2024-09-18T04:12:35","guid":{"rendered":"https:\/\/diariodominicano.com\/?p=559984"},"modified":"2024-09-18T00:14:35","modified_gmt":"2024-09-18T04:14:35","slug":"congreso-medico-sobre-autismo-abierto-a-educadores-y-familias","status":"publish","type":"post","link":"https:\/\/diariodominicano.com\/?p=559984","title":{"rendered":"Congreso M\u00e9dico sobre Autismo Abierto a educadores y familias"},"content":{"rendered":"\n<p> Doctor Robert Melillo<\/p>\n\n\n\n<p><strong>Participar\u00e1n dos expertos internacionales<\/strong><\/p>\n\n\n\n<p><strong>SANTO DOMINGO<\/strong>, RD. \u2013 La Fundaci\u00f3n Hope for Autism anunci\u00f3 la segunda versi\u00f3n del \u201cEncuentro Autismo 2024\u201d, jornada de un d\u00eda dedicado a la atenci\u00f3n del Trastorno del Espectro Autista (TEA), con la participaci\u00f3n de reconocidos expertos internacionales en el tema.<\/p>\n\n\n\n<p>Lisbeth Cabrera Del Cid, principal ejecutiva de la fundaci\u00f3n, inform\u00f3 que la actividad se realizar\u00e1 el pr\u00f3ximo d\u00eda 9 de noviembre en el hotel Crown Plaza en Santo Domingo.&nbsp; \u201cHope for Autism\u201d es una organizaci\u00f3n sin fines de lucro, cuyo objetivo es apoyar a las personas para que logren vidas independientes y desarrollen su m\u00e1ximo potencial.<\/p>\n\n\n\n<p>La segunda versi\u00f3n del \u201cEncuentro Autismo\u201d se dedicar\u00e1 a analizar y educar la importancia de una acci\u00f3n cient\u00edfica integral de intervenci\u00f3n, para mejorar su calidad de vida, en las personas que han recibido un diagn\u00f3stico de autismo.<\/p>\n\n\n\n<p>La se\u00f1ora Cabrera explico que la segunda versi\u00f3n de este encuentro cient\u00edfico ofrecer\u00e1 informaci\u00f3n actualizada sobre los diferentes enfoques de atenci\u00f3n integral del Trastorno del Espectro Autista, \u00fatil y necesaria para los m\u00e9dicos, terapeutas, educadores y familias que deben manejar esta condici\u00f3n.&nbsp;&nbsp;<\/p>\n\n\n\n<p>Ofrecer\u00e1n una conferencia el doctor Robert Melillo, m\u00e9dico de renombre mundial, profesor, investigador del cerebro y autor de varios bestsellers, quien expondr\u00e1 acerca de \u201cLo que pasa en el cerebro con Trastorno del TEA y otros des\u00f3rdenes\u201d; y hablar\u00e1 sobre \u201cLa causa ra\u00edz de los S\u00edndromes de Desconexi\u00f3n Funcional y c\u00f3mo pueden mejorarse\u201d.&nbsp;&nbsp;&nbsp;&nbsp;&nbsp;&nbsp;&nbsp;&nbsp;&nbsp;&nbsp;&nbsp;&nbsp;&nbsp;&nbsp;&nbsp;&nbsp;&nbsp;&nbsp;&nbsp;&nbsp;&nbsp;&nbsp;&nbsp;&nbsp;&nbsp;&nbsp;&nbsp;&nbsp;&nbsp;&nbsp;&nbsp;&nbsp;&nbsp;&nbsp;&nbsp;&nbsp;&nbsp;&nbsp;&nbsp;&nbsp;&nbsp;&nbsp;&nbsp;&nbsp;&nbsp;&nbsp;&nbsp;&nbsp;&nbsp;&nbsp;&nbsp;&nbsp;&nbsp;&nbsp;&nbsp;&nbsp;&nbsp;&nbsp;&nbsp;&nbsp;&nbsp;&nbsp;&nbsp;&nbsp;&nbsp;<\/p>\n\n\n\n<p>Tambi\u00e9n intervendr\u00e1 el doctor Nicol\u00e1s Loyacono, m\u00e9dico argentino, Director de la Sociedad Argentina de Neurodesarrollo y Trastornos Asociados, quien cuenta con publicaciones y trabajos cient\u00edficos sobre TEA.&nbsp; Por Rep\u00fablica Dominicana, participar\u00e1 como panelista la doctora Patricia Recio, neur\u00f3loga internista, experta en movimientos anormales y&nbsp; neuroinmunolog\u00eda.<\/p>\n\n\n\n<p>Cabrera resalt\u00f3 el compromiso que asume la Fundaci\u00f3n Hope for Autism (@hopeforautismdr) en apoyar a la sociedad dominicana y a las familias que manejan personas con autismo, que necesitan informaci\u00f3n actualizada sobre este tema.<\/p>\n\n\n\n<p><strong>M\u00e1s sobre el doctor Robert Melillo<\/strong><\/p>\n\n\n\n<p>Melillo es un destacado experto en afecciones neurol\u00f3gicas del desarrollo como el Trastorno por D\u00e9ficit Atencional e Hiperactividad (TDAH), autismo, Trastorno Obsesivo Compulsivo (TOC) y Trastorno del Espectro Autista (TEA), tics, dislexia, ansiedad y depresi\u00f3n tanto en ni\u00f1os como en adultos.<\/p>\n\n\n\n<p>Es un doctor, quiropr\u00e1ctico especializado en neurolog\u00eda funcional, de renombre mundial, profesor e investigador en trastornos neurol\u00f3gicos infantiles, adem\u00e1s de creador del Programa de Equilibrio Cerebral.<\/p>\n\n\n\n<p>Su experiencia en neuroanatom\u00eda funcional y neurofisiolog\u00eda es respaldada por 30 a\u00f1os como m\u00e9dico, profesor, investigador del cerebro y autor de bestsellers. Su libro Ni\u00f1os Desconectados, ya en su tercera edici\u00f3n, se ha traducido a 16 idiomas. Es cofundador de Brain Balance Achievement Centers y desarrollador del Melillo Method\u00ae, tambi\u00e9n dirige el Melillo Center for Developing Minds en Nueva York y dirige el Instituto Nacional de Ciencias del Cerebro. \/\/\/\/&#8211;<br><br>\u00a0 \u00a0 \u00a0\u00a0 Andr\u00e9s F. Lora<\/p>\n","protected":false},"excerpt":{"rendered":"<p>Doctor Robert Melillo Participar\u00e1n dos expertos internacionales SANTO DOMINGO, RD. \u2013 La Fundaci\u00f3n Hope for Autism anunci\u00f3 la segunda versi\u00f3n del \u201cEncuentro Autismo 2024\u201d, jornada de un d\u00eda dedicado a la atenci\u00f3n del Trastorno del Espectro Autista (TEA), con la participaci\u00f3n de reconocidos expertos internacionales en el tema. Lisbeth Cabrera Del Cid, principal ejecutiva de [&hellip;]<\/p>\n","protected":false},"author":28,"featured_media":559985,"comment_status":"closed","ping_status":"closed","sticky":true,"template":"","format":"standard","meta":{"footnotes":""},"categories":[36,20,25],"tags":[],"class_list":["post-559984","post","type-post","status-publish","format-standard","has-post-thumbnail","hentry","category-hombresmujeresycosas","category-dominicana-hoy","category-gente"],"_links":{"self":[{"href":"https:\/\/diariodominicano.com\/index.php?rest_route=\/wp\/v2\/posts\/559984","targetHints":{"allow":["GET"]}}],"collection":[{"href":"https:\/\/diariodominicano.com\/index.php?rest_route=\/wp\/v2\/posts"}],"about":[{"href":"https:\/\/diariodominicano.com\/index.php?rest_route=\/wp\/v2\/types\/post"}],"author":[{"embeddable":true,"href":"https:\/\/diariodominicano.com\/index.php?rest_route=\/wp\/v2\/users\/28"}],"replies":[{"embeddable":true,"href":"https:\/\/diariodominicano.com\/index.php?rest_route=%2Fwp%2Fv2%2Fcomments&post=559984"}],"version-history":[{"count":2,"href":"https:\/\/diariodominicano.com\/index.php?rest_route=\/wp\/v2\/posts\/559984\/revisions"}],"predecessor-version":[{"id":559987,"href":"https:\/\/diariodominicano.com\/index.php?rest_route=\/wp\/v2\/posts\/559984\/revisions\/559987"}],"wp:featuredmedia":[{"embeddable":true,"href":"https:\/\/diariodominicano.com\/index.php?rest_route=\/wp\/v2\/media\/559985"}],"wp:attachment":[{"href":"https:\/\/diariodominicano.com\/index.php?rest_route=%2Fwp%2Fv2%2Fmedia&parent=559984"}],"wp:term":[{"taxonomy":"category","embeddable":true,"href":"https:\/\/diariodominicano.com\/index.php?rest_route=%2Fwp%2Fv2%2Fcategories&post=559984"},{"taxonomy":"post_tag","embeddable":true,"href":"https:\/\/diariodominicano.com\/index.php?rest_route=%2Fwp%2Fv2%2Ftags&post=559984"}],"curies":[{"name":"wp","href":"https:\/\/api.w.org\/{rel}","templated":true}]}}