{"id":559886,"date":"2024-09-17T14:37:09","date_gmt":"2024-09-17T18:37:09","guid":{"rendered":"https:\/\/diariodominicano.com\/?p=559886"},"modified":"2024-09-17T14:37:14","modified_gmt":"2024-09-17T18:37:14","slug":"dia-nacional-de-mexico","status":"publish","type":"post","link":"https:\/\/diariodominicano.com\/?p=559886","title":{"rendered":"D\u00eda Nacional de M\u00e9xico"},"content":{"rendered":"\n<p>Antony J. Blinken secretario de Estado<\/p>\n\n\n\n<p>Comunicado de prensa<\/p>\n\n\n\n<p>16 de septiembre de 2024<\/p>\n\n\n\n<p>En nombre de los Estados Unidos de Am\u00e9rica, env\u00edo nuestros mejores deseos al pueblo de M\u00e9xico en ocasi\u00f3n del 214 aniversario de su independencia.<\/p>\n\n\n\n<p>Como vecinos, socios y amigos, M\u00e9xico y los Estados Unidos comparten valores comunes y profundos lazos familiares y culturales que unen a nuestros pueblos. Juntos hemos construido una alianza estrat\u00e9gica duradera que ha hecho de Am\u00e9rica del Norte la regi\u00f3n m\u00e1s competitiva y pr\u00f3spera del mundo.<\/p>\n\n\n\n<p>Esperamos seguir profundizando nuestra amistad y cooperaci\u00f3n para promover los valores democr\u00e1ticos compartidos, la seguridad mutua y el crecimiento econ\u00f3mico. Les hago llegar mis felicitaciones en honor y reconocimiento por su D\u00eda de la Independencia y deseo al pueblo mexicano paz y prosperidad.<\/p>\n\n\n\n<p>U.S. Department of State<\/p>\n\n\n\n<p>U.S. Department of State ()<\/p>\n\n\n\n<p><a target=\"_blank\" href=\"mailto:usstatebpa@public.govdelivery.com\" rel=\"noreferrer noopener\">usstatebpa@public.govdelivery.com<\/a><\/p>\n","protected":false},"excerpt":{"rendered":"<p>Antony J. Blinken secretario de Estado Comunicado de prensa 16 de septiembre de 2024 En nombre de los Estados Unidos de Am\u00e9rica, env\u00edo nuestros mejores deseos al pueblo de M\u00e9xico en ocasi\u00f3n del 214 aniversario de su independencia. Como vecinos, socios y amigos, M\u00e9xico y los Estados Unidos comparten valores comunes y profundos lazos familiares [&hellip;]<\/p>\n","protected":false},"author":28,"featured_media":556695,"comment_status":"closed","ping_status":"closed","sticky":true,"template":"","format":"standard","meta":{"footnotes":""},"categories":[26,23],"tags":[],"class_list":["post-559886","post","type-post","status-publish","format-standard","has-post-thumbnail","hentry","category-efemerides","category-internacional"],"_links":{"self":[{"href":"https:\/\/diariodominicano.com\/index.php?rest_route=\/wp\/v2\/posts\/559886","targetHints":{"allow":["GET"]}}],"collection":[{"href":"https:\/\/diariodominicano.com\/index.php?rest_route=\/wp\/v2\/posts"}],"about":[{"href":"https:\/\/diariodominicano.com\/index.php?rest_route=\/wp\/v2\/types\/post"}],"author":[{"embeddable":true,"href":"https:\/\/diariodominicano.com\/index.php?rest_route=\/wp\/v2\/users\/28"}],"replies":[{"embeddable":true,"href":"https:\/\/diariodominicano.com\/index.php?rest_route=%2Fwp%2Fv2%2Fcomments&post=559886"}],"version-history":[{"count":1,"href":"https:\/\/diariodominicano.com\/index.php?rest_route=\/wp\/v2\/posts\/559886\/revisions"}],"predecessor-version":[{"id":559887,"href":"https:\/\/diariodominicano.com\/index.php?rest_route=\/wp\/v2\/posts\/559886\/revisions\/559887"}],"wp:featuredmedia":[{"embeddable":true,"href":"https:\/\/diariodominicano.com\/index.php?rest_route=\/wp\/v2\/media\/556695"}],"wp:attachment":[{"href":"https:\/\/diariodominicano.com\/index.php?rest_route=%2Fwp%2Fv2%2Fmedia&parent=559886"}],"wp:term":[{"taxonomy":"category","embeddable":true,"href":"https:\/\/diariodominicano.com\/index.php?rest_route=%2Fwp%2Fv2%2Fcategories&post=559886"},{"taxonomy":"post_tag","embeddable":true,"href":"https:\/\/diariodominicano.com\/index.php?rest_route=%2Fwp%2Fv2%2Ftags&post=559886"}],"curies":[{"name":"wp","href":"https:\/\/api.w.org\/{rel}","templated":true}]}}