{"id":559869,"date":"2024-09-17T13:10:12","date_gmt":"2024-09-17T17:10:12","guid":{"rendered":"https:\/\/diariodominicano.com\/?p=559869"},"modified":"2024-09-17T13:10:15","modified_gmt":"2024-09-17T17:10:15","slug":"afirma-en-la-uasd-que-los-refrigerantes-no-representan-peligro-para-la-capa-de-ozono","status":"publish","type":"post","link":"https:\/\/diariodominicano.com\/?p=559869","title":{"rendered":"Afirma en la  UASD  que los refrigerantes no representan peligro para la capa de ozono"},"content":{"rendered":"\n<p>El experto mexicano en refrigeraci\u00f3n, \u00d3scar Maldonado durante su disertaci\u00f3n en la conferencia \u00abNuevas Alternativas en Gases Refrigerantes\u00bb, en el marco del simposio\u00a0 Eficiencia Energ\u00e9tica en Refrigeraci\u00f3n y Aire Acondicionado en Edificios P\u00fablicos.&#8211;<\/p>\n\n\n\n<p>La Facultad de Ingenier\u00eda y Arquitectura (FIA) de la Universidad Aut\u00f3noma de Santo Domingo (UASD) auspici\u00f3 la conferencia \u00abNuevas Alternativas en Gases Refrigerantes\u00bb, en el marco del simposio \u201cEficiencia Energ\u00e9tica en Refrigeraci\u00f3n y Aire Acondicionado en Edificios P\u00fablicos\u201d.<\/p>\n\n\n\n<p>El disertante fue el experto mexicano en refrigeraci\u00f3n \u00d3scar Maldonado,&nbsp;quien dijo representar a la empresa mexicana Quimob\u00e1sicos, y que se especializa en fabricar gases refrigerantes R22.<\/p>\n\n\n\n<p>Explic\u00f3 que \u00ablos gases refrigerantes son compuestos qu\u00edmicos, ya sean muy simples o avanzados, y que a veces \u00e9stos vienen puros o en mezclas de varias sustancias de los mismos\u00bb.<\/p>\n\n\n\n<p>Puntualiz\u00f3 que la tendencia hoy en reducir el GWP (Potencial de Calentamiento Global) a menos de 500 \u00f3 150 en su impacto al efecto invernadero del medio ambiente.<\/p>\n\n\n\n<p>A\u00f1adi\u00f3 que la utilidad del gas refrigerante radica en ser utilizado en cadena de fr\u00edo. \u00abTodo equipo que sea utilizado para enfriar o congelar contiene gas refrigerante, desde neveras, el aire acondicionado para&nbsp; veh\u00edculos o la climatizaci\u00f3n de una infraestructura para empresa o un hogar.<\/p>\n\n\n\n<p>Describi\u00f3 que los productos de la compa\u00f1\u00eda que representa vienen enlatados en envases de 250 gramos hasta en cilindros no retornables de 6.8 y 13.6, adem\u00e1s, en ISO tanques, carrotanques o la capacidad requerida por demanda a especificaci\u00f3n por el cliente.<\/p>\n\n\n\n<p>Refiri\u00f3 que \u00aba trav\u00e9s de la historia hemos visto c\u00f3mo los gases refrigerantes hac\u00edan da\u00f1o a la capa de ozono. Los actuales no representan un peligro e inclusive el da\u00f1o a \u00e9sta se regenera debido a que no utilizamos mol\u00e9culas de cloro y ahora es amigable al medio ambiente\u00bb.<\/p>\n\n\n\n<p>Advirti\u00f3 que existe a\u00fan el problema del efecto invernadero, producido por los gases refrigerantes, al tener un impacto y potencial de calentamiento global, porque su acumulaci\u00f3n evita la no salida de los rayos del sol al exterior.<\/p>\n\n\n\n<p>La actividad celebrada en el edificio de Laboratorios de Alta Tecnolog\u00eda de la academia, cont\u00f3 con la presencia de maestros, estudiantes, personal administrativo, empresarios, egresados, t\u00e9cnicos del sector y p\u00fablico interesado en temas de climatizaci\u00f3n y conservaci\u00f3n de productos perecederos.<\/p>\n\n\n\n<p>Relaciones P\u00fablicas<\/p>\n","protected":false},"excerpt":{"rendered":"<p>El experto mexicano en refrigeraci\u00f3n, \u00d3scar Maldonado durante su disertaci\u00f3n en la conferencia \u00abNuevas Alternativas en Gases Refrigerantes\u00bb, en el marco del simposio\u00a0 Eficiencia Energ\u00e9tica en Refrigeraci\u00f3n y Aire Acondicionado en Edificios P\u00fablicos.&#8211; La Facultad de Ingenier\u00eda y Arquitectura (FIA) de la Universidad Aut\u00f3noma de Santo Domingo (UASD) auspici\u00f3 la conferencia \u00abNuevas Alternativas en Gases [&hellip;]<\/p>\n","protected":false},"author":28,"featured_media":0,"comment_status":"closed","ping_status":"closed","sticky":true,"template":"","format":"standard","meta":{"footnotes":""},"categories":[18],"tags":[],"class_list":["post-559869","post","type-post","status-publish","format-standard","hentry","category-economia"],"_links":{"self":[{"href":"https:\/\/diariodominicano.com\/index.php?rest_route=\/wp\/v2\/posts\/559869","targetHints":{"allow":["GET"]}}],"collection":[{"href":"https:\/\/diariodominicano.com\/index.php?rest_route=\/wp\/v2\/posts"}],"about":[{"href":"https:\/\/diariodominicano.com\/index.php?rest_route=\/wp\/v2\/types\/post"}],"author":[{"embeddable":true,"href":"https:\/\/diariodominicano.com\/index.php?rest_route=\/wp\/v2\/users\/28"}],"replies":[{"embeddable":true,"href":"https:\/\/diariodominicano.com\/index.php?rest_route=%2Fwp%2Fv2%2Fcomments&post=559869"}],"version-history":[{"count":1,"href":"https:\/\/diariodominicano.com\/index.php?rest_route=\/wp\/v2\/posts\/559869\/revisions"}],"predecessor-version":[{"id":559870,"href":"https:\/\/diariodominicano.com\/index.php?rest_route=\/wp\/v2\/posts\/559869\/revisions\/559870"}],"wp:attachment":[{"href":"https:\/\/diariodominicano.com\/index.php?rest_route=%2Fwp%2Fv2%2Fmedia&parent=559869"}],"wp:term":[{"taxonomy":"category","embeddable":true,"href":"https:\/\/diariodominicano.com\/index.php?rest_route=%2Fwp%2Fv2%2Fcategories&post=559869"},{"taxonomy":"post_tag","embeddable":true,"href":"https:\/\/diariodominicano.com\/index.php?rest_route=%2Fwp%2Fv2%2Ftags&post=559869"}],"curies":[{"name":"wp","href":"https:\/\/api.w.org\/{rel}","templated":true}]}}