{"id":559714,"date":"2024-09-17T01:07:01","date_gmt":"2024-09-17T05:07:01","guid":{"rendered":"https:\/\/diariodominicano.com\/?p=559714"},"modified":"2024-09-17T01:15:27","modified_gmt":"2024-09-17T05:15:27","slug":"nutrihealth-medicina-estetica-y-capilar-inaugura-5ta-sucursal-en-san-cristobal","status":"publish","type":"post","link":"https:\/\/diariodominicano.com\/?p=559714","title":{"rendered":"Nutr\u00edhealth Medicina Est\u00e9tica y Capilar inaugura 5ta sucursal en San Crist\u00f3bal"},"content":{"rendered":"\n<p><em>La nueva sede contar\u00e1 con los equipos m\u00e1s avanzados a nivel corporal, como son el l\u00e1ser fraccionado c02, para cicatrices por abdominoplastia, cambio de implantes de senos, flacidez, estr\u00edas, entre otros, y a nivel capilar el casco KAVEL de luz led utilizado en el \u00e1rea de tricolog\u00eda y medicina capilar<\/em><em>.<\/em><\/p>\n\n\n\n<p><strong>San Crist\u00f3bal, 2024<\/strong><strong>:<\/strong>&nbsp;&#8211;&nbsp;Con el objetivo de continuar a la vanguardia expandiendo su compromiso con la salud, la belleza y el bienestar, los ejecutivos de Nutr\u00edhealth Medicina Est\u00e9tica y Capilar, inauguraron su 5ta sucursal en la provincia de San Crist\u00f3bal.&nbsp;<\/p>\n\n\n\n<figure class=\"wp-block-gallery has-nested-images columns-default is-cropped wp-block-gallery-1 is-layout-flex wp-block-gallery-is-layout-flex\">\n<figure class=\"wp-block-image size-large\"><img loading=\"lazy\" decoding=\"async\" width=\"1024\" height=\"683\" data-id=\"559734\" src=\"https:\/\/diariodominicano.com\/wp-content\/uploads\/2024\/09\/Joandry-Rodriguez-Arline-Lopez-Leslie-Matos-Claudia-Avendano-Erinelis-Valdez-Arcelis-Franco-Maria-Guillen-1024x683.jpg\" alt=\"\" class=\"wp-image-559734\" srcset=\"https:\/\/diariodominicano.com\/wp-content\/uploads\/2024\/09\/Joandry-Rodriguez-Arline-Lopez-Leslie-Matos-Claudia-Avendano-Erinelis-Valdez-Arcelis-Franco-Maria-Guillen-1024x683.jpg 1024w, https:\/\/diariodominicano.com\/wp-content\/uploads\/2024\/09\/Joandry-Rodriguez-Arline-Lopez-Leslie-Matos-Claudia-Avendano-Erinelis-Valdez-Arcelis-Franco-Maria-Guillen-300x200.jpg 300w, https:\/\/diariodominicano.com\/wp-content\/uploads\/2024\/09\/Joandry-Rodriguez-Arline-Lopez-Leslie-Matos-Claudia-Avendano-Erinelis-Valdez-Arcelis-Franco-Maria-Guillen-768x512.jpg 768w, https:\/\/diariodominicano.com\/wp-content\/uploads\/2024\/09\/Joandry-Rodriguez-Arline-Lopez-Leslie-Matos-Claudia-Avendano-Erinelis-Valdez-Arcelis-Franco-Maria-Guillen-1536x1024.jpg 1536w, https:\/\/diariodominicano.com\/wp-content\/uploads\/2024\/09\/Joandry-Rodriguez-Arline-Lopez-Leslie-Matos-Claudia-Avendano-Erinelis-Valdez-Arcelis-Franco-Maria-Guillen-2048x1365.jpg 2048w, https:\/\/diariodominicano.com\/wp-content\/uploads\/2024\/09\/Joandry-Rodriguez-Arline-Lopez-Leslie-Matos-Claudia-Avendano-Erinelis-Valdez-Arcelis-Franco-Maria-Guillen-816x544.jpg 816w\" sizes=\"auto, (max-width: 1024px) 100vw, 1024px\" \/><figcaption class=\"wp-element-caption\">Joandry Rodr\u00edguez, Arline L\u00f3pez, Leslie Matos, Claudia Avenda\u00f1o, Erinelis Valdez, Arcelis Franco, Mar\u00eda Guillen <\/figcaption><\/figure>\n<\/figure>\n\n\n\n<p>Las palabras centrales del acto inaugural fueron ofrecidas por\u00a0<strong>Claudia Avenda\u00f1o, CEO de Nutr\u00edhealth<\/strong>, quien agradeci\u00f3 a los presentes el honor y el privilegio de poder contar con su asistencia, para inaugurar esta nueva sede de Nutr\u00edhealth Medicina Est\u00e9tica y Capilar.<\/p>\n\n\n\n<figure class=\"wp-block-gallery has-nested-images columns-default is-cropped wp-block-gallery-2 is-layout-flex wp-block-gallery-is-layout-flex\">\n<figure class=\"wp-block-image size-large\"><img loading=\"lazy\" decoding=\"async\" width=\"1024\" height=\"683\" data-id=\"559727\" src=\"https:\/\/diariodominicano.com\/wp-content\/uploads\/2024\/09\/Adalgisa-Basora-Veronica-Velez-Carmen-Martinez-Laura-Lopez-1024x683.jpg\" alt=\"\" class=\"wp-image-559727\" srcset=\"https:\/\/diariodominicano.com\/wp-content\/uploads\/2024\/09\/Adalgisa-Basora-Veronica-Velez-Carmen-Martinez-Laura-Lopez-1024x683.jpg 1024w, https:\/\/diariodominicano.com\/wp-content\/uploads\/2024\/09\/Adalgisa-Basora-Veronica-Velez-Carmen-Martinez-Laura-Lopez-300x200.jpg 300w, https:\/\/diariodominicano.com\/wp-content\/uploads\/2024\/09\/Adalgisa-Basora-Veronica-Velez-Carmen-Martinez-Laura-Lopez-768x512.jpg 768w, https:\/\/diariodominicano.com\/wp-content\/uploads\/2024\/09\/Adalgisa-Basora-Veronica-Velez-Carmen-Martinez-Laura-Lopez-1536x1024.jpg 1536w, https:\/\/diariodominicano.com\/wp-content\/uploads\/2024\/09\/Adalgisa-Basora-Veronica-Velez-Carmen-Martinez-Laura-Lopez-2048x1365.jpg 2048w, https:\/\/diariodominicano.com\/wp-content\/uploads\/2024\/09\/Adalgisa-Basora-Veronica-Velez-Carmen-Martinez-Laura-Lopez-816x544.jpg 816w\" sizes=\"auto, (max-width: 1024px) 100vw, 1024px\" \/><figcaption class=\"wp-element-caption\">Adalgisa Basora, Ver\u00f3nica V\u00e9lez, Carmen Martinez, Laura L\u00f3pez <\/figcaption><\/figure>\n<\/figure>\n\n\n\n<p>\u201cEstamos emocionados de poder ofrecer nuestros servicios de medicina est\u00e9tica y capilar en este nuevo espacio, y esperamos poder seguir transformando vidas y haciendo que cada persona se sienta bella tanto por dentro como por fuera\u201d, expres\u00f3 su CEO.<\/p>\n\n\n\n<figure class=\"wp-block-gallery has-nested-images columns-default is-cropped wp-block-gallery-3 is-layout-flex wp-block-gallery-is-layout-flex\">\n<figure class=\"wp-block-image size-large\"><img loading=\"lazy\" decoding=\"async\" width=\"1024\" height=\"683\" data-id=\"559729\" src=\"https:\/\/diariodominicano.com\/wp-content\/uploads\/2024\/09\/Angela-Sandoval-Nicolas-Rodriguez-1024x683.jpg\" alt=\"\" class=\"wp-image-559729\" srcset=\"https:\/\/diariodominicano.com\/wp-content\/uploads\/2024\/09\/Angela-Sandoval-Nicolas-Rodriguez-1024x683.jpg 1024w, https:\/\/diariodominicano.com\/wp-content\/uploads\/2024\/09\/Angela-Sandoval-Nicolas-Rodriguez-300x200.jpg 300w, https:\/\/diariodominicano.com\/wp-content\/uploads\/2024\/09\/Angela-Sandoval-Nicolas-Rodriguez-768x512.jpg 768w, https:\/\/diariodominicano.com\/wp-content\/uploads\/2024\/09\/Angela-Sandoval-Nicolas-Rodriguez-1536x1024.jpg 1536w, https:\/\/diariodominicano.com\/wp-content\/uploads\/2024\/09\/Angela-Sandoval-Nicolas-Rodriguez-2048x1365.jpg 2048w, https:\/\/diariodominicano.com\/wp-content\/uploads\/2024\/09\/Angela-Sandoval-Nicolas-Rodriguez-816x544.jpg 816w\" sizes=\"auto, (max-width: 1024px) 100vw, 1024px\" \/><figcaption class=\"wp-element-caption\">Angela Sandoval, Nicol\u00e1s Rodr\u00edguez <\/figcaption><\/figure>\n<\/figure>\n\n\n\n<p>Tambi\u00e9n se dirigi\u00f3 a los presentes la directora de la sucursal Nutr\u00edhealth San Crist\u00f3bal\u00a0<strong>Arlyn L\u00f3pez Ascencio,<\/strong>\u00a0quien destac\u00f3 que esta nueva sucursal cuenta con un portafolio de servicios muy completo, ya que combina los tratamientos milenarios de la medicina tradicional china, as\u00ed como los m\u00e1s modernos procedimientos capilares, inyectables, manuales y con aparatolog\u00eda de avanzada, as\u00ed como tambi\u00e9n a nivel de est\u00e9tica facial y corporal.<\/p>\n\n\n\n<figure class=\"wp-block-gallery has-nested-images columns-default is-cropped wp-block-gallery-4 is-layout-flex wp-block-gallery-is-layout-flex\">\n<figure class=\"wp-block-image size-large\"><img loading=\"lazy\" decoding=\"async\" width=\"1024\" height=\"683\" data-id=\"559728\" src=\"https:\/\/diariodominicano.com\/wp-content\/uploads\/2024\/09\/Alejandra-Benz-Ana-Perez-Arelis-Sanchez-1024x683.jpg\" alt=\"\" class=\"wp-image-559728\" srcset=\"https:\/\/diariodominicano.com\/wp-content\/uploads\/2024\/09\/Alejandra-Benz-Ana-Perez-Arelis-Sanchez-1024x683.jpg 1024w, https:\/\/diariodominicano.com\/wp-content\/uploads\/2024\/09\/Alejandra-Benz-Ana-Perez-Arelis-Sanchez-300x200.jpg 300w, https:\/\/diariodominicano.com\/wp-content\/uploads\/2024\/09\/Alejandra-Benz-Ana-Perez-Arelis-Sanchez-768x512.jpg 768w, https:\/\/diariodominicano.com\/wp-content\/uploads\/2024\/09\/Alejandra-Benz-Ana-Perez-Arelis-Sanchez-1536x1024.jpg 1536w, https:\/\/diariodominicano.com\/wp-content\/uploads\/2024\/09\/Alejandra-Benz-Ana-Perez-Arelis-Sanchez-2048x1365.jpg 2048w, https:\/\/diariodominicano.com\/wp-content\/uploads\/2024\/09\/Alejandra-Benz-Ana-Perez-Arelis-Sanchez-816x544.jpg 816w\" sizes=\"auto, (max-width: 1024px) 100vw, 1024px\" \/><figcaption class=\"wp-element-caption\">Alejandra Benz, Ana P\u00e9rez, Arelis S\u00e1nchez <\/figcaption><\/figure>\n<\/figure>\n\n\n\n<p>Agrego, adem\u00e1s: \u00a8Contamos con un equipo m\u00e9dico completo que trata los problemas faciales, corporales y capilares desde el origen, manej\u00e1ndolos a trav\u00e9s de la nutri\u00f3loga y sus planes de nutrici\u00f3n personalizados para cada caso, nuestras terapeutas y tric\u00f3logas, as\u00ed como el personal administrativo en constante capacitaci\u00f3n y desarrollo para brindar un servicio de excelente calidad\u00a8.<\/p>\n\n\n\n<figure class=\"wp-block-gallery has-nested-images columns-default is-cropped wp-block-gallery-5 is-layout-flex wp-block-gallery-is-layout-flex\">\n<figure class=\"wp-block-image size-large\"><img loading=\"lazy\" decoding=\"async\" width=\"1024\" height=\"683\" data-id=\"559733\" src=\"https:\/\/diariodominicano.com\/wp-content\/uploads\/2024\/09\/Erika-Collado-Maria-Rodriguez-1024x683.jpg\" alt=\"\" class=\"wp-image-559733\" srcset=\"https:\/\/diariodominicano.com\/wp-content\/uploads\/2024\/09\/Erika-Collado-Maria-Rodriguez-1024x683.jpg 1024w, https:\/\/diariodominicano.com\/wp-content\/uploads\/2024\/09\/Erika-Collado-Maria-Rodriguez-300x200.jpg 300w, https:\/\/diariodominicano.com\/wp-content\/uploads\/2024\/09\/Erika-Collado-Maria-Rodriguez-768x512.jpg 768w, https:\/\/diariodominicano.com\/wp-content\/uploads\/2024\/09\/Erika-Collado-Maria-Rodriguez-1536x1024.jpg 1536w, https:\/\/diariodominicano.com\/wp-content\/uploads\/2024\/09\/Erika-Collado-Maria-Rodriguez-2048x1365.jpg 2048w, https:\/\/diariodominicano.com\/wp-content\/uploads\/2024\/09\/Erika-Collado-Maria-Rodriguez-816x544.jpg 816w\" sizes=\"auto, (max-width: 1024px) 100vw, 1024px\" \/><figcaption class=\"wp-element-caption\">Erika Collado, Mar\u00eda Rodr\u00edguez <\/figcaption><\/figure>\n<\/figure>\n\n\n\n<p>El evento tambi\u00e9n estuvo encabezado por los ejecutivos de\u00a0Nutr\u00edhealth,\u00a0doctora\u00a0Emely Rodr\u00edguez del Consejo M\u00e9dico Nutr\u00edhealth; Acened Avila del Consejo Legal; Camila Avenda\u00f1o, Consejo Administrativo y Brian Rodr\u00edguez, director marketing y publicidad.<\/p>\n\n\n\n<figure class=\"wp-block-gallery has-nested-images columns-default is-cropped wp-block-gallery-6 is-layout-flex wp-block-gallery-is-layout-flex\">\n<figure class=\"wp-block-image size-large\"><img loading=\"lazy\" decoding=\"async\" width=\"1024\" height=\"683\" data-id=\"559735\" src=\"https:\/\/diariodominicano.com\/wp-content\/uploads\/2024\/09\/Uvelinda-Suero-Genesis-Vargas-1024x683.jpg\" alt=\"\" class=\"wp-image-559735\" srcset=\"https:\/\/diariodominicano.com\/wp-content\/uploads\/2024\/09\/Uvelinda-Suero-Genesis-Vargas-1024x683.jpg 1024w, https:\/\/diariodominicano.com\/wp-content\/uploads\/2024\/09\/Uvelinda-Suero-Genesis-Vargas-300x200.jpg 300w, https:\/\/diariodominicano.com\/wp-content\/uploads\/2024\/09\/Uvelinda-Suero-Genesis-Vargas-768x512.jpg 768w, https:\/\/diariodominicano.com\/wp-content\/uploads\/2024\/09\/Uvelinda-Suero-Genesis-Vargas-1536x1024.jpg 1536w, https:\/\/diariodominicano.com\/wp-content\/uploads\/2024\/09\/Uvelinda-Suero-Genesis-Vargas-2048x1365.jpg 2048w, https:\/\/diariodominicano.com\/wp-content\/uploads\/2024\/09\/Uvelinda-Suero-Genesis-Vargas-816x544.jpg 816w\" sizes=\"auto, (max-width: 1024px) 100vw, 1024px\" \/><figcaption class=\"wp-element-caption\">Uvelinda Suero, Genesis Vargas<\/figcaption><\/figure>\n<\/figure>\n\n\n\n<p>Durante la actividad se realizaron demostraciones de productos faciales, capilares y corporales de la l\u00ednea Nutr\u00edhealth, adem\u00e1s compartieron los \u00faltimos avances en medicina est\u00e9tica y capilar, presentando asimismo el equipo m\u00e9dico y administrativo que estar\u00e1 a cargo de Nutr\u00edhealth San Crist\u00f3bal.<\/p>\n\n\n\n<figure class=\"wp-block-gallery has-nested-images columns-default is-cropped wp-block-gallery-7 is-layout-flex wp-block-gallery-is-layout-flex\">\n<figure class=\"wp-block-image size-large\"><img loading=\"lazy\" decoding=\"async\" width=\"1024\" height=\"683\" data-id=\"559732\" src=\"https:\/\/diariodominicano.com\/wp-content\/uploads\/2024\/09\/Arline-Lopez-Claudia-Avendano-Nicolas-Rodriguez-Camila-Avendano-Corte-de-Cinta-1024x683.jpg\" alt=\"\" class=\"wp-image-559732\" srcset=\"https:\/\/diariodominicano.com\/wp-content\/uploads\/2024\/09\/Arline-Lopez-Claudia-Avendano-Nicolas-Rodriguez-Camila-Avendano-Corte-de-Cinta-1024x683.jpg 1024w, https:\/\/diariodominicano.com\/wp-content\/uploads\/2024\/09\/Arline-Lopez-Claudia-Avendano-Nicolas-Rodriguez-Camila-Avendano-Corte-de-Cinta-300x200.jpg 300w, https:\/\/diariodominicano.com\/wp-content\/uploads\/2024\/09\/Arline-Lopez-Claudia-Avendano-Nicolas-Rodriguez-Camila-Avendano-Corte-de-Cinta-768x512.jpg 768w, https:\/\/diariodominicano.com\/wp-content\/uploads\/2024\/09\/Arline-Lopez-Claudia-Avendano-Nicolas-Rodriguez-Camila-Avendano-Corte-de-Cinta-1536x1024.jpg 1536w, https:\/\/diariodominicano.com\/wp-content\/uploads\/2024\/09\/Arline-Lopez-Claudia-Avendano-Nicolas-Rodriguez-Camila-Avendano-Corte-de-Cinta-2048x1365.jpg 2048w, https:\/\/diariodominicano.com\/wp-content\/uploads\/2024\/09\/Arline-Lopez-Claudia-Avendano-Nicolas-Rodriguez-Camila-Avendano-Corte-de-Cinta-816x544.jpg 816w\" sizes=\"auto, (max-width: 1024px) 100vw, 1024px\" \/><figcaption class=\"wp-element-caption\">Arline L\u00f3pez, Claudia Avenda\u00f1o, Nicol\u00e1s Rodr\u00edguez, Camila Avenda\u00f1o (Corte de Cinta) <\/figcaption><\/figure>\n<\/figure>\n\n\n\n<p>Durante los\u00a0 siete a\u00f1os de trayectoria de los pioneros en la integraci\u00f3n de la medicina est\u00e9tica, junto a la medicina capilar y a la tricolog\u00eda, han logrado una amplia visi\u00f3n de crecimiento y expansi\u00f3n, por lo cual han llevado el concepto por diferentes lugares de la Rep\u00fablica Dominicana y cuenta con sucursales en: San Ger\u00f3nimo, Centro Comercial Sambil, nivel Galer\u00eda y nivel Acuario, Santiago de los Caballeros, San Crist\u00f3bal y pr\u00f3ximamente en Villa Mella, Santo Domingo Norte, con el objetivo de estar m\u00e1s cerca de todos sus pacientes.<\/p>\n\n\n\n<figure class=\"wp-block-gallery has-nested-images columns-default is-cropped wp-block-gallery-8 is-layout-flex wp-block-gallery-is-layout-flex\">\n<figure class=\"wp-block-image size-large\"><img loading=\"lazy\" decoding=\"async\" width=\"1024\" height=\"683\" data-id=\"559731\" src=\"https:\/\/diariodominicano.com\/wp-content\/uploads\/2024\/09\/Arline-Lopez-Claudia-Avendano-Nicolas-Rodriguez-Camila-Avendano-Corte-Cinta-1024x683.jpg\" alt=\"\" class=\"wp-image-559731\" srcset=\"https:\/\/diariodominicano.com\/wp-content\/uploads\/2024\/09\/Arline-Lopez-Claudia-Avendano-Nicolas-Rodriguez-Camila-Avendano-Corte-Cinta-1024x683.jpg 1024w, https:\/\/diariodominicano.com\/wp-content\/uploads\/2024\/09\/Arline-Lopez-Claudia-Avendano-Nicolas-Rodriguez-Camila-Avendano-Corte-Cinta-300x200.jpg 300w, https:\/\/diariodominicano.com\/wp-content\/uploads\/2024\/09\/Arline-Lopez-Claudia-Avendano-Nicolas-Rodriguez-Camila-Avendano-Corte-Cinta-768x512.jpg 768w, https:\/\/diariodominicano.com\/wp-content\/uploads\/2024\/09\/Arline-Lopez-Claudia-Avendano-Nicolas-Rodriguez-Camila-Avendano-Corte-Cinta-1536x1024.jpg 1536w, https:\/\/diariodominicano.com\/wp-content\/uploads\/2024\/09\/Arline-Lopez-Claudia-Avendano-Nicolas-Rodriguez-Camila-Avendano-Corte-Cinta-2048x1365.jpg 2048w, https:\/\/diariodominicano.com\/wp-content\/uploads\/2024\/09\/Arline-Lopez-Claudia-Avendano-Nicolas-Rodriguez-Camila-Avendano-Corte-Cinta-816x544.jpg 816w\" sizes=\"auto, (max-width: 1024px) 100vw, 1024px\" \/><figcaption class=\"wp-element-caption\">Arline L\u00f3pez, Claudia Avenda\u00f1o, Nicol\u00e1s Rodr\u00edguez, Camila Avenda\u00f1o (Corte Cinta) <\/figcaption><\/figure>\n<\/figure>\n\n\n\n<p>La bendici\u00f3n de la nueva sucursal ubicada en avenida Constituci\u00f3n, Plaza Amanda, local 103, estuvo a cargo del Reverendo Diacono Mariano Nina, P\u00e1rroco de San Crist\u00f3bal.<\/p>\n\n\n\n<p><strong>Sobre Nutr\u00edhealth Medicina Est\u00e9tica y Capilar<\/strong><\/p>\n\n\n\n<p>Surge en el a\u00f1o 2017 en Rep\u00fablica Dominicana, con la visi\u00f3n de implementar en el pa\u00eds protocolos y tratamientos de origen colombiano, que brindaran resultados seguros, naturales, sin riesgos, garantizando en todo momento el bienestar y la satisfacci\u00f3n de sus pacientes.<\/p>\n\n\n\n<p>En el proceso de crecimiento y expansi\u00f3n, Nutrihealth ha obtenido una gran acogida gracias al aporte de la cultura colombiana que hace parte de su ADN, innovando en productos, procesos, protocolos, y equipos que son exclusivos de sus sedes. <\/p>\n\n\n\n<p>Yakauris Brunilda Suero Tavarez yakauris23@hotmail.com <\/p>\n","protected":false},"excerpt":{"rendered":"<p>La nueva sede contar\u00e1 con los equipos m\u00e1s avanzados a nivel corporal, como son el l\u00e1ser fraccionado c02, para cicatrices por abdominoplastia, cambio de implantes de senos, flacidez, estr\u00edas, entre otros, y a nivel capilar el casco KAVEL de luz led utilizado en el \u00e1rea de tricolog\u00eda y medicina capilar. San Crist\u00f3bal, 2024:&nbsp;&#8211;&nbsp;Con el objetivo [&hellip;]<\/p>\n","protected":false},"author":7,"featured_media":559730,"comment_status":"closed","ping_status":"closed","sticky":false,"template":"","format":"standard","meta":{"footnotes":""},"categories":[25],"tags":[],"class_list":["post-559714","post","type-post","status-publish","format-standard","has-post-thumbnail","hentry","category-gente"],"_links":{"self":[{"href":"https:\/\/diariodominicano.com\/index.php?rest_route=\/wp\/v2\/posts\/559714","targetHints":{"allow":["GET"]}}],"collection":[{"href":"https:\/\/diariodominicano.com\/index.php?rest_route=\/wp\/v2\/posts"}],"about":[{"href":"https:\/\/diariodominicano.com\/index.php?rest_route=\/wp\/v2\/types\/post"}],"author":[{"embeddable":true,"href":"https:\/\/diariodominicano.com\/index.php?rest_route=\/wp\/v2\/users\/7"}],"replies":[{"embeddable":true,"href":"https:\/\/diariodominicano.com\/index.php?rest_route=%2Fwp%2Fv2%2Fcomments&post=559714"}],"version-history":[{"count":1,"href":"https:\/\/diariodominicano.com\/index.php?rest_route=\/wp\/v2\/posts\/559714\/revisions"}],"predecessor-version":[{"id":559736,"href":"https:\/\/diariodominicano.com\/index.php?rest_route=\/wp\/v2\/posts\/559714\/revisions\/559736"}],"wp:featuredmedia":[{"embeddable":true,"href":"https:\/\/diariodominicano.com\/index.php?rest_route=\/wp\/v2\/media\/559730"}],"wp:attachment":[{"href":"https:\/\/diariodominicano.com\/index.php?rest_route=%2Fwp%2Fv2%2Fmedia&parent=559714"}],"wp:term":[{"taxonomy":"category","embeddable":true,"href":"https:\/\/diariodominicano.com\/index.php?rest_route=%2Fwp%2Fv2%2Fcategories&post=559714"},{"taxonomy":"post_tag","embeddable":true,"href":"https:\/\/diariodominicano.com\/index.php?rest_route=%2Fwp%2Fv2%2Ftags&post=559714"}],"curies":[{"name":"wp","href":"https:\/\/api.w.org\/{rel}","templated":true}]}}