{"id":559599,"date":"2024-09-16T15:40:23","date_gmt":"2024-09-16T19:40:23","guid":{"rendered":"https:\/\/diariodominicano.com\/?p=559599"},"modified":"2024-09-16T15:43:44","modified_gmt":"2024-09-16T19:43:44","slug":"la-sip-y-el-cpj-alertan-sobre-agravamiento-de-la-libertad-de-prensa-en-el-salvador-2","status":"publish","type":"post","link":"https:\/\/diariodominicano.com\/?p=559599","title":{"rendered":"La SIP y el CPJ alertan sobre agravamiento de la libertad de prensa en El Salvador"},"content":{"rendered":"\n<blockquote class=\"wp-block-quote is-layout-flow wp-block-quote-is-layout-flow\">\n<p><em>Misi\u00f3n del 9 al 11 de septiembre.<\/em><\/p>\n<\/blockquote>\n\n\n\n<p>0<\/p>\n\n\n\n<p><\/p>\n\n\n\n<p>Miami (13 de septiembre de 2024) &#8211; Directivos de la Sociedad Interamericana de Prensa (SIP) y el Comit\u00e9 para la Protecci\u00f3n de Periodistas (CPJ, por su siglas en ingl\u00e9s) alertaron esta semana, tras una&nbsp;<a href=\"https:\/\/www.sipiapa.org\/notas\/1216656-mision-internacional-la-sip-y-el-cpj-visita-el-salvador-esta-semana\">misi\u00f3n conjunta a El Salvador<\/a>, sobre el agravamiento de las libertades de expresi\u00f3n y de prensa en ese pa\u00eds centroamericano, exacerbadas por el estado de emergencia impuesto por el gobierno de Nayib Bukele desde marzo de 2022.<\/p>\n\n\n\n<p>La comitiva se reuni\u00f3 con representantes de medios de comunicaci\u00f3n, de asociaciones de periodistas, de la academia y de organizaciones sin fines de lucro con enfoque en los derechos humanos, as\u00ed como con integrantes del cuerpo diplom\u00e1tico.<\/p>\n\n\n\n<p>La delegaci\u00f3n, liderada por el presidente de la SIP, Roberto Rock, director de&nbsp;<em>La Silla Rota<\/em>, M\u00e9xico, y por la coordinadora del programa de Am\u00e9rica Latina del CPJ, Cristina Zahar, mantuvo adem\u00e1s un encuentro con el Comisionado Presidencial para Derechos Humanos y Libertad de Expresi\u00f3n, Andr\u00e9s Guzm\u00e1n Caballero, principal responsable gubernamental del \u00e1rea en cuesti\u00f3n.<\/p>\n\n\n\n<p>Entre las principales comprobaciones de la misi\u00f3n se destacan:<\/p>\n\n\n\n<p>\u00b7 El gobierno salvadore\u00f1o&nbsp;<a href=\"https:\/\/www.laprensagrafica.com\/elsalvador\/La-falta-de-acceso-a-la-informacion-es-estrategia-politica-20230403-0084.html\">restringe severamente el acceso a la informaci\u00f3n<\/a>&nbsp;p\u00fablica y ha debilitado el instituto gubernamental encargado de garantizar ese derecho ciudadano. De tal modo, se ve limitada la transparencia sobre temas cr\u00edticos como la situaci\u00f3n en las c\u00e1rceles y las estad\u00edsticas de criminalidad en el contexto del estado de excepci\u00f3n. Periodistas y organizaciones de la sociedad civil coincidieron en resaltar una \u00abenorme opacidad, ocultamiento de informaci\u00f3n y ausencia total de acceso a fuentes oficiales\u00bb.<\/p>\n\n\n\n<p>\u00b7 Periodistas denuncian una&nbsp;<a href=\"https:\/\/latamjournalismreview.org\/es\/articles\/periodistas-temen-recrudecimiento-de-hostilidad-hacia-la-prensa-con-reeleccion-de-bukele-en-el-salvador\/\">creciente estigmatizaci\u00f3n<\/a>, acoso y amenazas por parte de militantes gubernamentales y figuras del Gobierno, incluyendo el propio presidente Bukele, altos funcionarios y diputados oficialistas. Las y los reporteros entrevistados describieron una ret\u00f3rica hostil contra la prensa e intentos constantes de minar la credibilidad del periodismo a trav\u00e9s de campa\u00f1as de descr\u00e9dito.<\/p>\n\n\n\n<p>\u00b7 Desde la implementaci\u00f3n del estado de emergencia, se limitan garant\u00edas constitucionales fundamentales, incluyendo la confidencialidad de la correspondencia privada, y se habilitan detenciones sin orden judicial, lo que crea un&nbsp;<a href=\"https:\/\/apes.org.sv\/wp-content\/uploads\/2023\/07\/Regimen-de-excepcion-y-afectacion-a-la-libertad-de-prensa-y-libertad-de-expresion-en-El-Salvador.-1.pdf\">clima de intimidaci\u00f3n y autocensura<\/a>&nbsp;entre quienes ejercen el periodismo.<\/p>\n\n\n\n<p>\u00b7 Representantes de medios reconocen que algunos colegas decidieron abandonar la profesi\u00f3n por temor a represalias, mientras que se ha informado sobre m\u00e1s&nbsp;<a href=\"https:\/\/www.laprensagrafica.com\/elsalvador\/Casos-de-periodistas-salvadorenos-exiliados-fueron-presentados-ante-la-CIDH-20240711-0081.html\">de una docena de periodistas que en los dos \u00faltimos a\u00f1os fueron forzados a abandonar el pa\u00eds de manera temporal o permanente<\/a>&nbsp;debido a la persecuci\u00f3n gubernamental.<\/p>\n\n\n\n<p>\u00b7 El&nbsp;<a href=\"https:\/\/citizenlab.ca\/2022\/01\/proyecto-torogoz-hackeo-extensivo-de-los-medios-de-comunicacion-y-la-sociedad-civil-en-el-salvador-con-el-programa-espia-pegasus\/\">software esp\u00eda Pegasus ha sido utilizado contra cr\u00edticos del gobierno<\/a>, lo que afect\u00f3 la privacidad y seguridad de 35 periodistas, medios de comunicaci\u00f3n y miembros de la sociedad civil entre julio de 2020 y noviembre de 2021. Medios como&nbsp;<em>El Faro<\/em>,&nbsp;<em>GatoEncerrado<\/em>,&nbsp;<em>La Prensa<\/em>&nbsp;<em>Gr\u00e1fica<\/em>,&nbsp;<em>Revista Digital Disruptiva<\/em>,&nbsp;<em>Diario El Mundo<\/em>&nbsp;y&nbsp;<em>El Diario de Hoy<\/em>&nbsp;han sido identificados como objetivos de esta vigilancia ilegal.<\/p>\n\n\n\n<p>\u00b7 El uso de t\u00e1cticas de intimidaci\u00f3n, lo que incluye auditor\u00edas financieras y manipulaci\u00f3n de la publicidad oficial, es una estrategia recurrente para silenciar a los medios cr\u00edticos. La asignaci\u00f3n de publicidad gubernamental se destina mayoritariamente a medios afines al Gobierno, mientras que se retira o reduce significativamente la de aquellos que son cr\u00edticos.<\/p>\n\n\n\n<p>\u00b7 Informes adicionales se\u00f1alan la existencia de un&nbsp;<a href=\"https:\/\/www.reuters.com\/investigates\/special-report\/el-salvador-politics-media\/\">\u00abej\u00e9rcito digital\u00bb de contratistas tecnol\u00f3gicos y troles para difundir desinformaci\u00f3n<\/a>, hostigar a cr\u00edticos y amplificar la propaganda oficial.<\/p>\n\n\n\n<p>Al ser consultado por los representantes de la SIP y el CPJ, el comisionado presidencial neg\u00f3 que exista persecuci\u00f3n contra la prensa y aludi\u00f3 a la inexistencia de casos de periodistas encarcelados o asesinados, como datos de referencia para evaluar la situaci\u00f3n de la libertad de prensa en el pa\u00eds bajo la perspectiva oficial.<\/p>\n\n\n\n<p>Ante la consulta de la SIP y el CPJ sobre si el gobierno de El Salvador cursar\u00e1 invitaci\u00f3n al relator especial para la libertad de expresi\u00f3n de la Comisi\u00f3n Interamericana de Derechos Humanos (CIDH), tal como lo recomend\u00f3 este \u00f3rgano de la Organizaci\u00f3n de los Estados Americanos, Guzm\u00e1n dijo que el Gobierno \u00abest\u00e1 trabajando en ese sentido.\u00bb<\/p>\n\n\n\n<p>Guzm\u00e1n rechaz\u00f3&nbsp;<a href=\"https:\/\/apes.org.sv\/wp-content\/uploads\/2024\/05\/Informe-LE-2023.pdf\">las estad\u00edsticas de la Asociaci\u00f3n de Periodistas de El Salvador (APES)<\/a>&nbsp;que reflejan una fuerte escalada de agresiones contra la prensa en el \u00faltimo a\u00f1o, alegando que no comparte la metodolog\u00eda. Tambi\u00e9n se refiri\u00f3 de manera cr\u00edtica a un&nbsp;<a href=\"https:\/\/www.oas.org\/es\/cidh\/informes\/pdfs\/2024\/Informe_EstadoExcepcionDDHH_ElSalvador.pdf\">informe reciente de la CIDH sobre el estado de excepci\u00f3n<\/a>, explicando que su metodolog\u00eda \u00abno es clara\u00bb.<\/p>\n\n\n\n<p>Adem\u00e1s de Rock y Zahar, integraron la misi\u00f3n, por parte de la SIP, el expresidente Michael Greenspon, director global de Licencias e Innovaci\u00f3n de Impresi\u00f3n de&nbsp;<em>The New York Times<\/em>, Estados Unidos; la presidenta del Comit\u00e9 Ejecutivo, Gabriela Vivanco, directora de&nbsp;<em>La Hora<\/em>, Ecuador, y el director ejecutivo Carlos Laur\u00eda, y por el CPJ, la investigadora para Am\u00e9rica Latina, D\u00e1nae Vilchez.<\/p>\n\n\n\n<p><em>La&nbsp;<\/em><a href=\"https:\/\/www.sipiapa.org\/contenidos\/home.html\" target=\"_blank\" rel=\"noreferrer noopener\"><em>SIP<\/em><\/a><em>&nbsp;es una organizaci\u00f3n sin fines de lucro dedicada a defender y promover la libertad de prensa y expresi\u00f3n en las Am\u00e9ricas. Est\u00e1 integrada por m\u00e1s de 1.300 publicaciones del hemisferio occidental y tiene su sede en Miami, Florida, Estados Unidos.<\/em><\/p>\n\n\n\n<p><em>El\u00a0<\/em><a href=\"https:\/\/cpj.org\/\" target=\"_blank\" rel=\"noreferrer noopener\"><em>CPJ<\/em><\/a><em>\u00a0es una organizaci\u00f3n independiente, sin fines lucrativos, que trabaja para salvaguardar la libertad de prensa alrededor del mundo.<\/em><\/p>\n\n\n\n<p>Sociedad Interamericana de Prensa<\/p>\n\n\n\n<p>Sociedad Interamericana de Prensa (De tus contactos de Google)<\/p>\n\n\n\n<p><a target=\"_blank\" href=\"mailto:clauria@sipiapa.org\" rel=\"noreferrer noopener\">clauria@sipiapa.org<\/a><\/p>\n","protected":false},"excerpt":{"rendered":"<p>Misi\u00f3n del 9 al 11 de septiembre. 0 Miami (13 de septiembre de 2024) &#8211; Directivos de la Sociedad Interamericana de Prensa (SIP) y el Comit\u00e9 para la Protecci\u00f3n de Periodistas (CPJ, por su siglas en ingl\u00e9s) alertaron esta semana, tras una&nbsp;misi\u00f3n conjunta a El Salvador, sobre el agravamiento de las libertades de expresi\u00f3n y [&hellip;]<\/p>\n","protected":false},"author":28,"featured_media":559600,"comment_status":"closed","ping_status":"closed","sticky":true,"template":"","format":"standard","meta":{"footnotes":""},"categories":[23,24],"tags":[],"class_list":["post-559599","post","type-post","status-publish","format-standard","has-post-thumbnail","hentry","category-internacional","category-justicia-y-derecho"],"_links":{"self":[{"href":"https:\/\/diariodominicano.com\/index.php?rest_route=\/wp\/v2\/posts\/559599","targetHints":{"allow":["GET"]}}],"collection":[{"href":"https:\/\/diariodominicano.com\/index.php?rest_route=\/wp\/v2\/posts"}],"about":[{"href":"https:\/\/diariodominicano.com\/index.php?rest_route=\/wp\/v2\/types\/post"}],"author":[{"embeddable":true,"href":"https:\/\/diariodominicano.com\/index.php?rest_route=\/wp\/v2\/users\/28"}],"replies":[{"embeddable":true,"href":"https:\/\/diariodominicano.com\/index.php?rest_route=%2Fwp%2Fv2%2Fcomments&post=559599"}],"version-history":[{"count":3,"href":"https:\/\/diariodominicano.com\/index.php?rest_route=\/wp\/v2\/posts\/559599\/revisions"}],"predecessor-version":[{"id":559604,"href":"https:\/\/diariodominicano.com\/index.php?rest_route=\/wp\/v2\/posts\/559599\/revisions\/559604"}],"wp:featuredmedia":[{"embeddable":true,"href":"https:\/\/diariodominicano.com\/index.php?rest_route=\/wp\/v2\/media\/559600"}],"wp:attachment":[{"href":"https:\/\/diariodominicano.com\/index.php?rest_route=%2Fwp%2Fv2%2Fmedia&parent=559599"}],"wp:term":[{"taxonomy":"category","embeddable":true,"href":"https:\/\/diariodominicano.com\/index.php?rest_route=%2Fwp%2Fv2%2Fcategories&post=559599"},{"taxonomy":"post_tag","embeddable":true,"href":"https:\/\/diariodominicano.com\/index.php?rest_route=%2Fwp%2Fv2%2Ftags&post=559599"}],"curies":[{"name":"wp","href":"https:\/\/api.w.org\/{rel}","templated":true}]}}