{"id":559575,"date":"2024-09-16T15:07:46","date_gmt":"2024-09-16T19:07:46","guid":{"rendered":"https:\/\/diariodominicano.com\/?p=559575"},"modified":"2024-09-16T15:09:32","modified_gmt":"2024-09-16T19:09:32","slug":"cultura-reconoce-los-30-anos-de-trayectoria-de-los-humoristas-raymond-pozo-y-miguel-cespedes","status":"publish","type":"post","link":"https:\/\/diariodominicano.com\/?p=559575","title":{"rendered":"Cultura reconoce los 30 a\u00f1os de trayectoria de los humoristas Raymond Pozo y Miguel C\u00e9spedes"},"content":{"rendered":"\n<p><strong><em>Los destacados artistas dominicanos recibieron una placa de reconocimiento de manos de la ministra de Cultura, Milagros Germ\u00e1n<\/em><\/strong><\/p>\n\n\n\n<figure class=\"wp-block-image size-large\"><img loading=\"lazy\" decoding=\"async\" width=\"1024\" height=\"683\" src=\"https:\/\/diariodominicano.com\/wp-content\/uploads\/2024\/09\/Cultura-reconoce-los-30-anos-de-trayectoria-de-los-humoristas-Raymond-Pozo-y-Miguel-Cespedes-1024x683.jpeg\" alt=\"\" class=\"wp-image-559578\" srcset=\"https:\/\/diariodominicano.com\/wp-content\/uploads\/2024\/09\/Cultura-reconoce-los-30-anos-de-trayectoria-de-los-humoristas-Raymond-Pozo-y-Miguel-Cespedes-1024x683.jpeg 1024w, https:\/\/diariodominicano.com\/wp-content\/uploads\/2024\/09\/Cultura-reconoce-los-30-anos-de-trayectoria-de-los-humoristas-Raymond-Pozo-y-Miguel-Cespedes-300x200.jpeg 300w, https:\/\/diariodominicano.com\/wp-content\/uploads\/2024\/09\/Cultura-reconoce-los-30-anos-de-trayectoria-de-los-humoristas-Raymond-Pozo-y-Miguel-Cespedes-768x512.jpeg 768w, https:\/\/diariodominicano.com\/wp-content\/uploads\/2024\/09\/Cultura-reconoce-los-30-anos-de-trayectoria-de-los-humoristas-Raymond-Pozo-y-Miguel-Cespedes-816x544.jpeg 816w, https:\/\/diariodominicano.com\/wp-content\/uploads\/2024\/09\/Cultura-reconoce-los-30-anos-de-trayectoria-de-los-humoristas-Raymond-Pozo-y-Miguel-Cespedes.jpeg 1440w\" sizes=\"auto, (max-width: 1024px) 100vw, 1024px\" \/><\/figure>\n\n\n\n<p><strong>Santo Domingo, RD.\u2013<\/strong>\u00a0 Por su destacada trayectoria de m\u00e1s de tres d\u00e9cadas haciendo re\u00edr a varias generaciones de dominicanos y por ser embajadores del humor local en suelo extranjero, el Ministerio de Cultura reconoci\u00f3 la trayectoria de los humoristas Raymond Pozo y Miguel C\u00e9spedes (Los Reyes del Humor).<\/p>\n\n\n\n<p>El reconocimiento les fue entregado el pasado s\u00e1bado por la titular de Cultura, Milagros Germ\u00e1n, durante la celebraci\u00f3n de su exitoso espect\u00e1culo \u201cAqu\u00ed se vale so\u00f1ar\u201d, en la sala Carlos Piantini del Teatro Nacional Eduardo Brito.<\/p>\n\n\n\n<p>Sobre los homenajeados, la ministra Germ\u00e1n destac\u00f3 \u201csus 30 a\u00f1os de trayectoria llevando humor sano a la familia dominicana\u201d, as\u00ed como que \u201csus valores alimentan el alma cultural de la naci\u00f3n\u201d.&nbsp;<\/p>\n\n\n\n<figure class=\"wp-block-image size-large\"><img loading=\"lazy\" decoding=\"async\" width=\"1024\" height=\"683\" src=\"https:\/\/diariodominicano.com\/wp-content\/uploads\/2024\/09\/Raymond-Pozo-y-Miguel-Cespedes-1024x683.jpeg\" alt=\"\" class=\"wp-image-559580\" srcset=\"https:\/\/diariodominicano.com\/wp-content\/uploads\/2024\/09\/Raymond-Pozo-y-Miguel-Cespedes-1024x683.jpeg 1024w, https:\/\/diariodominicano.com\/wp-content\/uploads\/2024\/09\/Raymond-Pozo-y-Miguel-Cespedes-300x200.jpeg 300w, https:\/\/diariodominicano.com\/wp-content\/uploads\/2024\/09\/Raymond-Pozo-y-Miguel-Cespedes-768x512.jpeg 768w, https:\/\/diariodominicano.com\/wp-content\/uploads\/2024\/09\/Raymond-Pozo-y-Miguel-Cespedes-1536x1024.jpeg 1536w, https:\/\/diariodominicano.com\/wp-content\/uploads\/2024\/09\/Raymond-Pozo-y-Miguel-Cespedes-2048x1365.jpeg 2048w, https:\/\/diariodominicano.com\/wp-content\/uploads\/2024\/09\/Raymond-Pozo-y-Miguel-Cespedes-816x544.jpeg 816w\" sizes=\"auto, (max-width: 1024px) 100vw, 1024px\" \/><\/figure>\n\n\n\n<p>La funcionaria agreg\u00f3 que Raymond y Miguel han escrito un cap\u00edtulo de gloria en la cultura del pa\u00eds, \u201cpor lo que les deseamos muchos m\u00e1s \u00e9xitos y que contin\u00faen inspirando a la familia dominicana con su trabajo y esmero, haciendo de la alegr\u00eda, cultura\u201d.<\/p>\n\n\n\n<p>Raymond y Miguel son dos humoristas con una destacada trayectoria de \u00e9xitos en televisi\u00f3n y cine, quienes han sabido mantenerse en el gusto del p\u00fablico gracias a la calidad constante de su trabajo.<\/p>\n\n\n\n<p>Adem\u00e1s de su exitoso programa de televisi\u00f3n \u201cEl show de Raymond y Miguel\u201d, han protagonizado las pel\u00edculas \u201cPerico ripiao\u201d, \u201cCristiano a la secreta\u201d, \u201cTub\u00e9rculo gourmet\u201d, \u201cLotoman 003\u201d y \u201cLa vida de los reyes\u201d, entre otras.<\/p>\n\n\n\n<p>Estas dos estrellas del espect\u00e1culo, cuya ejemplar carrera los ha hecho merecedores de varios premios Soberano en el rengl\u00f3n de humor, han forjado y mantenido su sello original, vi\u00e9ndose siempre juntos como una familia.<\/p>\n\n\n\n<p>Ministerio de Cultura de la Rep\u00fablica Dominicana<\/p>\n\n\n\n<p>Ministerio de Cultura de la Rep\u00fablica Dominicana ()<\/p>\n\n\n\n<p><a target=\"_blank\" href=\"mailto:prensa@cultura.gob.do\" rel=\"noreferrer noopener\">prensa@cultura.gob.do<\/a><\/p>\n","protected":false},"excerpt":{"rendered":"<p>Los destacados artistas dominicanos recibieron una placa de reconocimiento de manos de la ministra de Cultura, Milagros Germ\u00e1n Santo Domingo, RD.\u2013\u00a0 Por su destacada trayectoria de m\u00e1s de tres d\u00e9cadas haciendo re\u00edr a varias generaciones de dominicanos y por ser embajadores del humor local en suelo extranjero, el Ministerio de Cultura reconoci\u00f3 la trayectoria de [&hellip;]<\/p>\n","protected":false},"author":28,"featured_media":559576,"comment_status":"closed","ping_status":"closed","sticky":true,"template":"","format":"standard","meta":{"footnotes":""},"categories":[21,25],"tags":[],"class_list":["post-559575","post","type-post","status-publish","format-standard","has-post-thumbnail","hentry","category-cultura","category-gente"],"_links":{"self":[{"href":"https:\/\/diariodominicano.com\/index.php?rest_route=\/wp\/v2\/posts\/559575","targetHints":{"allow":["GET"]}}],"collection":[{"href":"https:\/\/diariodominicano.com\/index.php?rest_route=\/wp\/v2\/posts"}],"about":[{"href":"https:\/\/diariodominicano.com\/index.php?rest_route=\/wp\/v2\/types\/post"}],"author":[{"embeddable":true,"href":"https:\/\/diariodominicano.com\/index.php?rest_route=\/wp\/v2\/users\/28"}],"replies":[{"embeddable":true,"href":"https:\/\/diariodominicano.com\/index.php?rest_route=%2Fwp%2Fv2%2Fcomments&post=559575"}],"version-history":[{"count":3,"href":"https:\/\/diariodominicano.com\/index.php?rest_route=\/wp\/v2\/posts\/559575\/revisions"}],"predecessor-version":[{"id":559582,"href":"https:\/\/diariodominicano.com\/index.php?rest_route=\/wp\/v2\/posts\/559575\/revisions\/559582"}],"wp:featuredmedia":[{"embeddable":true,"href":"https:\/\/diariodominicano.com\/index.php?rest_route=\/wp\/v2\/media\/559576"}],"wp:attachment":[{"href":"https:\/\/diariodominicano.com\/index.php?rest_route=%2Fwp%2Fv2%2Fmedia&parent=559575"}],"wp:term":[{"taxonomy":"category","embeddable":true,"href":"https:\/\/diariodominicano.com\/index.php?rest_route=%2Fwp%2Fv2%2Fcategories&post=559575"},{"taxonomy":"post_tag","embeddable":true,"href":"https:\/\/diariodominicano.com\/index.php?rest_route=%2Fwp%2Fv2%2Ftags&post=559575"}],"curies":[{"name":"wp","href":"https:\/\/api.w.org\/{rel}","templated":true}]}}