{"id":559481,"date":"2024-09-16T11:15:59","date_gmt":"2024-09-16T15:15:59","guid":{"rendered":"https:\/\/diariodominicano.com\/?p=559481"},"modified":"2024-09-16T11:16:04","modified_gmt":"2024-09-16T15:16:04","slug":"recuerdan-en-chile-a-victor-jara-a-51-anos-de-su-asesinato-fotos","status":"publish","type":"post","link":"https:\/\/diariodominicano.com\/?p=559481","title":{"rendered":"Recuerdan en Chile a V\u00edctor Jara a 51 a\u00f1os de su asesinato (+Fotos)"},"content":{"rendered":"\n<p>Santiago de Chile, 16 sep (Prensa Latina) Numerosos mensajes circulan en redes sociales en homenaje al famoso cantante y compositor chileno V\u00edctor Jara, cuando se cumplen hoy 51 de su asesinato a manos de la dictadura de Augusto Pinochet (1973-1990).<\/p>\n\n\n\n<ul class=\"wp-block-list\">\n<li><a href=\"https:\/\/www.prensa-latina.cu\/2024\/09\/16\/\"><time>septiembre 16, 2024 | 10:52<\/time><\/a><\/li>\n<\/ul>\n\n\n\n<ul class=\"wp-block-list\">\n<li><a href=\"https:\/\/www.prensa-latina.cu\/2024\/09\/16\/recuerdan-en-chile-a-victor-jara-a-51-anos-de-su-asesinato\/#\"><\/a><\/li>\n\n\n\n<li><a href=\"https:\/\/www.prensa-latina.cu\/2024\/09\/16\/recuerdan-en-chile-a-victor-jara-a-51-anos-de-su-asesinato\/#\"><\/a><\/li>\n\n\n\n<li><a href=\"https:\/\/www.prensa-latina.cu\/2024\/09\/16\/recuerdan-en-chile-a-victor-jara-a-51-anos-de-su-asesinato\/#\"><\/a><\/li>\n\n\n\n<li><a href=\"https:\/\/www.prensa-latina.cu\/2024\/09\/16\/recuerdan-en-chile-a-victor-jara-a-51-anos-de-su-asesinato\/#\"><\/a><\/li>\n<\/ul>\n\n\n\n<p>Jara fue detenido por miembros del ej\u00e9rcito el 12 de septiembre de 1973, un d\u00eda despu\u00e9s del golpe de Estado contra el gobierno de la Unidad Popular del presidente Salvador Allende, y conducido junto a cientos de personas al Estadio Chile.<\/p>\n\n\n\n<p>Cuatro d\u00edas m\u00e1s tarde su cuerpo, con se\u00f1ales de tortura y 44 impactos de bala, se descubri\u00f3 en los alrededores del Cementerio Metropolitano.<\/p>\n\n\n\n<figure class=\"wp-block-image\"><img decoding=\"async\" src=\"https:\/\/www.prensa-latina.cu\/wp-content\/uploads\/2024\/09\/victor-jara-2.jpg\" alt=\"\" class=\"wp-image-1213761\"\/><\/figure>\n\n\n\n<p>\u201cHace 51 a\u00f1os, el canto de V\u00edctor Jara fue silenciado, pero su legado sigue m\u00e1s vivo que nunca\u201d, escribi\u00f3 el sitio digital Rockaxis.<\/p>\n\n\n\n<p>\u201cCantautor, poeta, profesor y activista, V\u00edctor fue una de las voces m\u00e1s poderosas y comprometidas de la m\u00fasica chilena y su obra sigue siendo un s\u00edmbolo de lucha, esperanza y justicia social\u201d, a\u00f1adi\u00f3.<\/p>\n\n\n\n<p>El tambi\u00e9n militante del Partido Comunista de Chile (PCCh) tuvo un fuerte compromiso social y durante el gobierno de Allende ocup\u00f3 el cargo de embajador cultural.<\/p>\n\n\n\n<figure class=\"wp-block-image\"><img decoding=\"async\" src=\"https:\/\/www.prensa-latina.cu\/wp-content\/uploads\/2024\/09\/Victor-Jara-actor.jpg\" alt=\"\" class=\"wp-image-1213762\"\/><\/figure>\n\n\n\n<p>\u201cA 51 a\u00f1os de que el odio fascista lo asesinara, V\u00edctor Jara vive en la memoria, en el coraz\u00f3n, en la conciencia de los pueblos del mundo, que se levantan por el Derecho a vivir en Paz denunciando las intervenciones del imperio\u201d, dijo en su cuenta de X el presidente del PCCh, Lautaro Carmona.<\/p>\n\n\n\n<p>Figura emblem\u00e1tica del movimiento de la Nueva Canci\u00f3n, Jara es autor de una extensa obra musical y entre sus temas m\u00e1s conocidos se encuentran El derecho de vivir en paz, Te recuerdo Amanda, Plegaria a un labrador, El carretero y Manifiesto.<\/p>\n\n\n\n<p>\u201cYo no canto por cantar\/Ni por tener buena voz\/Canto porque la guitarra\/Tiene sentido y raz\u00f3n\u201d, es una estrofa de su canci\u00f3n Manifiesto, una de las infaltables en actos pol\u00edticos.<\/p>\n\n\n\n<p>La Corporaci\u00f3n Patrimonio Cultural de Chile record\u00f3 que V\u00edctor Jara, adem\u00e1s de ser un gran m\u00fasico, fue tambi\u00e9n actor y director de teatro, donde dej\u00f3 una huella imborrable por su talento y creatividad, y public\u00f3 una imagen de su actuaci\u00f3n en la obra \u00abLas de Ca\u00edn\u00bb (1957).<\/p>\n\n\n\n<p>ro\/car<\/p>\n","protected":false},"excerpt":{"rendered":"<p>Santiago de Chile, 16 sep (Prensa Latina) Numerosos mensajes circulan en redes sociales en homenaje al famoso cantante y compositor chileno V\u00edctor Jara, cuando se cumplen hoy 51 de su asesinato a manos de la dictadura de Augusto Pinochet (1973-1990). Jara fue detenido por miembros del ej\u00e9rcito el 12 de septiembre de 1973, un d\u00eda [&hellip;]<\/p>\n","protected":false},"author":28,"featured_media":559482,"comment_status":"closed","ping_status":"closed","sticky":true,"template":"","format":"standard","meta":{"footnotes":""},"categories":[25,23],"tags":[],"class_list":["post-559481","post","type-post","status-publish","format-standard","has-post-thumbnail","hentry","category-gente","category-internacional"],"_links":{"self":[{"href":"https:\/\/diariodominicano.com\/index.php?rest_route=\/wp\/v2\/posts\/559481","targetHints":{"allow":["GET"]}}],"collection":[{"href":"https:\/\/diariodominicano.com\/index.php?rest_route=\/wp\/v2\/posts"}],"about":[{"href":"https:\/\/diariodominicano.com\/index.php?rest_route=\/wp\/v2\/types\/post"}],"author":[{"embeddable":true,"href":"https:\/\/diariodominicano.com\/index.php?rest_route=\/wp\/v2\/users\/28"}],"replies":[{"embeddable":true,"href":"https:\/\/diariodominicano.com\/index.php?rest_route=%2Fwp%2Fv2%2Fcomments&post=559481"}],"version-history":[{"count":1,"href":"https:\/\/diariodominicano.com\/index.php?rest_route=\/wp\/v2\/posts\/559481\/revisions"}],"predecessor-version":[{"id":559483,"href":"https:\/\/diariodominicano.com\/index.php?rest_route=\/wp\/v2\/posts\/559481\/revisions\/559483"}],"wp:featuredmedia":[{"embeddable":true,"href":"https:\/\/diariodominicano.com\/index.php?rest_route=\/wp\/v2\/media\/559482"}],"wp:attachment":[{"href":"https:\/\/diariodominicano.com\/index.php?rest_route=%2Fwp%2Fv2%2Fmedia&parent=559481"}],"wp:term":[{"taxonomy":"category","embeddable":true,"href":"https:\/\/diariodominicano.com\/index.php?rest_route=%2Fwp%2Fv2%2Fcategories&post=559481"},{"taxonomy":"post_tag","embeddable":true,"href":"https:\/\/diariodominicano.com\/index.php?rest_route=%2Fwp%2Fv2%2Ftags&post=559481"}],"curies":[{"name":"wp","href":"https:\/\/api.w.org\/{rel}","templated":true}]}}