{"id":559435,"date":"2024-09-16T09:07:29","date_gmt":"2024-09-16T13:07:29","guid":{"rendered":"https:\/\/diariodominicano.com\/?p=559435"},"modified":"2024-09-16T09:07:36","modified_gmt":"2024-09-16T13:07:36","slug":"marc-anthony-tiene-motivos-para-celebrar-cumpleanos","status":"publish","type":"post","link":"https:\/\/diariodominicano.com\/?p=559435","title":{"rendered":"Marc Anthony tiene motivos para celebrar cumplea\u00f1os"},"content":{"rendered":"\n<p>diariodominicano.com<\/p>\n\n\n\n<p>Nueva York, 16 sep (Prensa Latina) Considerado uno de los m\u00e1s importantes salseros de las \u00faltimas d\u00e9cadas, Marc Anthony, nacido en esta urbe de padres puertorrique\u00f1os, celebra hoy un nuevo a\u00f1o de vida con la incursi\u00f3n en la m\u00fasica de su esposa Nadia Ferreira.<\/p>\n\n\n\n<p>No solo el int\u00e9rprete tiene mucho que festejar este d\u00eda cuando cumple 56 a\u00f1os de edad, sino tambi\u00e9n lo hace por la reciente familia formada con la modelo paraguaya y ahora debutante en la industria musical de la mano de su esposo, uno de los grandes de estos tiempos.<\/p>\n\n\n\n<p>Ferreira, de 25 a\u00f1os de edad, viene respaldada por Magnus Media, la compa\u00f1\u00eda discogr\u00e1fica de Anthony, y junto a su peque\u00f1o nacido en 2023, adem\u00e1s de los mayores con JLo, son sobrados motivos para que la estrella de la salsa disfrute de un cumplea\u00f1o a la altura de su talento.<\/p>\n\n\n\n<p>Marco Antonio Mu\u00f1iz Rivera, su nombre completo, cuyas canciones pasan tambi\u00e9n por el bolero, la balada y el pop latino, ha ganado cuatro Premios Grammy, cinco Premios Grammy Latinos y 29 Premios Lo Nuestro (cantante masculino m\u00e1s galardonado).<\/p>\n\n\n\n<p>Comenz\u00f3 su trayectoria discogr\u00e1fica en el g\u00e9nero del hip-hop con el d\u00fao Little Louie &amp; Marc Anthony, llegando a la cabeza de las listas estadounidenses en 1991. Ralph Mercado lo contrat\u00f3 para su sello RMM en esa fecha y lo lanz\u00f3 cantando salsa, consiguiendo un gran \u00e9xito que dur\u00f3 a\u00f1os, desde su primer sencillo con la canci\u00f3n \u00abHasta que te conoc\u00ed\u00bb, de Juan Gabriel, n\u00famero uno en ventas.<\/p>\n\n\n\n<p>Su nombre fue elegido por el padre en honor a Marco Antonio Mu\u00f1iz Vega, a quien su progenitor admiraba, aunque tuvo que cambi\u00e1rselo art\u00edsticamente para evitar confusiones.<\/p>\n\n\n\n<p>En febrero de 2004 su gran amiga Jennifer Lopez le pidi\u00f3 ayuda para producir el tema \u00abSway\u00bb, banda sonora de la pel\u00edcula \u00abShall We Dance?, protagonizada por la cantante y actriz.<\/p>\n\n\n\n<p>Lopez inici\u00f3 la filmaci\u00f3n en enero de 2006 de la cinta \u00abEl cantante\u00bb, basada en la vida del pol\u00e9mico salsero puertorrique\u00f1o H\u00e9ctor Lavoe.<\/p>\n\n\n\n<p>Para el filme le pidi\u00f3 a Marc -por aquel entonces eran un matrimonio- hacer el personaje de H\u00e9ctor y ella el papel de Puchi, la esposa de Lavoe. JLo se estren\u00f3 como productora en la pel\u00edcula.<\/p>\n\n\n\n<p>En 2007 Anthony debut\u00f3 como productor y particip\u00f3 activamente en la composici\u00f3n, producci\u00f3n y coros de Como ama una mujer, primer disco en espa\u00f1ol de su exesposa Lopez, el cual debut\u00f3 n\u00famero 1 en ventas de la revista Billboard.<\/p>\n\n\n\n<p>Fue el mismo a\u00f1o en el que Marc lanz\u00f3 su disco El cantante, con los temas de la banda sonora de la pel\u00edcula del mismo nombre, protagonizada por \u00e9l. Esta producci\u00f3n se convirti\u00f3 en un \u00e9xito de ventas debutando tambi\u00e9n en el n\u00famero 1 de la Billboard.<\/p>\n\n\n\n<p>Particip\u00f3 en el 50 Festival Internacional de la Canci\u00f3n de Vi\u00f1a del Mar en Chile en 2009; en 2011 inici\u00f3 la Gira Dos Mundos, un concierto por Latinoam\u00e9rica con su compa\u00f1ero Alejandro Fern\u00e1ndez; en 2012 se present\u00f3 en el Festival de Verano Manacac\u00edas, celebrado en Colombia.<\/p>\n\n\n\n<p>Volvi\u00f3 a presentarse ese a\u00f1o en el 53 Festival Internacional de la Canci\u00f3n de Vi\u00f1a del Mar, Chile, llev\u00e1ndose las m\u00e1ximas distinciones que entrega el p\u00fablico del certamen al interpretar de su \u00e1lbum Iconos, la canci\u00f3n \u00ab\u00bfY c\u00f3mo es \u00e9l?\u00bb, junto al espa\u00f1ol Jos\u00e9 Luis Perales (Jurado).<\/p>\n\n\n\n<p>El mismo a\u00f1o se present\u00f3 en distintas ciudades de Estados Unidos junto a Chayanne y Marco Antonio Sol\u00eds en la gira denominada GIGANT3S Tour.<\/p>\n\n\n\n<p>Lleg\u00f3 2013 sali\u00f3 su \u00e1lbum 3.0; public\u00f3, adem\u00e1s, 20 Grandes \u00c9xitos,\u200b el tercer disco recopilatorio de la cantante italiana Laura Pausini junto a Marc Anthony y la nueva versi\u00f3n de \u00abSe fue\u00bb, eligi\u00e9ndose como el tercer sencillo para Am\u00e9rica Latina.<\/p>\n\n\n\n<p>2014 de igual manera fue importante ya que fue reconocido como el gran ganador de los Premios Lo Nuestro llev\u00e1ndose cuatro galardones de los cinco a los cuales estaba nominado; all\u00ed se le otorg\u00f3 el Premio a la Excelencia por su trayectoria como uno de los artistas m\u00e1s exitosos de la m\u00fasica latina.<\/p>\n\n\n\n<p>Otros nuevos lauros vinieron posteriormente, pero hasta hoy el m\u00fasico no ha parado de regalar a su p\u00fablico, que es inmenso, las notas de su salsa, no picante, aunque s\u00ed bien condimentada con con los ritmos de esta zona tropical y caribe\u00f1a.<\/p>\n\n\n\n<p>mem\/dpm<\/p>\n","protected":false},"excerpt":{"rendered":"<p>diariodominicano.com Nueva York, 16 sep (Prensa Latina) Considerado uno de los m\u00e1s importantes salseros de las \u00faltimas d\u00e9cadas, Marc Anthony, nacido en esta urbe de padres puertorrique\u00f1os, celebra hoy un nuevo a\u00f1o de vida con la incursi\u00f3n en la m\u00fasica de su esposa Nadia Ferreira. No solo el int\u00e9rprete tiene mucho que festejar este d\u00eda [&hellip;]<\/p>\n","protected":false},"author":5,"featured_media":559436,"comment_status":"closed","ping_status":"closed","sticky":true,"template":"","format":"standard","meta":{"footnotes":""},"categories":[21,25,27],"tags":[],"class_list":["post-559435","post","type-post","status-publish","format-standard","has-post-thumbnail","hentry","category-cultura","category-gente","category-portada"],"_links":{"self":[{"href":"https:\/\/diariodominicano.com\/index.php?rest_route=\/wp\/v2\/posts\/559435","targetHints":{"allow":["GET"]}}],"collection":[{"href":"https:\/\/diariodominicano.com\/index.php?rest_route=\/wp\/v2\/posts"}],"about":[{"href":"https:\/\/diariodominicano.com\/index.php?rest_route=\/wp\/v2\/types\/post"}],"author":[{"embeddable":true,"href":"https:\/\/diariodominicano.com\/index.php?rest_route=\/wp\/v2\/users\/5"}],"replies":[{"embeddable":true,"href":"https:\/\/diariodominicano.com\/index.php?rest_route=%2Fwp%2Fv2%2Fcomments&post=559435"}],"version-history":[{"count":1,"href":"https:\/\/diariodominicano.com\/index.php?rest_route=\/wp\/v2\/posts\/559435\/revisions"}],"predecessor-version":[{"id":559437,"href":"https:\/\/diariodominicano.com\/index.php?rest_route=\/wp\/v2\/posts\/559435\/revisions\/559437"}],"wp:featuredmedia":[{"embeddable":true,"href":"https:\/\/diariodominicano.com\/index.php?rest_route=\/wp\/v2\/media\/559436"}],"wp:attachment":[{"href":"https:\/\/diariodominicano.com\/index.php?rest_route=%2Fwp%2Fv2%2Fmedia&parent=559435"}],"wp:term":[{"taxonomy":"category","embeddable":true,"href":"https:\/\/diariodominicano.com\/index.php?rest_route=%2Fwp%2Fv2%2Fcategories&post=559435"},{"taxonomy":"post_tag","embeddable":true,"href":"https:\/\/diariodominicano.com\/index.php?rest_route=%2Fwp%2Fv2%2Ftags&post=559435"}],"curies":[{"name":"wp","href":"https:\/\/api.w.org\/{rel}","templated":true}]}}