{"id":55905,"date":"2020-11-04T23:00:24","date_gmt":"2020-11-04T23:00:24","guid":{"rendered":"http:\/\/diariodominicano.ddns.net\/?p=55905"},"modified":"2020-11-04T23:00:24","modified_gmt":"2020-11-04T23:00:24","slug":"mescyt-y-ministerio-de-la-presidencia-analizan-aportes-y-alcances-de-proyecto-de-ley-nacional-de-cualificaciones","status":"publish","type":"post","link":"https:\/\/diariodominicano.com\/?p=55905","title":{"rendered":"MESCYT y Ministerio de la Presidencia analizan aportes y alcances de proyecto de Ley Nacional de Cualificaciones"},"content":{"rendered":"<p><body><\/p>\n<p><img decoding=\"async\" src=\"img3\/MescytGarcia Fermin4-11-20.jpeg\" \/>  <\/p>\n<p>diariodominicano.com<\/p>\n<\/p>\n<p><span class=\"text1noticias\">Santo Domingo, R. D., 5 de noviembre, 2020.- El Ministerio de Educaci\u00f3n Superior, Ciencia y Tecnolog\u00eda (MESCYT),  doctor Franklin Garc\u00eda Ferm\u00edn, y el viceministro de la Presidencia, Jos\u00e9 Ram\u00f3n Holgu\u00edn, realizaron una reuni\u00f3n de trabajo con el prop\u00f3sito de analizar el alcance del proyecto de Ley de Cualificaciones, que tiene entre sus objetivos articular los sistemas de educaci\u00f3n y formaci\u00f3n en todos los niveles.<\/span><\/p>\n<\/p>\n<p><span class=\"text1noticias\">Ram\u00f3n Holgu\u00edn manifest\u00f3 que el proyecto data del a\u00f1o 2005 y que nadie sab\u00eda que exist\u00eda luego de que el Gobierno Central empez\u00f3 a trabajar en el proceso de planificaci\u00f3n.<\/span><\/p>\n<\/p>\n<p><span class=\"text1noticias\">Dijo que posteriormente fue emitido un decreto donde el presidente integr\u00f3 una comisi\u00f3n representada por el MESCYT, INFOTEP, MINERD, el Ministerio de Trabajo y el de la Presidencia, quien lo encabeza.<\/span><\/p>\n<\/p>\n<p><span class=\"text1noticias\">El funcionario especific\u00f3 que para el a\u00f1o 2016  se emiti\u00f3 el decreto No. 173-16, creando la Comisi\u00f3n Nacional para la Elaboraci\u00f3n del Marco Nacional de Cualificaciones para la Republica Dominicana. <\/span><\/p>\n<\/p>\n<p><span class=\"text1noticias\">Expuso que el marco de cualificaci\u00f3n es un aporte importante para el pa\u00eds, porque ratifica todo el trabajo profesional desde el nivel m\u00e1s bajo hasta el  m\u00e1s alto del rendimiento de perfiles deseables que deben permear todos los \u00e1mbitos de formaci\u00f3n en el sistema educativo.<\/span><\/p>\n<\/p>\n<p><span class=\"text1noticias\"> \u00abEn la naci\u00f3n solo existen tres grandes sistemas educativos, el primero lo tiene el MINERD, un segundo sistema INFOTEP porque lidera 160 instituciones, y un tercero lo tiene Educaci\u00f3n Superior\u00bb, subray\u00f3 Holgu\u00edn. <\/span><\/p>\n<\/p>\n<p><span class=\"text1noticias\">La presentaci\u00f3n del taller que se llev\u00f3 a cabo en el Sal\u00f3n del Consejo del MESCYT donde los viceministros intervinieron en la exposici\u00f3n del proyecto de Ley de Cualificaci\u00f3n, indicando que est\u00e1n de acuerdo con la propuestas recomendadas por Ministro de la Presidencia. <\/span><\/p>\n<\/p>\n<p><span class=\"text1noticias\">De su lado, viceministra de Educaci\u00f3n Superior,  Carmen Evarista Mat\u00edas, dijo que est\u00e1n trabajando en la Ley Nacional de Cualificaciones, aprobada por el Senado, pero a\u00fan est\u00e1 pendiente en la C\u00e1mara de Diputados. <\/span><\/p>\n<\/p>\n<p><span class=\"text1noticias\">Indic\u00f3 que el presidente Luis Abinader le otorg\u00f3 la oportunidad al MESCYT, de hacer los ajustes, seg\u00fan el programa de gobierno, para que toda persona que est\u00e9 en el mundo del trabajo pueda estar cualificada y registrada desde el primer nivel hasta el octavo. <\/span><\/p>\n<\/p>\n<p><span class=\"text1noticias\">La funcionaria manifest\u00f3 que el Ministerio de la Presidencia est\u00e1 consultando todo los sectores y el MESCYT han sido llamado para analizar los cambios que se proyectan. <\/span><\/p>\n<\/p>\n<p><span class=\"text1noticias\">Adem\u00e1s de Evarista Mat\u00edas, estuvieron presentes en la reuni\u00f3n,  los viceministros, Juan Francisco Viloria,  Jos\u00e9 Cancel, Genaro Rodr\u00edguez Mart\u00ednez, Mar\u00eda L\u00f3pez Polanco y Carlos Mendieta.<\/span><\/p>\n<\/p>\n<p><span class=\"text1noticias\">Tambi\u00e9n los funcionarios del MESCYT, Juan Francisco Medina, Director de Gabinete; Diego Torres Gonz\u00e1lez, Consultor Jur\u00eddico; Tiburcio Perdomo, director de Planificaci\u00f3n: Juli\u00e1n Sosa, director de Comunicaciones; Luisa Ceballos, de Lenguas Modernas, Helen Hasb\u00fan de Educaci\u00f3n a Distancia, entre otros. <\/span><\/p>\n<p><span class=\"text1noticias\">  <\/span><\/p>\n<p><span class=\"text1noticias\"> <\/span><\/p>\n<p><span class=\"text1noticias\">PIE DE FOTO: <\/span><\/p>\n<p><span class=\"text1noticias\">El ministro del MESCYT, doctor Franklin Garc\u00eda Ferm\u00edn, y el viceministro de la Presidencia, Jos\u00e9 Ram\u00f3n Holgu\u00edn, encabezaron la reuni\u00f3n.<\/span><\/p>\n<\/p>\n<p> Fuente: Julian Sosa<\/p>\n<\/p>\n<h6> 2020-11-04 23:00:24 <\/h6>\n<p><!--\n<link rel=\"stylesheet\" href=\"css\/bootstrap.min.css\">\n\n\n<ul class=\"pagination\">\n\t    \n\t\n\n<li >\n\t<a href='?page_no=78'>Previous<\/a>\n\t<\/li>\n\n\n       \n    \n\n<li><a href='?page_no=1'>1<\/a><\/li>\n\n\n\n<li><a href='?page_no=2'>2<\/a><\/li>\n\n\n\n<li><a>...<\/a><\/li>\n\n\n\n<li><a href='?page_no=77'>77<\/a><\/li>\n\n\n\n<li><a href='?page_no=78'>78<\/a><\/li>\n\n\n\n<li class='active'><a>79<\/a><\/li>\n\n\n\n<li><a href='?page_no=80'>80<\/a><\/li>\n\n\n\n<li><a href='?page_no=81'>81<\/a><\/li>\n\n\n\n<li><a>...<\/a><\/li>\n\n\n\n<li><a href='?page_no=22911'>22911<\/a><\/li>\n\n\n\n<li><a href='?page_no=22912'>22912<\/a><\/li>\n\n    \n\t\n\n<li >\n\t<a href='?page_no=80'>Next<\/a>\n\t<\/li>\n\n\n    \n\n<li><a href='?page_no=22912'>Last &rsaquo;&rsaquo;<\/a><\/li>\n\n<\/ul>\n\n\n--><br \/>\n<\/body><\/p>\n","protected":false},"excerpt":{"rendered":"<p>diariodominicano.com Santo Domingo, R. D., 5 de noviembre, 2020.- El Ministerio de Educaci\u00f3n Superior, Ciencia y Tecnolog\u00eda (MESCYT), doctor Franklin Garc\u00eda Ferm\u00edn, y el viceministro de la Presidencia, Jos\u00e9 Ram\u00f3n Holgu\u00edn, realizaron una reuni\u00f3n de trabajo con el prop\u00f3sito de analizar el alcance del proyecto de Ley de Cualificaciones, que tiene entre sus objetivos articular [&hellip;]<\/p>\n","protected":false},"author":3,"featured_media":0,"comment_status":"open","ping_status":"open","sticky":false,"template":"","format":"standard","meta":{"footnotes":""},"categories":[21],"tags":[],"class_list":["post-55905","post","type-post","status-publish","format-standard","hentry","category-cultura"],"_links":{"self":[{"href":"https:\/\/diariodominicano.com\/index.php?rest_route=\/wp\/v2\/posts\/55905","targetHints":{"allow":["GET"]}}],"collection":[{"href":"https:\/\/diariodominicano.com\/index.php?rest_route=\/wp\/v2\/posts"}],"about":[{"href":"https:\/\/diariodominicano.com\/index.php?rest_route=\/wp\/v2\/types\/post"}],"author":[{"embeddable":true,"href":"https:\/\/diariodominicano.com\/index.php?rest_route=\/wp\/v2\/users\/3"}],"replies":[{"embeddable":true,"href":"https:\/\/diariodominicano.com\/index.php?rest_route=%2Fwp%2Fv2%2Fcomments&post=55905"}],"version-history":[{"count":0,"href":"https:\/\/diariodominicano.com\/index.php?rest_route=\/wp\/v2\/posts\/55905\/revisions"}],"wp:attachment":[{"href":"https:\/\/diariodominicano.com\/index.php?rest_route=%2Fwp%2Fv2%2Fmedia&parent=55905"}],"wp:term":[{"taxonomy":"category","embeddable":true,"href":"https:\/\/diariodominicano.com\/index.php?rest_route=%2Fwp%2Fv2%2Fcategories&post=55905"},{"taxonomy":"post_tag","embeddable":true,"href":"https:\/\/diariodominicano.com\/index.php?rest_route=%2Fwp%2Fv2%2Ftags&post=55905"}],"curies":[{"name":"wp","href":"https:\/\/api.w.org\/{rel}","templated":true}]}}