{"id":558977,"date":"2024-09-14T00:25:55","date_gmt":"2024-09-14T04:25:55","guid":{"rendered":"https:\/\/diariodominicano.com\/?p=558977"},"modified":"2024-09-14T00:27:58","modified_gmt":"2024-09-14T04:27:58","slug":"luis-el-gallo-advierte-reforma-fiscal-se-debe-razonar-con-la-cabeza-fria-y-mucha-moderacion","status":"publish","type":"post","link":"https:\/\/diariodominicano.com\/?p=558977","title":{"rendered":"Luis \u201cEl Gallo\u201d advierte reforma fiscal se debe razonar con la cabeza fr\u00eda y mucha moderaci\u00f3n"},"content":{"rendered":"\n<p>El presidente de la Uni\u00f3n Dem\u00f3crata Cristiana \u2013UDC-, Luis Acosta Moreta, Luis \u201cEl Gallo\u201d, dijo hoy que con cabeza fr\u00eda, y mucha moderaci\u00f3n, las autoridades tienen que afrontar el tema relacionado con una reforma fiscal y tributaria, que podr\u00eda perjudicar a los pobres y la clase media.<\/p>\n\n\n\n<p>Indic\u00f3 que ahora mismo la familia dominicana no soportar\u00eda un aumento de los impuestos y la eliminaci\u00f3n de subsidios, que hacen que muchos productos y servicios lleguen a precios asequibles.<\/p>\n\n\n\n<p>Pidi\u00f3 que se rechacen las presiones de organismos internacionales, que desean que se aplique una reforma fiscal, que a todas luces colocar\u00eda a los m\u00e1s pobre contra la pared.<\/p>\n\n\n\n<p>Dijo que es odioso estar intentando una reforma cuando los precios de los art\u00edculos de primera necesidad han experimentado un alza que no ha podido ser justificada por el sector productor.<\/p>\n\n\n\n<p>Adujo que ser\u00eda interesante emplazar a los agroindustriales a que digan con claridad las razones que tienen para aumentar los precios de productos b\u00e1sicos en la dieta diaria de los dominicanos.<\/p>\n\n\n\n<p>Se\u00f1al\u00f3 que ni el Fondo Monetario Internacional, ni el Banco Mundial, ni las Naciones Unidas, pueden presionar a las autoridades dominicanas para qu\u00e9 den un paso en lo econ\u00f3mico que ser\u00eda en falso y peligroso..<\/p>\n\n\n\n<p>Agreg\u00f3 que lo ideal y necesario es atajar la inflaci\u00f3n y el agiotismo, y regularizar la entrega de los subsidios, antes que pensar en una reforma fiscal o tributaria que ser\u00e1 sumamente traum\u00e1tica.<\/p>\n\n\n\n<p>Si no se controlan los precios de los productos de primera necesidad y el pago de los servicios, se estar\u00e1 dando una acci\u00f3n negativa, que podr\u00eda germinar en actos de protestas.<\/p>\n\n\n\n<p>Antes que las reformas, es necesario estabilizar los precios de los alimentos y los servicios, por lo que nuevamente pedimos al presidente Luis Abinader dar paso al Macuto Popular.<\/p>\n\n\n\n<p>Sea con comida caliente o cruda, el Macuto Popular llegar\u00eda a las clases m\u00e1s necesitadas y ser\u00eda un paso hacia el entendimiento y la concordia de los dominicanos, porque buscar\u00eda soluciones a la anarqu\u00eda de precios y pondr\u00eda la comida en las manos de los pobres.<\/p>\n\n\n\n<p>De hecho, el Macuto Popular bajar\u00eda las tensiones y permitir\u00eda garantizar la alimentaci\u00f3n a miles de dominicanos, mientras se buscan conclusiones y alternativas que les den ya una protecci\u00f3n institucional, en lo que se refiere a los comestibles y los servicios.<\/p>\n\n\n\n<p>Mostrar texto citado<\/p>\n","protected":false},"excerpt":{"rendered":"<p>El presidente de la Uni\u00f3n Dem\u00f3crata Cristiana \u2013UDC-, Luis Acosta Moreta, Luis \u201cEl Gallo\u201d, dijo hoy que con cabeza fr\u00eda, y mucha moderaci\u00f3n, las autoridades tienen que afrontar el tema relacionado con una reforma fiscal y tributaria, que podr\u00eda perjudicar a los pobres y la clase media. Indic\u00f3 que ahora mismo la familia dominicana no [&hellip;]<\/p>\n","protected":false},"author":7,"featured_media":557901,"comment_status":"closed","ping_status":"closed","sticky":false,"template":"","format":"standard","meta":{"footnotes":""},"categories":[18],"tags":[],"class_list":["post-558977","post","type-post","status-publish","format-standard","has-post-thumbnail","hentry","category-economia"],"_links":{"self":[{"href":"https:\/\/diariodominicano.com\/index.php?rest_route=\/wp\/v2\/posts\/558977","targetHints":{"allow":["GET"]}}],"collection":[{"href":"https:\/\/diariodominicano.com\/index.php?rest_route=\/wp\/v2\/posts"}],"about":[{"href":"https:\/\/diariodominicano.com\/index.php?rest_route=\/wp\/v2\/types\/post"}],"author":[{"embeddable":true,"href":"https:\/\/diariodominicano.com\/index.php?rest_route=\/wp\/v2\/users\/7"}],"replies":[{"embeddable":true,"href":"https:\/\/diariodominicano.com\/index.php?rest_route=%2Fwp%2Fv2%2Fcomments&post=558977"}],"version-history":[{"count":1,"href":"https:\/\/diariodominicano.com\/index.php?rest_route=\/wp\/v2\/posts\/558977\/revisions"}],"predecessor-version":[{"id":559023,"href":"https:\/\/diariodominicano.com\/index.php?rest_route=\/wp\/v2\/posts\/558977\/revisions\/559023"}],"wp:featuredmedia":[{"embeddable":true,"href":"https:\/\/diariodominicano.com\/index.php?rest_route=\/wp\/v2\/media\/557901"}],"wp:attachment":[{"href":"https:\/\/diariodominicano.com\/index.php?rest_route=%2Fwp%2Fv2%2Fmedia&parent=558977"}],"wp:term":[{"taxonomy":"category","embeddable":true,"href":"https:\/\/diariodominicano.com\/index.php?rest_route=%2Fwp%2Fv2%2Fcategories&post=558977"},{"taxonomy":"post_tag","embeddable":true,"href":"https:\/\/diariodominicano.com\/index.php?rest_route=%2Fwp%2Fv2%2Ftags&post=558977"}],"curies":[{"name":"wp","href":"https:\/\/api.w.org\/{rel}","templated":true}]}}