{"id":558904,"date":"2024-09-13T16:32:43","date_gmt":"2024-09-13T20:32:43","guid":{"rendered":"https:\/\/diariodominicano.com\/?p=558904"},"modified":"2024-09-13T16:32:45","modified_gmt":"2024-09-13T20:32:45","slug":"condenan-hombre-que-amenazo-de-muerte-a-expareja-en-samana","status":"publish","type":"post","link":"https:\/\/diariodominicano.com\/?p=558904","title":{"rendered":"Condenan hombre que amenaz\u00f3 de muerte a expareja en Saman\u00e1"},"content":{"rendered":"\n<p><strong>Saman\u00e1 (R.D.), viernes, 13 de septiembre de 2024.<\/strong>&nbsp;Una sentencia condenatoria de un a\u00f1o de prisi\u00f3n fue dictada por un tribunal de esta provincia en contra de un hombre al que el Ministerio P\u00fablico acus\u00f3 de amenazar de muerte a una expareja en el a\u00f1o 2022.<\/p>\n\n\n\n<p>El Tribunal Colegiado de Saman\u00e1 conden\u00f3 a Edgardo Cesatti por el hecho de violencia cometido contra su expareja, a quien amenazaba de muerte frecuentemente.<\/p>\n\n\n\n<p>Sobre el caso, la Fiscal\u00eda de Saman\u00e1 establece en el expediente acusatorio que, en fecha 25 de agosto de 2022, Cesatti agredi\u00f3 verbalmente a la mujer, de quien se omite su nombre para preservar su integridad.<\/p>\n\n\n\n<p>Se\u00f1ala que el hecho ocurri\u00f3 en momentos en que el hoy condenado se present\u00f3 a la vivienda de la v\u00edctima a buscar a una hija procreada por ambos.<\/p>\n\n\n\n<p>Durante el altercado el hombre tambi\u00e9n intent\u00f3 agredir a la v\u00edctima f\u00edsicamente, mientras le vociferaba que le quitar\u00eda la vida. La pareja ten\u00eda dos a\u00f1os de haber terminado la relaci\u00f3n.<\/p>\n\n\n\n<p>La investigaci\u00f3n del caso estuvo a cargo de la fiscal Anni Concepci\u00f3n, quien, junto a la fiscal Porfiria Calca\u00f1o, represent\u00f3 al Ministerio P\u00fablico ante el tribunal, integrado por los jueces Edward Jos\u00e9 Soto Soto, Martha Mireya Indira Javier Cedano y Heriberto Luis Johnson.<\/p>\n\n\n\n<p>Cesatti, quien cumplir\u00e1 la pena en el Centro de Privaci\u00f3n de Libertad de Saman\u00e1, fue declarado culpable de violar las disposiciones contenidas en los art\u00edculos 307 y 309-2 del C\u00f3digo Penal Dominicano.<\/p>\n\n\n\n<p>Comunicaciones PGR <a href=\"mailto:comunicaciones@pgr.gob.do\" target=\"_blank\" rel=\"noreferrer noopener\">comunicaciones@pgr.gob.do<\/a> <\/p>\n","protected":false},"excerpt":{"rendered":"<p>Saman\u00e1 (R.D.), viernes, 13 de septiembre de 2024.&nbsp;Una sentencia condenatoria de un a\u00f1o de prisi\u00f3n fue dictada por un tribunal de esta provincia en contra de un hombre al que el Ministerio P\u00fablico acus\u00f3 de amenazar de muerte a una expareja en el a\u00f1o 2022. El Tribunal Colegiado de Saman\u00e1 conden\u00f3 a Edgardo Cesatti por [&hellip;]<\/p>\n","protected":false},"author":7,"featured_media":495896,"comment_status":"closed","ping_status":"closed","sticky":false,"template":"","format":"standard","meta":{"footnotes":""},"categories":[24],"tags":[],"class_list":["post-558904","post","type-post","status-publish","format-standard","has-post-thumbnail","hentry","category-justicia-y-derecho"],"_links":{"self":[{"href":"https:\/\/diariodominicano.com\/index.php?rest_route=\/wp\/v2\/posts\/558904","targetHints":{"allow":["GET"]}}],"collection":[{"href":"https:\/\/diariodominicano.com\/index.php?rest_route=\/wp\/v2\/posts"}],"about":[{"href":"https:\/\/diariodominicano.com\/index.php?rest_route=\/wp\/v2\/types\/post"}],"author":[{"embeddable":true,"href":"https:\/\/diariodominicano.com\/index.php?rest_route=\/wp\/v2\/users\/7"}],"replies":[{"embeddable":true,"href":"https:\/\/diariodominicano.com\/index.php?rest_route=%2Fwp%2Fv2%2Fcomments&post=558904"}],"version-history":[{"count":1,"href":"https:\/\/diariodominicano.com\/index.php?rest_route=\/wp\/v2\/posts\/558904\/revisions"}],"predecessor-version":[{"id":558911,"href":"https:\/\/diariodominicano.com\/index.php?rest_route=\/wp\/v2\/posts\/558904\/revisions\/558911"}],"wp:featuredmedia":[{"embeddable":true,"href":"https:\/\/diariodominicano.com\/index.php?rest_route=\/wp\/v2\/media\/495896"}],"wp:attachment":[{"href":"https:\/\/diariodominicano.com\/index.php?rest_route=%2Fwp%2Fv2%2Fmedia&parent=558904"}],"wp:term":[{"taxonomy":"category","embeddable":true,"href":"https:\/\/diariodominicano.com\/index.php?rest_route=%2Fwp%2Fv2%2Fcategories&post=558904"},{"taxonomy":"post_tag","embeddable":true,"href":"https:\/\/diariodominicano.com\/index.php?rest_route=%2Fwp%2Fv2%2Ftags&post=558904"}],"curies":[{"name":"wp","href":"https:\/\/api.w.org\/{rel}","templated":true}]}}