{"id":558804,"date":"2024-09-13T10:09:49","date_gmt":"2024-09-13T14:09:49","guid":{"rendered":"https:\/\/diariodominicano.com\/?p=558804"},"modified":"2024-09-13T10:09:57","modified_gmt":"2024-09-13T14:09:57","slug":"a-23-anos-ataque-a-torres-gemelas-aun-siguen-contando-los-muertos-hasta-ahora-figuran-27-dominicanos","status":"publish","type":"post","link":"https:\/\/diariodominicano.com\/?p=558804","title":{"rendered":"A 23 a\u00f1os ataque a Torres Gemelas a\u00fan siguen contando los muertos; hasta ahora figuran 27 dominicanos\u00a0"},"content":{"rendered":"\n<p><strong>Por Ram\u00f3n Mercedes<\/strong><\/p>\n\n\n\n<p><strong>NUEVA YORK.-<\/strong>&nbsp;Decenas de familiares, amigos y relaciones de dominicanos que fallecieron durante los ataques terroristas del 11 de septiembre del 2001 asistieron a la ceremonia de recordaci\u00f3n por el 23 aniversario del derribo de las Torres Gemelas en Down Town Manhattan.<\/p>\n\n\n\n<p>Al menos 27 dominicanos figuran entre los 2,977 fallecidos, cifras que siguen aumentando al pasar de los a\u00f1os a medida que las autoridades van identificando los restos tras pruebas de ADN.<\/p>\n\n\n\n<p>El total de hispanos est\u00e1 en 258, seg\u00fan certificaci\u00f3n del Concejo Municipal de esta ciudad.<\/p>\n\n\n\n<p>Asimismo 400 mil personas estuvieron expuestas al aire contaminante de la Zona Cero en riesgo de enfermarse; 127,567 de ellas est\u00e1n registradas en el Programa de Salud de WTC, y 6,881 afectadas han muerto por c\u00e1nceres relacionados con su exposici\u00f3n al 11 de septiembre.<\/p>\n\n\n\n<p>Adem\u00e1s, 1,103 faltan por identificar, han informado las autoridades, de cuyos cuerpos no se ha identificado ning\u00fan resto.<\/p>\n\n\n\n<p>Desde el 11 de septiembre de 2001 miles de v\u00edctimas han sido progresivamente identificadas utilizando diversos m\u00e9todos, pero la lista continua larga, prolongando el dolor y la angustia de sus familiares.<\/p>\n\n\n\n<p>El presidente y vicepresidenta de USA, Joe Biden y Kamala Harris asistieron. Tambi\u00e9n el expresidente Donald Trump y otras autoridades de NYC, Nueva Jersey y otros estados.<\/p>\n\n\n\n<p>Llaman pueblo dominicano seguir apoyo presidente Abinader ante nuevas decisiones favorecer\u00e1n RD<\/p>\n","protected":false},"excerpt":{"rendered":"<p>Por Ram\u00f3n Mercedes NUEVA YORK.-&nbsp;Decenas de familiares, amigos y relaciones de dominicanos que fallecieron durante los ataques terroristas del 11 de septiembre del 2001 asistieron a la ceremonia de recordaci\u00f3n por el 23 aniversario del derribo de las Torres Gemelas en Down Town Manhattan. Al menos 27 dominicanos figuran entre los 2,977 fallecidos, cifras que [&hellip;]<\/p>\n","protected":false},"author":2,"featured_media":558807,"comment_status":"closed","ping_status":"closed","sticky":true,"template":"","format":"standard","meta":{"footnotes":""},"categories":[26,23,27],"tags":[],"class_list":["post-558804","post","type-post","status-publish","format-standard","has-post-thumbnail","hentry","category-efemerides","category-internacional","category-portada"],"_links":{"self":[{"href":"https:\/\/diariodominicano.com\/index.php?rest_route=\/wp\/v2\/posts\/558804","targetHints":{"allow":["GET"]}}],"collection":[{"href":"https:\/\/diariodominicano.com\/index.php?rest_route=\/wp\/v2\/posts"}],"about":[{"href":"https:\/\/diariodominicano.com\/index.php?rest_route=\/wp\/v2\/types\/post"}],"author":[{"embeddable":true,"href":"https:\/\/diariodominicano.com\/index.php?rest_route=\/wp\/v2\/users\/2"}],"replies":[{"embeddable":true,"href":"https:\/\/diariodominicano.com\/index.php?rest_route=%2Fwp%2Fv2%2Fcomments&post=558804"}],"version-history":[{"count":1,"href":"https:\/\/diariodominicano.com\/index.php?rest_route=\/wp\/v2\/posts\/558804\/revisions"}],"predecessor-version":[{"id":558808,"href":"https:\/\/diariodominicano.com\/index.php?rest_route=\/wp\/v2\/posts\/558804\/revisions\/558808"}],"wp:featuredmedia":[{"embeddable":true,"href":"https:\/\/diariodominicano.com\/index.php?rest_route=\/wp\/v2\/media\/558807"}],"wp:attachment":[{"href":"https:\/\/diariodominicano.com\/index.php?rest_route=%2Fwp%2Fv2%2Fmedia&parent=558804"}],"wp:term":[{"taxonomy":"category","embeddable":true,"href":"https:\/\/diariodominicano.com\/index.php?rest_route=%2Fwp%2Fv2%2Fcategories&post=558804"},{"taxonomy":"post_tag","embeddable":true,"href":"https:\/\/diariodominicano.com\/index.php?rest_route=%2Fwp%2Fv2%2Ftags&post=558804"}],"curies":[{"name":"wp","href":"https:\/\/api.w.org\/{rel}","templated":true}]}}