{"id":558648,"date":"2024-09-13T00:22:07","date_gmt":"2024-09-13T04:22:07","guid":{"rendered":"https:\/\/diariodominicano.com\/?p=558648"},"modified":"2024-09-13T00:23:04","modified_gmt":"2024-09-13T04:23:04","slug":"peru-declara-tres-dias-de-duelo-por-muerte-de-fujimori-simpatizantes-llegan-a-velatorio-a-despedirlo","status":"publish","type":"post","link":"https:\/\/diariodominicano.com\/?p=558648","title":{"rendered":"Per\u00fa declara tres d\u00edas de duelo por muerte de Fujimori, simpatizantes llegan a velatorio a despedirlo"},"content":{"rendered":"\n<p>Los hijos del expresidente Alberto Fujimori encabezan sus funerales en el Ministerio de Cultura. En Lima, el 12 de septiembre de 2024. [Cortes\u00eda Presidencia de Per\u00fa]<\/p>\n\n\n\n<p>septiembre 12, 2024<\/p>\n\n\n\n<ul class=\"wp-block-list\">\n<li><a href=\"https:\/\/www.vozdeamerica.com\/author\/voz-de-america-redaccion\/p_kym\">Voz de Am\u00e9rica &#8211; Redacci\u00f3n<\/a><\/li>\n\n\n\n<li><\/li>\n<\/ul>\n\n\n\n<p><a href=\"https:\/\/www.vozdeamerica.com\/a\/peru-declara-tres-duas-duelo-muerte-fujimori-simpatizantes-llegan-velatorio-despedirlo\/7781873.html#comments\">&nbsp;Vea comentarios<\/a><\/p>\n\n\n\n<p>Los restos del expresidente Alberto Fujimori es velado en el Ministerio de Cultura, donde permanecer\u00e1 hasta el s\u00e1bado 14, para luego ser trasladado y sepultado en un cementerio privado. Autoridades y simpatizantes acuden a despedirlo, mientras que detractores organizan movilizaciones en su contra.<\/p>\n\n\n\n<p>El gobierno peruano declar\u00f3 el jueves tres d\u00edas de duelo nacional por la muerte del expresidente Alberto Fujimori,&nbsp;<strong><em><a href=\"https:\/\/www.vozdeamerica.com\/a\/muere-alberto-fujimori-el-expresidente-que-goberno-perucon-mano-dura-durante-una-decada\/7780681.html\" target=\"_blank\" rel=\"noreferrer noopener\">quien falleci\u00f3 el mi\u00e9rcoles de c\u00e1ncer,<\/a><\/em><\/strong>&nbsp;mientras es velado en el Ministerio de Cultura hasta donde han llegado autoridades y simpatizantes.<\/p>\n\n\n\n<p>\u00abEl Poder Ejecutivo declar\u00f3 Duelo Nacional los d\u00edas 12, 13 y 14 de septiembre de 2024&#8230; Asimismo, se ha dispuesto que los funerales del exmandatario reciban las honras f\u00fanebres correspondientes a un presidente en ejercicio\u00bb, dicta un art\u00edculo de la gaceta oficial \u201cEl Peruano\u201d.<\/p>\n\n\n\n<p>Al exmandatario, quien gobern\u00f3 el Per\u00fa entre los a\u00f1os 1990 y 2000, desde hace varios a\u00f1os le afectaba un c\u00e1ncer a la lengua y recientemente hab\u00eda sido operado por una fisura en la cadera tras una ca\u00edda.&nbsp;<em><strong><a href=\"https:\/\/www.vozdeamerica.com\/a\/muere-alberto-fujimori-el-expresidente-que-goberno-perucon-mano-dura-durante-una-decada\/7780681.html\" target=\"_blank\" rel=\"noreferrer noopener\">Muri\u00f3 en la vivienda de su hija<\/a><\/strong><\/em>, Keiko Fujimori, a los 86 a\u00f1os de edad.<\/p>\n\n\n\n<p>Sus familiares dispusieron que su velatorio sea abierto al publico hasta el s\u00e1bado, cuando ser\u00e1 enterrado en un cementerio de las afueras de Lima.<\/p>\n\n\n\n<p>Hacia el mediod\u00eda del jueves, la presidenta Dina Boluarte acudi\u00f3 a dar sus condolencias, junto a otros miembros de su gabinete, se acerc\u00f3 al f\u00e9retro del exmandatario y dialog\u00f3 con sus hijos.<\/p>\n\n\n\n<p>Boluarte, quien tiene un nivel de rechazo que supera el 80 %, seg\u00fan las encuestas, ha sobrevivido a siete intentos de destituci\u00f3n gracias a la protecci\u00f3n de una coalici\u00f3n de grupos pol\u00edticos en el Parlamento, incluido el partido fujimorista.<\/p>\n\n\n\n<p><\/p>\n\n\n\n<p>Horas antes, varios simpatizantes llegaron a la casa de Keiko Fujimori elogiando al gobierno de su padre, una figura pol\u00edtica pol\u00e9mica y que genera reacciones de amor y odio entre los peruanos. Tuvo una condena de 25 a\u00f1os por dos matanzas durante su gobierno, que qued\u00f3 trunca tras recibir un indulto humanitario.<\/p>\n\n\n\n<p>C\u00e9sar Aquije, de 55 a\u00f1os, llevaba un letrero que \u00e9l mismo confeccion\u00f3 que ten\u00eda escrito \u201cgratitud, ingeniero Alberto Fujimori\u201d junto a un dibujo de un coraz\u00f3n blanquirrojo, inform\u00f3&nbsp;<em>AP<\/em>. El comerciante dijo que estaba en la peluquer\u00eda cuando escuch\u00f3 la noticia y no dud\u00f3 en decirle a su esposa, que pese a que ya era de noche, era necesario ir a la casa del expresidente.<\/p>\n\n\n\n<p>\u201cRecuerdo los colegios que hizo y las carreteras\u201d, dijo Aquije, nacido en la regi\u00f3n de Ica, al sur de Lima.<\/p>\n\n\n\n<p><a href=\"https:\/\/www.vozdeamerica.com\/a\/quien-fue-alberto-fujimori-y-por-que-su-figura-politica-genero-tanto-revuelo-hasta-el-ultimo-dia-\/7780689.html\"><\/a><\/p>\n\n\n\n<p><a href=\"https:\/\/www.vozdeamerica.com\/a\/quien-fue-alberto-fujimori-y-por-que-su-figura-politica-genero-tanto-revuelo-hasta-el-ultimo-dia-\/7780689.html\">TAMBI\u00c9N LEA<\/a><\/p>\n\n\n\n<h4 class=\"wp-block-heading\"><a href=\"https:\/\/www.vozdeamerica.com\/a\/quien-fue-alberto-fujimori-y-por-que-su-figura-politica-genero-tanto-revuelo-hasta-el-ultimo-dia-\/7780689.html\">\u00bfQui\u00e9n fue Alberto Fujimori y por qu\u00e9 su figura pol\u00edtica gener\u00f3 tanto revuelo hasta el \u00faltimo d\u00eda?<\/a><\/h4>\n\n\n\n<p>Pero otros criticaron al gobierno de Boluarte y el legado de Fujimori. \u201cMuere Fujimori, condenado por violaciones a DDHH y corrupci\u00f3n y un gobierno asesino como el de los 90 le rinde homenaje\u201d, dijo en X, antes Twitter, Gisela Ortiz, hermana de uno de los 25 peruanos asesinados por un grupo de militares durante el gobierno de Fujimori.<\/p>\n\n\n\n<p>\u201cMensajes oficiales de pesar cuando para sus cr\u00edmenes hay impunidad. Queda tu memoria, mi hermano y todo el amor por el que seguimos luchando\u201d, dijo Ortiz.<\/p>\n\n\n\n<p>Asociaciones de derechos humanos se organizaban para realizar manifestaciones en contra del expresidente.<\/p>\n\n\n\n<figure class=\"wp-block-image\"><a href=\"https:\/\/www.vozdeamerica.com\/a\/fotos--traslado-restos-del-expresidente-de-peru-alberto-fujimori-en-lima\/7781987.html\"><img decoding=\"async\" src=\"https:\/\/gdb.voanews.com\/21db98b9-8d62-41c7-921f-9aec925a072e_w650_r1_s.jpg\" alt=\"En Fotos | As\u00ed transcurren los funerales del expresidente de Per\u00fa, Alberto Fujimori\"\/><\/a><figcaption class=\"wp-element-caption\">Galer\u00eda de fotosEn Fotos | As\u00ed transcurren los funerales del expresidente de Per\u00fa, Alberto Fujimori<\/figcaption><\/figure>\n\n\n\n<p>Su hija mayor Keiko, de 49 a\u00f1os, y el menor, Kenji, de 44, que en los \u00faltimos a\u00f1os mantuvieron una encarnizada disputa pol\u00edtica que llev\u00f3 al menor a una condena por corrupci\u00f3n, estuvieron al frente del velatorio, a veces tomados de la mano y ambos vestidos de negro.<\/p>\n\n\n\n<p>Adem\u00e1s de su condena como autor mediato por asesinato, el expresidente tambi\u00e9n recibi\u00f3 otras tres condenas por corrupci\u00f3n, una de ellas por pagar 15 millones de d\u00f3lares usando dinero de las arcas p\u00fablicas a su exjefe de esp\u00edas Vladimiro Montesinos casi al final de su gobierno en 2000.<\/p>\n\n\n\n<p>El expresidente no se arrepinti\u00f3 de sus cr\u00edmenes ni pag\u00f3 una reparaci\u00f3n civil. En libertad reactiv\u00f3 sus redes sociales y afirm\u00f3 que su gobierno defendi\u00f3 al pueblo y combati\u00f3 al grupo terrorista Sendero Luminoso.<\/p>\n\n\n\n<p>Fujimori, de 86 a\u00f1os, fue declarado muerto alrededor de las 18:00 horas del mi\u00e9rcoles, dijo a la prensa su onc\u00f3logo Jos\u00e9 Guti\u00e9rrez. Indic\u00f3 que padec\u00eda un c\u00e1ncer en la lengua que se replic\u00f3 en los pulmones luego de que en julio fue operado de una fractura en la cadera ocasionada tras caerse de la cama mientras dorm\u00eda. Hab\u00eda estado inconsciente desde el martes por los efectos de su tratamiento.<\/p>\n\n\n\n<p>En diciembre el expresidente abandon\u00f3 la c\u00e1rcel luego de que el Tribunal Constitucional restituy\u00f3 un indulto por sus malas condiciones de salud otorgado en 2017 por el entonces presidente Pedro Pablo Kuczynski (2016-2018) y el gobierno de Boluarte cumpli\u00f3 con la excarcelaci\u00f3n. Sali\u00f3 10 a\u00f1os antes del fin de su condena a 25 a\u00f1os.<\/p>\n\n\n\n<p><em>[Con informaci\u00f3n de AP]<\/em><\/p>\n","protected":false},"excerpt":{"rendered":"<p>Los hijos del expresidente Alberto Fujimori encabezan sus funerales en el Ministerio de Cultura. En Lima, el 12 de septiembre de 2024. [Cortes\u00eda Presidencia de Per\u00fa] septiembre 12, 2024 &nbsp;Vea comentarios Los restos del expresidente Alberto Fujimori es velado en el Ministerio de Cultura, donde permanecer\u00e1 hasta el s\u00e1bado 14, para luego ser trasladado y [&hellip;]<\/p>\n","protected":false},"author":2,"featured_media":558649,"comment_status":"closed","ping_status":"closed","sticky":true,"template":"","format":"standard","meta":{"footnotes":""},"categories":[26,23],"tags":[],"class_list":["post-558648","post","type-post","status-publish","format-standard","has-post-thumbnail","hentry","category-efemerides","category-internacional"],"_links":{"self":[{"href":"https:\/\/diariodominicano.com\/index.php?rest_route=\/wp\/v2\/posts\/558648","targetHints":{"allow":["GET"]}}],"collection":[{"href":"https:\/\/diariodominicano.com\/index.php?rest_route=\/wp\/v2\/posts"}],"about":[{"href":"https:\/\/diariodominicano.com\/index.php?rest_route=\/wp\/v2\/types\/post"}],"author":[{"embeddable":true,"href":"https:\/\/diariodominicano.com\/index.php?rest_route=\/wp\/v2\/users\/2"}],"replies":[{"embeddable":true,"href":"https:\/\/diariodominicano.com\/index.php?rest_route=%2Fwp%2Fv2%2Fcomments&post=558648"}],"version-history":[{"count":2,"href":"https:\/\/diariodominicano.com\/index.php?rest_route=\/wp\/v2\/posts\/558648\/revisions"}],"predecessor-version":[{"id":558652,"href":"https:\/\/diariodominicano.com\/index.php?rest_route=\/wp\/v2\/posts\/558648\/revisions\/558652"}],"wp:featuredmedia":[{"embeddable":true,"href":"https:\/\/diariodominicano.com\/index.php?rest_route=\/wp\/v2\/media\/558649"}],"wp:attachment":[{"href":"https:\/\/diariodominicano.com\/index.php?rest_route=%2Fwp%2Fv2%2Fmedia&parent=558648"}],"wp:term":[{"taxonomy":"category","embeddable":true,"href":"https:\/\/diariodominicano.com\/index.php?rest_route=%2Fwp%2Fv2%2Fcategories&post=558648"},{"taxonomy":"post_tag","embeddable":true,"href":"https:\/\/diariodominicano.com\/index.php?rest_route=%2Fwp%2Fv2%2Ftags&post=558648"}],"curies":[{"name":"wp","href":"https:\/\/api.w.org\/{rel}","templated":true}]}}