{"id":558557,"date":"2024-09-12T19:52:05","date_gmt":"2024-09-12T23:52:05","guid":{"rendered":"https:\/\/diariodominicano.com\/?p=558557"},"modified":"2024-09-12T19:52:07","modified_gmt":"2024-09-12T23:52:07","slug":"imponen-medida-de-coercion-a-jovenes-detenidos-por-realizar-carreras-clandestinas-de-motocicletas-en-villa-tapia","status":"publish","type":"post","link":"https:\/\/diariodominicano.com\/?p=558557","title":{"rendered":"Imponen medida de coerci\u00f3n a j\u00f3venes detenidos por realizar carreras clandestinas de motocicletas en Villa Tapia"},"content":{"rendered":"\n<p><strong>Hermanas Mirabal (R.D.), jueves, 12 de septiembre de 2024.<\/strong>&nbsp;El Juzgado de Paz del municipio Villa Tapia, perteneciente al Distrito Judicial de Hermanas Mirabal, impuso medidas de coerci\u00f3n consistente en presentaci\u00f3n peri\u00f3dica a 18 j\u00f3venes que fueron detenidos en flagrante delito en momentos en que realizaban carreras de motocicletas de manera ilegal, en el municipio Villa Tapia, el pasado 7 de septiembre.<\/p>\n\n\n\n<p>La jueza Felicia N\u00fa\u00f1ez de Jes\u00fas le impuso la presentaci\u00f3n peri\u00f3dica por un per\u00edodo seis meses a Yandel Reinaldo, \u00c1ngel Brito, Randy Barrera, Yeremy Familia, Omarlin De Jes\u00fas Abreu, Miguel Roque,&nbsp; Eduardo Castro, Robert Luis Guzm\u00e1n, Jos\u00e9 Alberto Ovalles, Ronny Miguel Rodr\u00edguez, Jonathan Miguel De Jes\u00fas, Jandiel Jim\u00e9nez, Gregori Romero, Pedro Antonio De Los Santos, Nelson Ovalles, Sandy Gabriel, Jeison Orlando N\u00fa\u00f1ez y a Luis Adrieli Gil Ortega.<\/p>\n\n\n\n<p>El grupo realizaba competencia ilegal a alta velocidad en la localidad La Ceiba, del referido municipio, en el trayecto que conduce de Villa Tapia a Salcedo, punto de encuentro que aglutin\u00f3 a los j\u00f3venes de diferentes puntos de la geograf\u00eda provincial, as\u00ed como de la ciudad de La Vega.<\/p>\n\n\n\n<p>Los j\u00f3venes fueron detenidos alrededor de la 1:50 de la madrugada del referido d\u00eda, por miembros de la Polic\u00eda Preventiva de esa demarcaci\u00f3n, a ra\u00edz de una alerta de la Direcci\u00f3n de Inteligencia Delictiva (Dintel).<\/p>\n\n\n\n<p>El Ministerio P\u00fablico indic\u00f3 en la solicitud de medidas de coerci\u00f3n que, en el lugar de los hechos, fueron recuperadas unas 20 motocicletas de diferentes marcas, las cuales eran utilizadas por los imputados para las competencias clandestinas.&nbsp;&nbsp;<\/p>\n\n\n\n<p>El Ministerio P\u00fablico ha calificado jur\u00eddicamente los hechos como violaci\u00f3n a los art\u00edculos 220 y 267 de la Ley 63-17 sobre Tr\u00e1nsito y Seguridad Vial en la Rep\u00fablica Dominicana.<\/p>\n\n\n\n<p>La fiscalizadora Cristina Ortiz, en representaci\u00f3n del Ministerio P\u00fablico, present\u00f3 ante el Juzgado de Paz las evidencias obtenidas en el transcurso de la investigaci\u00f3n contra los imputados y con las cuales sustent\u00f3 la imposici\u00f3n de la medida de coerci\u00f3n.<\/p>\n\n\n\n<p>Durante la audiencia, la representante del \u00f3rgano persecutor solicit\u00f3 las medidas de coerci\u00f3n contempladas en el art\u00edculo, 226 numerales 1 y 4, del C\u00f3digo Procesal Penal, consistentes en presentaci\u00f3n peri\u00f3dica y garant\u00eda econ\u00f3mica de 300 mil pesos, mediante una compa\u00f1\u00eda aseguradora, al establecer que existen suficientes evidencias que comprometen su responsabilidad penal.<\/p>\n\n\n\n<p>A trav\u00e9s de un comunicado de prensa, mediante el cual ofreci\u00f3 la informaci\u00f3n, la fiscal titular de la provincia Hermanas Mirabal, Zoila Rodr\u00edguez Ynfante, manifest\u00f3 \u201cque estos hechos, que ponen en peligro la vida de los j\u00f3venes y los transe\u00fantes, tienen que tener consecuencias, para prevenir tragedias que solo llevan luto y dolor a las familias dominicanas en estos tiempos, donde las muertes por infracciones a la Ley de Tr\u00e1nsito, siguen cobrando vidas\u201d.<\/p>\n\n\n\n<p>Comunicaciones PGR <a href=\"mailto:comunicaciones@pgr.gob.do\" target=\"_blank\" rel=\"noreferrer noopener\">comunicaciones@pgr.gob.do<\/a> <\/p>\n","protected":false},"excerpt":{"rendered":"<p>Hermanas Mirabal (R.D.), jueves, 12 de septiembre de 2024.&nbsp;El Juzgado de Paz del municipio Villa Tapia, perteneciente al Distrito Judicial de Hermanas Mirabal, impuso medidas de coerci\u00f3n consistente en presentaci\u00f3n peri\u00f3dica a 18 j\u00f3venes que fueron detenidos en flagrante delito en momentos en que realizaban carreras de motocicletas de manera ilegal, en el municipio Villa [&hellip;]<\/p>\n","protected":false},"author":7,"featured_media":495896,"comment_status":"closed","ping_status":"closed","sticky":false,"template":"","format":"standard","meta":{"footnotes":""},"categories":[24],"tags":[],"class_list":["post-558557","post","type-post","status-publish","format-standard","has-post-thumbnail","hentry","category-justicia-y-derecho"],"_links":{"self":[{"href":"https:\/\/diariodominicano.com\/index.php?rest_route=\/wp\/v2\/posts\/558557","targetHints":{"allow":["GET"]}}],"collection":[{"href":"https:\/\/diariodominicano.com\/index.php?rest_route=\/wp\/v2\/posts"}],"about":[{"href":"https:\/\/diariodominicano.com\/index.php?rest_route=\/wp\/v2\/types\/post"}],"author":[{"embeddable":true,"href":"https:\/\/diariodominicano.com\/index.php?rest_route=\/wp\/v2\/users\/7"}],"replies":[{"embeddable":true,"href":"https:\/\/diariodominicano.com\/index.php?rest_route=%2Fwp%2Fv2%2Fcomments&post=558557"}],"version-history":[{"count":1,"href":"https:\/\/diariodominicano.com\/index.php?rest_route=\/wp\/v2\/posts\/558557\/revisions"}],"predecessor-version":[{"id":558602,"href":"https:\/\/diariodominicano.com\/index.php?rest_route=\/wp\/v2\/posts\/558557\/revisions\/558602"}],"wp:featuredmedia":[{"embeddable":true,"href":"https:\/\/diariodominicano.com\/index.php?rest_route=\/wp\/v2\/media\/495896"}],"wp:attachment":[{"href":"https:\/\/diariodominicano.com\/index.php?rest_route=%2Fwp%2Fv2%2Fmedia&parent=558557"}],"wp:term":[{"taxonomy":"category","embeddable":true,"href":"https:\/\/diariodominicano.com\/index.php?rest_route=%2Fwp%2Fv2%2Fcategories&post=558557"},{"taxonomy":"post_tag","embeddable":true,"href":"https:\/\/diariodominicano.com\/index.php?rest_route=%2Fwp%2Fv2%2Ftags&post=558557"}],"curies":[{"name":"wp","href":"https:\/\/api.w.org\/{rel}","templated":true}]}}