{"id":558556,"date":"2024-09-12T19:45:56","date_gmt":"2024-09-12T23:45:56","guid":{"rendered":"https:\/\/diariodominicano.com\/?p=558556"},"modified":"2024-09-12T19:46:03","modified_gmt":"2024-09-12T23:46:03","slug":"julian-gil-se-une-a-la-arquitecta-yermys-pena-como-inversionista-en-el-desarrollo-riviera-costena-en-punta-cana","status":"publish","type":"post","link":"https:\/\/diariodominicano.com\/?p=558556","title":{"rendered":"Juli\u00e1n Gil\u00a0se une a la arquitecta\u00a0Yermys Pe\u00f1a\u00a0como inversionista en el desarrollo\u00a0&#8216;Riviera Coste\u00f1a&#8217;\u00a0en\u00a0Punta Cana"},"content":{"rendered":"\n<p>El actor, conductor y empresario se asocia con la renombrada arquitecta para crear un complejo residencial sostenible y de lujo en las playas de Punta Cana.https:\/\/construger.com <\/p>\n\n\n\n<p><strong>Punta Cana, Rep\u00fablica Dominicana &#8211; 10 de septiembre de 2024&nbsp;<\/strong>\u2013 El reconocido actor, conductor y empresario&nbsp;<a href=\"https:\/\/facebook.us15.list-manage.com\/track\/click?u=d29e05f3cb957969a97f7b89e&amp;id=6b8caaba7b&amp;e=52824c679a\" target=\"_blank\" rel=\"noreferrer noopener\"><strong>Juli\u00e1n Gil<\/strong><\/a>&nbsp;ha anunciado su participaci\u00f3n como inversionista en el exclusivo desarrollo&nbsp;<strong>Riviera Coste\u00f1a&nbsp;<\/strong>en&nbsp;<strong>Punta Cana<\/strong>, en colaboraci\u00f3n con la destacada arquitecta&nbsp;<a href=\"https:\/\/facebook.us15.list-manage.com\/track\/click?u=d29e05f3cb957969a97f7b89e&amp;id=242c316715&amp;e=52824c679a\" target=\"_blank\" rel=\"noreferrer noopener\"><strong>Yermys Pe\u00f1a<\/strong><\/a>, conocida como&nbsp;<em>\u00abla arquitecta de las celebridades del sur de Florida\u00bb<\/em>, CEO de&nbsp;<a href=\"https:\/\/facebook.us15.list-manage.com\/track\/click?u=d29e05f3cb957969a97f7b89e&amp;id=020569bbc2&amp;e=52824c679a\" target=\"_blank\" rel=\"noreferrer noopener\"><strong>Construger<\/strong><\/a>. Reconocida por su capacidad para crear obras arquitect\u00f3nicas innovadoras y adaptadas al entorno natural. Esta alianza promete consolidar un desarrollo inmobiliario de alto nivel en una de las zonas m\u00e1s atractivas del Caribe.<\/p>\n\n\n\n<figure class=\"wp-block-image size-full is-resized\"><img loading=\"lazy\" decoding=\"async\" width=\"565\" height=\"750\" src=\"https:\/\/diariodominicano.com\/wp-content\/uploads\/2024\/09\/Julian-Gil-se-une-a-la-arquitecta-Yermys-Pena.png\" alt=\"\" class=\"wp-image-558600\" style=\"width:618px;height:auto\" srcset=\"https:\/\/diariodominicano.com\/wp-content\/uploads\/2024\/09\/Julian-Gil-se-une-a-la-arquitecta-Yermys-Pena.png 565w, https:\/\/diariodominicano.com\/wp-content\/uploads\/2024\/09\/Julian-Gil-se-une-a-la-arquitecta-Yermys-Pena-226x300.png 226w\" sizes=\"auto, (max-width: 565px) 100vw, 565px\" \/><\/figure>\n\n\n\n<p><a href=\"https:\/\/facebook.us15.list-manage.com\/track\/click?u=d29e05f3cb957969a97f7b89e&amp;id=18481f445f&amp;e=52824c679a\" target=\"_blank\" rel=\"noreferrer noopener\"><strong>Riviera Coste\u00f1a<\/strong><\/a>&nbsp;es un proyecto ambicioso que busca ofrecer una experiencia residencial inigualable en las costas de&nbsp;<strong>Punta Cana<\/strong>, integrando dise\u00f1o innovador y respeto por el entorno natural de la regi\u00f3n. La participaci\u00f3n de&nbsp;<strong>Juli\u00e1n Gil<\/strong>&nbsp;en este proyecto no solo refuerza su compromiso con la inversi\u00f3n en bienes ra\u00edces, sino que tambi\u00e9n subraya su visi\u00f3n de apoyar desarrollos en \u00e1reas de gran proyecci\u00f3n internacional.<\/p>\n\n\n\n<p><em>\u201cPunta Cana siempre ha sido un lugar muy especial para m\u00ed. Cuando conoc\u00ed la visi\u00f3n de Riviera Coste\u00f1a, supe que era una oportunidad perfecta para involucrarme como inversor ,Contar con Yermys Pe\u00f1a, una arquitecta con tanto talento y experiencia, es clave para que este proyecto sea un \u00e9xito.\u201d<\/em>, declar\u00f3 Gil.<\/p>\n\n\n\n<p>Por su parte, la&nbsp;<strong>arquitecta Yermys Pe\u00f1a<\/strong>&nbsp;no solo participar\u00e1 en el dise\u00f1o del proyecto, sino que tambi\u00e9n se ha unido a Juli\u00e1n Gil como inversionista. Conocida por sus destacadas obras en el Caribe, Pe\u00f1a aportar\u00e1 su experiencia y sensibilidad arquitect\u00f3nica al desarrollo de&nbsp;<a href=\"https:\/\/facebook.us15.list-manage.com\/track\/click?u=d29e05f3cb957969a97f7b89e&amp;id=c44ea9510f&amp;e=52824c679a\" target=\"_blank\" rel=\"noreferrer noopener\"><strong>Riviera Coste\u00f1a<\/strong><\/a>, creando un entorno que refleje la esencia de la vida junto al mar.&nbsp;<em>\u201cRiviera Coste\u00f1a es un proyecto que me llena de orgullo. Poder contribuir con mi visi\u00f3n de dise\u00f1o y, al mismo tiempo, invertir en su crecimiento junto a Juli\u00e1n, es una oportunidad \u00fanica. Estoy convencida de que este desarrollo marcar\u00e1 una nueva etapa en la oferta residencial de Punta Cana.\u201d,&nbsp;<\/em>expres\u00f3 la arquitecta Pe\u00f1a.<\/p>\n\n\n\n<p><strong>Sobre Juli\u00e1n Gil<\/strong><br><a href=\"https:\/\/facebook.us15.list-manage.com\/track\/click?u=d29e05f3cb957969a97f7b89e&amp;id=578e9dafe3&amp;e=52824c679a\" target=\"_blank\" rel=\"noreferrer noopener\">Juli\u00e1n Gil<\/a>&nbsp;es un actor, conductor y empresario de origen argentino, criado en Puerto Rico, con una exitosa carrera en la televisi\u00f3n, cine y teatro de habla hispana. Conocido por sus papeles protag\u00f3nicos en telenovelas y su carisma como conductor, Gil ha construido una s\u00f3lida carrera en la industria del entretenimiento.&nbsp; Adem\u00e1s de su carrera art\u00edstica, Gil ha diversificado sus intereses en el \u00e1mbito empresarial, participando como socios en restaurantes en Miami y M\u00e9xico.&nbsp;<\/p>\n\n\n\n<p><strong>Sobre la Arq. Yermys Pe\u00f1a<\/strong><br>Yermys Pe\u00f1a es una arquitecta y urbanista dominicana con m\u00e1s de 20 a\u00f1os de experiencia, es CEO de&nbsp;<a href=\"https:\/\/facebook.us15.list-manage.com\/track\/click?u=d29e05f3cb957969a97f7b89e&amp;id=f8ae1469fd&amp;e=52824c679a\" target=\"_blank\" rel=\"noreferrer noopener\">Construger<\/a>&nbsp;y&nbsp;<a href=\"https:\/\/facebook.us15.list-manage.com\/track\/click?u=d29e05f3cb957969a97f7b89e&amp;id=f208afaba4&amp;e=52824c679a\" target=\"_blank\" rel=\"noreferrer noopener\">Studio YP<\/a>&nbsp;ha sido pionera en el dise\u00f1o de edificios sostenibles en la Rep\u00fablica Dominicana. Ha recibido numerosos reconocimientos, incluyendo su membres\u00eda en el Forbes Business Council y la American Institute of Architects (AIA). Entre sus proyectos destacados se encuentran Vista 311, el primer edificio LEED Gold en la regi\u00f3n, y Eco 23 Residences. Actualmente, lidera proyectos en Punta Cana, Rep Dom, Miami y Nueva York. P\u00e1gina web:&nbsp;<a href=\"https:\/\/facebook.us15.list-manage.com\/track\/click?u=d29e05f3cb957969a97f7b89e&amp;id=b1c6f739a7&amp;e=52824c679a\" target=\"_blank\" rel=\"noreferrer noopener\">www.yermyspena.com<\/a>&nbsp;\/&nbsp;<a href=\"https:\/\/facebook.us15.list-manage.com\/track\/click?u=d29e05f3cb957969a97f7b89e&amp;id=e9ff34553b&amp;e=52824c679a\" target=\"_blank\" rel=\"noreferrer noopener\">www.construger.com<\/a><\/p>\n\n\n\n<p>Instagram:&nbsp;<a href=\"https:\/\/facebook.us15.list-manage.com\/track\/click?u=d29e05f3cb957969a97f7b89e&amp;id=92722a70f9&amp;e=52824c679a\" target=\"_blank\" rel=\"noreferrer noopener\">@yermyspena<\/a><a href=\"https:\/\/facebook.us15.list-manage.com\/track\/click?u=d29e05f3cb957969a97f7b89e&amp;id=7088a90a01&amp;e=52824c679a\" target=\"_blank\" rel=\"noreferrer noopener\">@construgerrd<\/a><br>Linkdln:&nbsp;<a href=\"https:\/\/facebook.us15.list-manage.com\/track\/click?u=d29e05f3cb957969a97f7b89e&amp;id=98852d2a5b&amp;e=52824c679a\" target=\"_blank\" rel=\"noreferrer noopener\">https:\/\/do.linkedin.com\/in\/yermys<\/a><br>X: @yermysp<\/p>\n\n\n\n<p><strong>Punta Cana &#8211; Juli\u00e1n Gil<\/strong>\u00a0&lt;prensa@lidereslatinosmx.com> <\/p>\n","protected":false},"excerpt":{"rendered":"<p>El actor, conductor y empresario se asocia con la renombrada arquitecta para crear un complejo residencial sostenible y de lujo en las playas de Punta Cana.https:\/\/construger.com Punta Cana, Rep\u00fablica Dominicana &#8211; 10 de septiembre de 2024&nbsp;\u2013 El reconocido actor, conductor y empresario&nbsp;Juli\u00e1n Gil&nbsp;ha anunciado su participaci\u00f3n como inversionista en el exclusivo desarrollo&nbsp;Riviera Coste\u00f1a&nbsp;en&nbsp;Punta Cana, en [&hellip;]<\/p>\n","protected":false},"author":7,"featured_media":558599,"comment_status":"closed","ping_status":"closed","sticky":false,"template":"","format":"standard","meta":{"footnotes":""},"categories":[25],"tags":[],"class_list":["post-558556","post","type-post","status-publish","format-standard","has-post-thumbnail","hentry","category-gente"],"_links":{"self":[{"href":"https:\/\/diariodominicano.com\/index.php?rest_route=\/wp\/v2\/posts\/558556","targetHints":{"allow":["GET"]}}],"collection":[{"href":"https:\/\/diariodominicano.com\/index.php?rest_route=\/wp\/v2\/posts"}],"about":[{"href":"https:\/\/diariodominicano.com\/index.php?rest_route=\/wp\/v2\/types\/post"}],"author":[{"embeddable":true,"href":"https:\/\/diariodominicano.com\/index.php?rest_route=\/wp\/v2\/users\/7"}],"replies":[{"embeddable":true,"href":"https:\/\/diariodominicano.com\/index.php?rest_route=%2Fwp%2Fv2%2Fcomments&post=558556"}],"version-history":[{"count":1,"href":"https:\/\/diariodominicano.com\/index.php?rest_route=\/wp\/v2\/posts\/558556\/revisions"}],"predecessor-version":[{"id":558601,"href":"https:\/\/diariodominicano.com\/index.php?rest_route=\/wp\/v2\/posts\/558556\/revisions\/558601"}],"wp:featuredmedia":[{"embeddable":true,"href":"https:\/\/diariodominicano.com\/index.php?rest_route=\/wp\/v2\/media\/558599"}],"wp:attachment":[{"href":"https:\/\/diariodominicano.com\/index.php?rest_route=%2Fwp%2Fv2%2Fmedia&parent=558556"}],"wp:term":[{"taxonomy":"category","embeddable":true,"href":"https:\/\/diariodominicano.com\/index.php?rest_route=%2Fwp%2Fv2%2Fcategories&post=558556"},{"taxonomy":"post_tag","embeddable":true,"href":"https:\/\/diariodominicano.com\/index.php?rest_route=%2Fwp%2Fv2%2Ftags&post=558556"}],"curies":[{"name":"wp","href":"https:\/\/api.w.org\/{rel}","templated":true}]}}