{"id":558553,"date":"2024-09-12T17:36:05","date_gmt":"2024-09-12T21:36:05","guid":{"rendered":"https:\/\/diariodominicano.com\/?p=558553"},"modified":"2024-09-12T17:49:07","modified_gmt":"2024-09-12T21:49:07","slug":"espacio-radial-del-mide-j5-interactivo-celebra-su-3er-aniversario-al-aire","status":"publish","type":"post","link":"https:\/\/diariodominicano.com\/?p=558553","title":{"rendered":"Espacio radial del MIDE \u00abJ5 Interactivo\u00bb celebra su 3er aniversario al aire"},"content":{"rendered":"\n<p>SANTO DOMINGO.- El programa radial \u201cJ-5 Interactivo\u201d, del Ministerio de Defensa (MIDE) celebra este jueves, su tercer aniversario consolid\u00e1ndose en el tiempo como un referente de la comunicaci\u00f3n estrat\u00e9gica y la difusi\u00f3n de las acciones de los hombres y mujeres de uniforme, alineado con las pol\u00edticas p\u00fablicas y de seguridad. El espacio J-5 Interactivo es una iniciativa de la Direcci\u00f3n de Asuntos Civiles del Estado Mayor Conjunto y se transmite por la Radioemisora Cultural \u00abLa Voz de las Fuerzas Armadas\u00bb, a trav\u00e9s de los diales 102.7 y 106.9fm.<\/p>\n\n\n\n<p>Desde sus inicios, con el respaldo del alto mando militar, \u201cJ-5 Interactivo\u201d ha sido un medio institucional, clave para la divulgaci\u00f3n de temas estrat\u00e9gicos relacionados con la seguridad y la defensa nacional.<\/p>\n\n\n\n<p>En el programa se han abordado diferentes problem\u00e1ticas, actuales y complejas, con un enfoque preciso y accesible, \u201cdiscutiendo temas esenciales como la modernizaci\u00f3n de las Fuerzas Armadas, las relaciones internacionales en materia de seguridad, la salud, la econom\u00eda, y la gesti\u00f3n de desastres naturales\u201d.<\/p>\n\n\n\n<p>El espacio ha logrado captar la atenci\u00f3n, tanto de civiles como de militares, que han participado activamente para compartir las diversas iniciativas que contribuyen al desarrollo nacional.<\/p>\n\n\n\n<p>A lo largo de estos tres a\u00f1os, \u201cJ-5 Interactivo\u201d ha sido una plataforma para dar a conocer los esfuerzos conjuntos de las Fuerzas Armadas y la sociedad en beneficio del pa\u00eds.<\/p>\n\n\n\n<p>Su \u00e9xito de \u201cJ-5 Interactivo\u201d radica, no solo en la calidad de sus invitados, sino tambi\u00e9n en su capacidad para traducir conceptos t\u00e9cnicos y estrat\u00e9gicos en un lenguaje accesible para el p\u00fablico general, lo que ha permitido una mayor comprensi\u00f3n del papel que juegan las Fuerzas Armadas en la vida cotidiana de la naci\u00f3n, fortaleciendo el v\u00ednculo entre las instituciones militares y la ciudadan\u00eda.<\/p>\n\n\n\n<p>En la celebraci\u00f3n de este jueves, se espera la participaci\u00f3n de periodistas especializados en la fuente militar, quienes han apoyado el trabajo de los miembros de las Fuerzas Armadas. Ser\u00e1 un reconocimiento al periodismo \u00e9tico y responsable que acompa\u00f1a el desarrollo de este espacio informativo.<\/p>\n\n\n\n<p>El espacio se transmite de manera diferida a trav\u00e9s del canal de YouTube Ministerio de Defensa RD y por los medios institucionales de la radioemisora.<\/p>\n\n\n\n<p>Prensa Mide <a href=\"mailto:prensaj5mide@gmail.com\" target=\"_blank\" rel=\"noreferrer noopener\">prensaj5mide@gmail.com<\/a> <\/p>\n","protected":false},"excerpt":{"rendered":"<p>SANTO DOMINGO.- El programa radial \u201cJ-5 Interactivo\u201d, del Ministerio de Defensa (MIDE) celebra este jueves, su tercer aniversario consolid\u00e1ndose en el tiempo como un referente de la comunicaci\u00f3n estrat\u00e9gica y la difusi\u00f3n de las acciones de los hombres y mujeres de uniforme, alineado con las pol\u00edticas p\u00fablicas y de seguridad. El espacio J-5 Interactivo es [&hellip;]<\/p>\n","protected":false},"author":7,"featured_media":558560,"comment_status":"closed","ping_status":"closed","sticky":false,"template":"","format":"standard","meta":{"footnotes":""},"categories":[36,25],"tags":[],"class_list":["post-558553","post","type-post","status-publish","format-standard","has-post-thumbnail","hentry","category-hombresmujeresycosas","category-gente"],"_links":{"self":[{"href":"https:\/\/diariodominicano.com\/index.php?rest_route=\/wp\/v2\/posts\/558553","targetHints":{"allow":["GET"]}}],"collection":[{"href":"https:\/\/diariodominicano.com\/index.php?rest_route=\/wp\/v2\/posts"}],"about":[{"href":"https:\/\/diariodominicano.com\/index.php?rest_route=\/wp\/v2\/types\/post"}],"author":[{"embeddable":true,"href":"https:\/\/diariodominicano.com\/index.php?rest_route=\/wp\/v2\/users\/7"}],"replies":[{"embeddable":true,"href":"https:\/\/diariodominicano.com\/index.php?rest_route=%2Fwp%2Fv2%2Fcomments&post=558553"}],"version-history":[{"count":1,"href":"https:\/\/diariodominicano.com\/index.php?rest_route=\/wp\/v2\/posts\/558553\/revisions"}],"predecessor-version":[{"id":558572,"href":"https:\/\/diariodominicano.com\/index.php?rest_route=\/wp\/v2\/posts\/558553\/revisions\/558572"}],"wp:featuredmedia":[{"embeddable":true,"href":"https:\/\/diariodominicano.com\/index.php?rest_route=\/wp\/v2\/media\/558560"}],"wp:attachment":[{"href":"https:\/\/diariodominicano.com\/index.php?rest_route=%2Fwp%2Fv2%2Fmedia&parent=558553"}],"wp:term":[{"taxonomy":"category","embeddable":true,"href":"https:\/\/diariodominicano.com\/index.php?rest_route=%2Fwp%2Fv2%2Fcategories&post=558553"},{"taxonomy":"post_tag","embeddable":true,"href":"https:\/\/diariodominicano.com\/index.php?rest_route=%2Fwp%2Fv2%2Ftags&post=558553"}],"curies":[{"name":"wp","href":"https:\/\/api.w.org\/{rel}","templated":true}]}}