{"id":558518,"date":"2024-09-12T16:45:42","date_gmt":"2024-09-12T20:45:42","guid":{"rendered":"https:\/\/diariodominicano.com\/?p=558518"},"modified":"2024-09-12T17:24:13","modified_gmt":"2024-09-12T21:24:13","slug":"ciencias-juridicas-uasd-auspicia-conferencia-sobre-resolucion-alternativa-de-conflictos-laborales","status":"publish","type":"post","link":"https:\/\/diariodominicano.com\/?p=558518","title":{"rendered":"Ciencias Jur\u00eddicas UASD auspicia conferencia  Resoluci\u00f3n Alternativa de Conflictos Laborales"},"content":{"rendered":"\n<p> <a>La Facultad de Ciencias Jur\u00eddicas y Pol\u00edticas&nbsp;<\/a>(FCJP), de la Universidad Aut\u00f3noma de Santo Domingo (UASD), en coordinaci\u00f3n con el Viceministerio de Mediaci\u00f3n y Arbitraje del Ministerio de Trabajo, auspici\u00f3 la conferencia&nbsp;<a>\u201cResoluci\u00f3n Alternativa de Conflictos Laborales: Derecho Comparado\u201d, dictada por el&nbsp;<\/a>experto internacional Ra\u00fal David Ramos.<\/p>\n\n\n\n<p>La actividad, realizada en el paraninfo de la facultad, estuvo presidida por el decano, maestro H\u00e9ctor Pereyra Espaillat, quien, al pronunciar las palabras de bienvenida, destac\u00f3 lo importante que resulta escuchar la ponencia de una experiencia comparada de un docente de la Universidad de Salamanca, especializado en materia de resoluci\u00f3n de conflictos de car\u00e1cter laboral.<\/p>\n\n\n\n<figure class=\"wp-block-gallery has-nested-images columns-default is-cropped wp-block-gallery-1 is-layout-flex wp-block-gallery-is-layout-flex\">\n<figure class=\"wp-block-image size-large\"><img loading=\"lazy\" decoding=\"async\" width=\"480\" height=\"640\" data-id=\"558547\" src=\"https:\/\/diariodominicano.com\/wp-content\/uploads\/2024\/09\/El-experto-internacional-de-la-Universidad-de-Salamanca-maestro-Raul-David-Ramos-diserta-sobre-Resolucion-Alternativa-de-Conflictos-Laborales-Derecho-Comparado-rotated.jpg\" alt=\"\" class=\"wp-image-558547\" srcset=\"https:\/\/diariodominicano.com\/wp-content\/uploads\/2024\/09\/El-experto-internacional-de-la-Universidad-de-Salamanca-maestro-Raul-David-Ramos-diserta-sobre-Resolucion-Alternativa-de-Conflictos-Laborales-Derecho-Comparado-rotated.jpg 480w, https:\/\/diariodominicano.com\/wp-content\/uploads\/2024\/09\/El-experto-internacional-de-la-Universidad-de-Salamanca-maestro-Raul-David-Ramos-diserta-sobre-Resolucion-Alternativa-de-Conflictos-Laborales-Derecho-Comparado-225x300.jpg 225w\" sizes=\"auto, (max-width: 480px) 100vw, 480px\" \/><figcaption class=\"wp-element-caption\">El experto internacional de la Universidad de Salamanca, maestro Ra\u00fal David Ramos diserta sobre \u201cResoluci\u00f3n Alternativa de Conflictos Laborales: Derecho Comparado\u201d <\/figcaption><\/figure>\n<\/figure>\n\n\n\n<p>Agreg\u00f3 que cada vez m\u00e1s tanto en el Derecho Laboral como en las diferentes \u00e1reas jur\u00eddicas, se buscan las v\u00edas de mediaci\u00f3n de los conflictos y en respuesta de esto,&nbsp;<a>la FCJP contempl\u00f3 una asignatura sobre este aspecto en su redise\u00f1o curricular desde una visi\u00f3n general.<\/a><\/p>\n\n\n\n<p>Pereyra Espaillat enfatiz\u00f3 que el C\u00f3digo del Trabajo del pa\u00eds data del 1992, tiene muchas debilidades en materia de mediaci\u00f3n y conciliaci\u00f3n, subrayando que la mayor\u00eda de los procesos jur\u00eddicos han fracasado.<\/p>\n\n\n\n<figure class=\"wp-block-gallery has-nested-images columns-default is-cropped wp-block-gallery-2 is-layout-flex wp-block-gallery-is-layout-flex\">\n<figure class=\"wp-block-image size-large\"><img loading=\"lazy\" decoding=\"async\" width=\"480\" height=\"640\" data-id=\"558546\" src=\"https:\/\/diariodominicano.com\/wp-content\/uploads\/2024\/09\/El-viceministro-de-Mediacion-y-Arbitraje-del-Ministerio-de-Trabajo-Demetrio-Paulino-durante-su-intervencion-rotated.jpg\" alt=\"\" class=\"wp-image-558546\" srcset=\"https:\/\/diariodominicano.com\/wp-content\/uploads\/2024\/09\/El-viceministro-de-Mediacion-y-Arbitraje-del-Ministerio-de-Trabajo-Demetrio-Paulino-durante-su-intervencion-rotated.jpg 480w, https:\/\/diariodominicano.com\/wp-content\/uploads\/2024\/09\/El-viceministro-de-Mediacion-y-Arbitraje-del-Ministerio-de-Trabajo-Demetrio-Paulino-durante-su-intervencion-225x300.jpg 225w\" sizes=\"auto, (max-width: 480px) 100vw, 480px\" \/><figcaption class=\"wp-element-caption\">El viceministro de Mediaci\u00f3n y Arbitraje del Ministerio de Trabajo,&nbsp;Demetrio Paulino,&nbsp;durante su intervenci\u00f3n <\/figcaption><\/figure>\n<\/figure>\n\n\n\n<p>Mientras que<a>&nbsp;el viceministro de Mediaci\u00f3n y Arbitraje, del Ministerio de Trabajo,&nbsp;<\/a>Demetrio Paulino,&nbsp;manifest\u00f3 que la conferencia es una iniciativa que desarrolla esa entidad gubernamental con el inter\u00e9s de que los estudiantes, docentes, abogados y p\u00fablico en general conozcan a profundidad en qu\u00e9 consiste el proceso de mediaci\u00f3n y resoluci\u00f3n de conflicto laboral.<\/p>\n\n\n\n<p>A\u00f1adi\u00f3 que el destacado catedr\u00e1tico e inspector de Trabajo y Seguridad Social, &nbsp;con m\u00e1s de 30 a\u00f1os de experiencia, est\u00e1 en el pa\u00eds como resultado de un acuerdo suscrito con el Ministerio de Trabajo y Asuntos Sociales de Espa\u00f1a, con el objetivo de impartir una serie de procesos formativos dirigidos a los mediadores, abogados de asistencia judicial e inspectores de Trabajo del ministerio, as\u00ed como a otros actores de la sociedad civil, y de esta manera ampliar las capacidades de este personal.<\/p>\n\n\n\n<figure class=\"wp-block-gallery has-nested-images columns-default is-cropped wp-block-gallery-3 is-layout-flex wp-block-gallery-is-layout-flex\">\n<figure class=\"wp-block-image size-large\"><img loading=\"lazy\" decoding=\"async\" width=\"640\" height=\"480\" data-id=\"558545\" src=\"https:\/\/diariodominicano.com\/wp-content\/uploads\/2024\/09\/Publico-asistente.jpg\" alt=\"\" class=\"wp-image-558545\" srcset=\"https:\/\/diariodominicano.com\/wp-content\/uploads\/2024\/09\/Publico-asistente.jpg 640w, https:\/\/diariodominicano.com\/wp-content\/uploads\/2024\/09\/Publico-asistente-300x225.jpg 300w\" sizes=\"auto, (max-width: 640px) 100vw, 640px\" \/><figcaption class=\"wp-element-caption\">P\u00fablico asistente <\/figcaption><\/figure>\n<\/figure>\n\n\n\n<p><strong>&nbsp;<\/strong><strong>La conferencia<\/strong><\/p>\n\n\n\n<p>En tanto, Ramos, durante su disertaci\u00f3n, precis\u00f3 que los conflictos entre trabajadores y empresarios y las t\u00e9cnicas de negociaci\u00f3n asistida, de mediaci\u00f3n y de arbitraje son universales, y la diferencia radica en el grado de implantaci\u00f3n de una cultura en todos los \u00e1mbitos sociales.<\/p>\n\n\n\n<p>Recalc\u00f3 que cualidades como la formaci\u00f3n, el esfuerzo, la experiencia, la tenacidad, empat\u00eda, credibilidad, capacidad de escucha y comunicativa, pueden contribuir a un del mediador a alcanzar acuerdos en conflictos en los que las propias partes no confiaban.<\/p>\n\n\n\n<p><strong>Revista<\/strong><\/p>\n\n\n\n<p>El evento sirvi\u00f3 de escenario para el lanzamiento de la revista \u201cNuestra Paideia\u201d, propuesta de la Direcci\u00f3n de Investigaci\u00f3n de la FCJP, que surge con el inter\u00e9s de publicar art\u00edculos especializados, reflexi\u00f3n cr\u00edtica y la investigaci\u00f3n rigurosa en materia de Derecho.<\/p>\n\n\n\n<p>La actividad cont\u00f3 con la asistencia de la vicedecana de la facultad, maestra&nbsp;Carmen Chevalier; la directora de la Unidad de Educaci\u00f3n Continuada, maestra Eva Garc\u00eda, quien ley\u00f3 la semblanza del experto y el director de Mediaci\u00f3n y Arbitraje del Ministerio de Trabajo, Luis Franco Regalado.<a><\/a><\/p>\n\n\n\n<p>Adem\u00e1s, estuvieron presentes, estudiantes, maestros, el Consejo Directivo de la Facultad, abogados, mediadores y asistentes judiciales del Ministerio de Trabajo, entre otros. <\/p>\n\n\n\n<p>Relaciones P\u00fablicas <a href=\"mailto:relacionespublicas@uasd.edu.do\" target=\"_blank\" rel=\"noreferrer noopener\">relacionespublicas@uasd.edu.do<\/a><\/p>\n\n\n\n<p>#Resoluci\u00f3n Alternativa de Conflictos Laborales<\/p>\n","protected":false},"excerpt":{"rendered":"<p>La Facultad de Ciencias Jur\u00eddicas y Pol\u00edticas&nbsp;(FCJP), de la Universidad Aut\u00f3noma de Santo Domingo (UASD), en coordinaci\u00f3n con el Viceministerio de Mediaci\u00f3n y Arbitraje del Ministerio de Trabajo, auspici\u00f3 la conferencia&nbsp;\u201cResoluci\u00f3n Alternativa de Conflictos Laborales: Derecho Comparado\u201d, dictada por el&nbsp;experto internacional Ra\u00fal David Ramos. La actividad, realizada en el paraninfo de la facultad, estuvo presidida [&hellip;]<\/p>\n","protected":false},"author":7,"featured_media":558544,"comment_status":"closed","ping_status":"closed","sticky":true,"template":"","format":"standard","meta":{"footnotes":""},"categories":[18],"tags":[],"class_list":["post-558518","post","type-post","status-publish","format-standard","has-post-thumbnail","hentry","category-economia"],"_links":{"self":[{"href":"https:\/\/diariodominicano.com\/index.php?rest_route=\/wp\/v2\/posts\/558518","targetHints":{"allow":["GET"]}}],"collection":[{"href":"https:\/\/diariodominicano.com\/index.php?rest_route=\/wp\/v2\/posts"}],"about":[{"href":"https:\/\/diariodominicano.com\/index.php?rest_route=\/wp\/v2\/types\/post"}],"author":[{"embeddable":true,"href":"https:\/\/diariodominicano.com\/index.php?rest_route=\/wp\/v2\/users\/7"}],"replies":[{"embeddable":true,"href":"https:\/\/diariodominicano.com\/index.php?rest_route=%2Fwp%2Fv2%2Fcomments&post=558518"}],"version-history":[{"count":3,"href":"https:\/\/diariodominicano.com\/index.php?rest_route=\/wp\/v2\/posts\/558518\/revisions"}],"predecessor-version":[{"id":558567,"href":"https:\/\/diariodominicano.com\/index.php?rest_route=\/wp\/v2\/posts\/558518\/revisions\/558567"}],"wp:featuredmedia":[{"embeddable":true,"href":"https:\/\/diariodominicano.com\/index.php?rest_route=\/wp\/v2\/media\/558544"}],"wp:attachment":[{"href":"https:\/\/diariodominicano.com\/index.php?rest_route=%2Fwp%2Fv2%2Fmedia&parent=558518"}],"wp:term":[{"taxonomy":"category","embeddable":true,"href":"https:\/\/diariodominicano.com\/index.php?rest_route=%2Fwp%2Fv2%2Fcategories&post=558518"},{"taxonomy":"post_tag","embeddable":true,"href":"https:\/\/diariodominicano.com\/index.php?rest_route=%2Fwp%2Fv2%2Ftags&post=558518"}],"curies":[{"name":"wp","href":"https:\/\/api.w.org\/{rel}","templated":true}]}}