{"id":558500,"date":"2024-09-12T12:30:04","date_gmt":"2024-09-12T16:30:04","guid":{"rendered":"https:\/\/diariodominicano.com\/?p=558500"},"modified":"2024-09-12T17:47:28","modified_gmt":"2024-09-12T21:47:28","slug":"dictan-20-anos-de-prision-contra-hombre-por-homicidio-voluntario-de-un-adolescente","status":"publish","type":"post","link":"https:\/\/diariodominicano.com\/?p=558500","title":{"rendered":"Dictan 20 a\u00f1os de prisi\u00f3n a un hombre que mat\u00f3 a  un adolescente"},"content":{"rendered":"\n<p>El hecho fue cometido  en el a\u00f1o 2023, durante una balacera en la comunidad de El Batey, del distrito municipal de Las Zanjas, San Juan de la Maguana.<\/p>\n\n\n\n<p>diariodominicano.com<\/p>\n\n\n\n<p>San Juan de la Maguana, R. D.,\u200212 de septiembre, 2024.-  A solicitud del Ministerio P\u00fablico, los jueces del Tribunal Colegiado de este distrito judicial dictaron una condena de 20 a\u00f1os de prisi\u00f3n a un hombre por el homicidio cometido en contra de un menor de edad, en un hecho ocurrido en el a\u00f1o 2023, durante una balacera en la comunidad de El Batey, del distrito municipal de Las Zanjas.<\/p>\n\n\n\n<p>El Ministerio P\u00fablico, representado por los fiscales litigantes Vicente Rodr\u00edguez y Hernanda Arias, demostraron al Tribunal Colegiado de este distrito judicial, integrado por los jueces Damaso Mercedes, Eduardo Valdez Pi\u00f1a y Ang\u00e9lica Mar\u00eda Calder\u00f3n, de manera irrefutable, la culpabilidad de Antonio Jim\u00e9nez de la Cruz, por su vinculaci\u00f3n en el homicidio del adolescente de 17 a\u00f1os, Pedro de la Cruz.<\/p>\n\n\n\n<p>La Fiscal\u00eda demostr\u00f3 que el hoy condenado, con sus acciones falt\u00f3 a los art\u00edculos 295 y 304 del C\u00f3digo Penal Dominicano, y la Ley 631-16, para el Control y Regulaci\u00f3n de Armas, Municiones y Materiales Relacionados.<\/p>\n\n\n\n<p>Durante las pesquisas, el Ministerio P\u00fablico estableci\u00f3 que Antonio Jim\u00e9nez de la Cruz (a) Suro, junto a los nombrados Juan Carlos Jim\u00e9nez de la Cruz&nbsp; y dos personas identificadas como Pirulo y Gaby, quienes permanecen&nbsp; pr\u00f3fugos, se presentaron a bordo de dos motocicletas a la residencia de un los identificados como Adri\u00e1n M\u00e9ndez y Cambenba, donde supuestamente estaba operando un punto de venta de sustancias controladas, lo que desencaden\u00f3 una balacera, en medio de la cual el adolescente recibi\u00f3 un disparo, que termin\u00f3 provoc\u00e1ndole la muerte.<\/p>\n\n\n\n<p>Por decisi\u00f3n de los jueces, Jim\u00e9nez de la Cruz cumplir\u00e1 la condena en la c\u00e1rcel p\u00fablica de San Juan de la Maguana.<strong><\/strong><\/p>\n\n\n\n<p><strong>Direcci\u00f3n General de Comunicaci\u00f3n, Prensa, y RRPP<\/strong><strong><\/strong><\/p>\n\n\n\n<p>Ministerio P\u00fablico.\u00a0R.D.<\/p>\n\n\n\n<p>#Condenado a 20 a\u00f1os de prisi\u00f3n  por matar adolescente en El Batey, San Juan de la Maguana.<\/p>\n","protected":false},"excerpt":{"rendered":"<p>El hecho fue cometido en el a\u00f1o 2023, durante una balacera en la comunidad de El Batey, del distrito municipal de Las Zanjas, San Juan de la Maguana. diariodominicano.com San Juan de la Maguana, R. D.,\u200212 de septiembre, 2024.- A solicitud del Ministerio P\u00fablico, los jueces del Tribunal Colegiado de este distrito judicial dictaron una [&hellip;]<\/p>\n","protected":false},"author":5,"featured_media":367086,"comment_status":"closed","ping_status":"closed","sticky":true,"template":"","format":"standard","meta":{"footnotes":""},"categories":[24,27],"tags":[],"class_list":["post-558500","post","type-post","status-publish","format-standard","has-post-thumbnail","hentry","category-justicia-y-derecho","category-portada"],"_links":{"self":[{"href":"https:\/\/diariodominicano.com\/index.php?rest_route=\/wp\/v2\/posts\/558500","targetHints":{"allow":["GET"]}}],"collection":[{"href":"https:\/\/diariodominicano.com\/index.php?rest_route=\/wp\/v2\/posts"}],"about":[{"href":"https:\/\/diariodominicano.com\/index.php?rest_route=\/wp\/v2\/types\/post"}],"author":[{"embeddable":true,"href":"https:\/\/diariodominicano.com\/index.php?rest_route=\/wp\/v2\/users\/5"}],"replies":[{"embeddable":true,"href":"https:\/\/diariodominicano.com\/index.php?rest_route=%2Fwp%2Fv2%2Fcomments&post=558500"}],"version-history":[{"count":3,"href":"https:\/\/diariodominicano.com\/index.php?rest_route=\/wp\/v2\/posts\/558500\/revisions"}],"predecessor-version":[{"id":558580,"href":"https:\/\/diariodominicano.com\/index.php?rest_route=\/wp\/v2\/posts\/558500\/revisions\/558580"}],"wp:featuredmedia":[{"embeddable":true,"href":"https:\/\/diariodominicano.com\/index.php?rest_route=\/wp\/v2\/media\/367086"}],"wp:attachment":[{"href":"https:\/\/diariodominicano.com\/index.php?rest_route=%2Fwp%2Fv2%2Fmedia&parent=558500"}],"wp:term":[{"taxonomy":"category","embeddable":true,"href":"https:\/\/diariodominicano.com\/index.php?rest_route=%2Fwp%2Fv2%2Fcategories&post=558500"},{"taxonomy":"post_tag","embeddable":true,"href":"https:\/\/diariodominicano.com\/index.php?rest_route=%2Fwp%2Fv2%2Ftags&post=558500"}],"curies":[{"name":"wp","href":"https:\/\/api.w.org\/{rel}","templated":true}]}}