{"id":558463,"date":"2024-09-12T10:41:36","date_gmt":"2024-09-12T14:41:36","guid":{"rendered":"https:\/\/diariodominicano.com\/?p=558463"},"modified":"2024-09-12T10:41:43","modified_gmt":"2024-09-12T14:41:43","slug":"condena-de-20-anos-de-prision-contra-hombre-que-violo-sexualmente-a-una-adolescente-de-14-anos","status":"publish","type":"post","link":"https:\/\/diariodominicano.com\/?p=558463","title":{"rendered":"Condena de 20 a\u00f1os de prisi\u00f3n contra hombre que viol\u00f3 sexualmente a una adolescente de 14 a\u00f1os"},"content":{"rendered":"\n<p>diariodominicano.com<\/p>\n\n\n\n<p><strong>Santo Domingo Este, <\/strong>R. D., 12 de septiembre, 2024<strong>. \u2013<\/strong>\u00a0La Fiscal\u00eda de Santo Domingo Este y Norte logr\u00f3 una condena de 20 a\u00f1os de prisi\u00f3n en contra de un hombre que viol\u00f3 sexualmente a una adolescente de 14 a\u00f1os de edad, en el a\u00f1o 2023.<\/p>\n\n\n\n<p>La condena le fue impuesta a Alejandro Leonel Toussaint Vargas (a) Alex, por los jueces Elizabeth Esperanza Rodr\u00edguez Espinal, Flor E. Batista Polo y Jos\u00e9 Leonel Asencio Quezada, quienes integran el Primer Tribunal Colegiado de esta jurisdicci\u00f3n, por los hechos cometidos en contra de la adolescente, de quien se omite su nombre para proteger su identidad.<\/p>\n\n\n\n<p>Durante el juicio, el Ministerio P\u00fablico, representado por los fiscales litigante Evelyn Pe\u00f1a y Alexis Casado, mostraron al tribunal suficientes elementos de prueba, con las cuales probaron que el hoy condenado violent\u00f3 los art\u00edculos 332-1 del C\u00f3digo Penal Dominicano, modificado por la Ley 24-97 y los art\u00edculos 12, 13, 14, 15, 16, 17, 18 y 396 literal C, de la Ley 136-03, sobre el c\u00f3digo para la protecci\u00f3n de los derechos de los ni\u00f1os, ni\u00f1as y adolescentes.<\/p>\n\n\n\n<p>El expediente, instrumentado por la fiscal investigadora Clara Arroyo, relata que el padre de la v\u00edctima denunci\u00f3 al agresor, luego de que la adolescente revelara que hab\u00eda sido violada sexualmente y amenazada de muerte por el agresor.<\/p>\n\n\n\n<p>Para corroborar la veracidad de los hechos, el Ministerio P\u00fablico, realiz\u00f3 a la menor un informe psicol\u00f3gico y una evaluaci\u00f3n m\u00e9dico legal, cuyos resultados corroboraron la veracidad de la denuncia.<strong><\/strong><\/p>\n\n\n\n<p><strong>Direcci\u00f3n General de Comunicaci\u00f3n, Prensa, y RRPP<\/strong><strong><\/strong><\/p>\n\n\n\n<p>Ministerio P\u00fablico.&nbsp;R.D.<\/p>\n\n\n\n<p>Jueves, 12 de septiembre de 2024<\/p>\n","protected":false},"excerpt":{"rendered":"<p>diariodominicano.com Santo Domingo Este, R. D., 12 de septiembre, 2024. \u2013\u00a0La Fiscal\u00eda de Santo Domingo Este y Norte logr\u00f3 una condena de 20 a\u00f1os de prisi\u00f3n en contra de un hombre que viol\u00f3 sexualmente a una adolescente de 14 a\u00f1os de edad, en el a\u00f1o 2023. La condena le fue impuesta a Alejandro Leonel Toussaint [&hellip;]<\/p>\n","protected":false},"author":5,"featured_media":368341,"comment_status":"closed","ping_status":"closed","sticky":true,"template":"","format":"standard","meta":{"footnotes":""},"categories":[24,27],"tags":[],"class_list":["post-558463","post","type-post","status-publish","format-standard","has-post-thumbnail","hentry","category-justicia-y-derecho","category-portada"],"_links":{"self":[{"href":"https:\/\/diariodominicano.com\/index.php?rest_route=\/wp\/v2\/posts\/558463","targetHints":{"allow":["GET"]}}],"collection":[{"href":"https:\/\/diariodominicano.com\/index.php?rest_route=\/wp\/v2\/posts"}],"about":[{"href":"https:\/\/diariodominicano.com\/index.php?rest_route=\/wp\/v2\/types\/post"}],"author":[{"embeddable":true,"href":"https:\/\/diariodominicano.com\/index.php?rest_route=\/wp\/v2\/users\/5"}],"replies":[{"embeddable":true,"href":"https:\/\/diariodominicano.com\/index.php?rest_route=%2Fwp%2Fv2%2Fcomments&post=558463"}],"version-history":[{"count":1,"href":"https:\/\/diariodominicano.com\/index.php?rest_route=\/wp\/v2\/posts\/558463\/revisions"}],"predecessor-version":[{"id":558467,"href":"https:\/\/diariodominicano.com\/index.php?rest_route=\/wp\/v2\/posts\/558463\/revisions\/558467"}],"wp:featuredmedia":[{"embeddable":true,"href":"https:\/\/diariodominicano.com\/index.php?rest_route=\/wp\/v2\/media\/368341"}],"wp:attachment":[{"href":"https:\/\/diariodominicano.com\/index.php?rest_route=%2Fwp%2Fv2%2Fmedia&parent=558463"}],"wp:term":[{"taxonomy":"category","embeddable":true,"href":"https:\/\/diariodominicano.com\/index.php?rest_route=%2Fwp%2Fv2%2Fcategories&post=558463"},{"taxonomy":"post_tag","embeddable":true,"href":"https:\/\/diariodominicano.com\/index.php?rest_route=%2Fwp%2Fv2%2Ftags&post=558463"}],"curies":[{"name":"wp","href":"https:\/\/api.w.org\/{rel}","templated":true}]}}