{"id":558322,"date":"2024-09-11T23:53:10","date_gmt":"2024-09-12T03:53:10","guid":{"rendered":"https:\/\/diariodominicano.com\/?p=558322"},"modified":"2024-09-11T23:57:49","modified_gmt":"2024-09-12T03:57:49","slug":"eeuu-conmemora-el-11-de-septiembre-centrado-en-las-victimas-y-con-la-politica-como-telon-de-fondo","status":"publish","type":"post","link":"https:\/\/diariodominicano.com\/?p=558322","title":{"rendered":"EEUU conmemora el 11 de septiembre centrado en las v\u00edctimas y con la pol\u00edtica como tel\u00f3n de fondo"},"content":{"rendered":"\n<p>Donald Trump y su compa\u00f1ero de f\u00f3rmula, JD Vance, el presidente de EEUU, Joe Biden y la candidata presidencial dem\u00f3crata y vicepresidente Kamala Harris en una ceremonia por los ataques del 11 de septiembre en el World Trade Center en Nueva York, el 11 de septiembre de 2024.<\/p>\n\n\n\n<p>septiembre 11, 2024<\/p>\n\n\n\n<ul class=\"wp-block-list\">\n<li><a href=\"https:\/\/www.vozdeamerica.com\/author\/voz-de-america-redaccion\/p_kym\">Voz de Am\u00e9rica &#8211; Redacci\u00f3n<\/a><\/li>\n<\/ul>\n\n\n\n<ul class=\"wp-block-list\">\n<li><\/li>\n<\/ul>\n\n\n\n<p><a href=\"https:\/\/www.vozdeamerica.com\/a\/trump-harris-planean-realizar-dos-actos-por-el-11-de-septiembre-nueva-york-pensilvania\/7779850.html#comments\">&nbsp;Vea comentarios<\/a><\/p>\n\n\n\n<p>El presidente Joe Biden, la vicepresidente Kamala Harris y el expresidente Donald Trump conmemoran el 23.\u00ba aniversario de los atentados del 11 de septiembre con visitas a la ciudad de Nueva York y Shanksville, Pensilvania.<\/p>\n\n\n\n<p>Estados Unidos record\u00f3 las vidas perdidas y transformadas por los ataques del 11 de septiembre el mi\u00e9rcoles, en un aniversario rodeado por la pol\u00edtica de la campa\u00f1a presidencial donde el presidente Joe Biden, el expresidente Donald Trump y la vicepresidente Kamala Harris estuvieron juntos el mi\u00e9rcoles en la zona cero.<\/p>\n\n\n\n<p>El 11 de septiembre \u2014la fecha en el que los ataques con dos aviones secuestrados provocaron la muerte de cerca de 3.000 personas en 2001\u2014 cae en medio de la temporada electoral cada cuatro a\u00f1os, y esta vez se produce en un momento especialmente agudo. La ceremonia de aniversario en el World Trade Center reuni\u00f3 a Harris y Trump, los nominados dem\u00f3crata y republicano respectivamente, cara a cara pocas horas despu\u00e9s de su primer debate, realizado la noche del martes.<\/p>\n\n\n\n<p><a href=\"https:\/\/www.vozdeamerica.com\/a\/el-ataque-al-pentagono-23-anos-despues-recuerdo-permanente-a-las-victimas-del-11-de-septiembre\/7777473.html\"><\/a><\/p>\n\n\n\n<p><a href=\"https:\/\/www.vozdeamerica.com\/a\/el-ataque-al-pentagono-23-anos-despues-recuerdo-permanente-a-las-victimas-del-11-de-septiembre\/7777473.html\">TAMBI\u00c9N LEA<\/a><\/p>\n\n\n\n<h4 class=\"wp-block-heading\"><a href=\"https:\/\/www.vozdeamerica.com\/a\/el-ataque-al-pentagono-23-anos-despues-recuerdo-permanente-a-las-victimas-del-11-de-septiembre\/7777473.html\">El ataque al Pent\u00e1gono: el recuerdo permanente a las v\u00edctimas del 11 de septiembre 23 a\u00f1os despu\u00e9s<\/a><\/h4>\n\n\n\n<p>Trump y su compa\u00f1ero de f\u00f3rmula, el senador JD Vance, llegaron al lugar alrededor de las 8 de la ma\u00f1ana y se tomaron fotos con algunas personas del p\u00fablico. Harris lleg\u00f3 con Biden cerca de media hora despu\u00e9s, entre v\u00edtores de \u201c\u00a1Kamala!\u201d por parte de algunos miembros de la audiencia.<\/p>\n\n\n\n<p>Biden y Trump se dieron un apret\u00f3n de manos, y el exalcalde de Nueva York Michael Bloomberg acudi\u00f3 a facilitar un saludo entre Harris y Trump. Luego, los rivales presidenciales quedaron a unos cuantos metros (pies) de distancia, con Biden y Bloomberg entre ellos, mientras la ceremonia iniciaba con un toque de campana y un momento de silencio.<\/p>\n\n\n\n<p>El tel\u00f3n de fondo pol\u00edtico no fue lo m\u00e1s importante para los familiares de las v\u00edctimas, como Cathy Naughton, quien acudi\u00f3 para honrar a su primo, Michael Roberts, uno de los cientos de bomberos muertos en el ataque.<\/p>\n\n\n\n<p>Veintitr\u00e9s a\u00f1os despu\u00e9s, \u201ces tan crudo\u201d, dijo. \u201cQueremos asegurarnos de que la gente recuerde siempre, y decir los nombres siempre, y no olvidar nunca\u201d.<\/p>\n\n\n\n<p>\u201cNo se vuelve m\u00e1s f\u00e1cil con cada a\u00f1o que pasa\u201d, a\u00f1adi\u00f3.<\/p>\n\n\n\n<p>#EE. UU. conmemora el 11 de septiembre\u2003\u2002#DonaldTRumpo\u2003<\/p>\n\n\n\n<p>#Joe Biden\u2003\u2003\u2003#las victimas<\/p>\n","protected":false},"excerpt":{"rendered":"<p>Donald Trump y su compa\u00f1ero de f\u00f3rmula, JD Vance, el presidente de EEUU, Joe Biden y la candidata presidencial dem\u00f3crata y vicepresidente Kamala Harris en una ceremonia por los ataques del 11 de septiembre en el World Trade Center en Nueva York, el 11 de septiembre de 2024. septiembre 11, 2024 &nbsp;Vea comentarios El presidente [&hellip;]<\/p>\n","protected":false},"author":28,"featured_media":558324,"comment_status":"closed","ping_status":"closed","sticky":true,"template":"","format":"standard","meta":{"footnotes":""},"categories":[36,26,23,27],"tags":[],"class_list":["post-558322","post","type-post","status-publish","format-standard","has-post-thumbnail","hentry","category-hombresmujeresycosas","category-efemerides","category-internacional","category-portada"],"_links":{"self":[{"href":"https:\/\/diariodominicano.com\/index.php?rest_route=\/wp\/v2\/posts\/558322","targetHints":{"allow":["GET"]}}],"collection":[{"href":"https:\/\/diariodominicano.com\/index.php?rest_route=\/wp\/v2\/posts"}],"about":[{"href":"https:\/\/diariodominicano.com\/index.php?rest_route=\/wp\/v2\/types\/post"}],"author":[{"embeddable":true,"href":"https:\/\/diariodominicano.com\/index.php?rest_route=\/wp\/v2\/users\/28"}],"replies":[{"embeddable":true,"href":"https:\/\/diariodominicano.com\/index.php?rest_route=%2Fwp%2Fv2%2Fcomments&post=558322"}],"version-history":[{"count":4,"href":"https:\/\/diariodominicano.com\/index.php?rest_route=\/wp\/v2\/posts\/558322\/revisions"}],"predecessor-version":[{"id":558332,"href":"https:\/\/diariodominicano.com\/index.php?rest_route=\/wp\/v2\/posts\/558322\/revisions\/558332"}],"wp:featuredmedia":[{"embeddable":true,"href":"https:\/\/diariodominicano.com\/index.php?rest_route=\/wp\/v2\/media\/558324"}],"wp:attachment":[{"href":"https:\/\/diariodominicano.com\/index.php?rest_route=%2Fwp%2Fv2%2Fmedia&parent=558322"}],"wp:term":[{"taxonomy":"category","embeddable":true,"href":"https:\/\/diariodominicano.com\/index.php?rest_route=%2Fwp%2Fv2%2Fcategories&post=558322"},{"taxonomy":"post_tag","embeddable":true,"href":"https:\/\/diariodominicano.com\/index.php?rest_route=%2Fwp%2Fv2%2Ftags&post=558322"}],"curies":[{"name":"wp","href":"https:\/\/api.w.org\/{rel}","templated":true}]}}