{"id":558314,"date":"2024-09-11T23:49:56","date_gmt":"2024-09-12T03:49:56","guid":{"rendered":"https:\/\/diariodominicano.com\/?p=558314"},"modified":"2024-09-11T23:50:00","modified_gmt":"2024-09-12T03:50:00","slug":"quien-fue-alberto-fujimori-y-por-que-su-figura-politica-genero-tanto-revuelo-hasta-el-ultimo-dia","status":"publish","type":"post","link":"https:\/\/diariodominicano.com\/?p=558314","title":{"rendered":"\u00bfQui\u00e9n fue Alberto Fujimori y por qu\u00e9 su figura pol\u00edtica gener\u00f3 tanto revuelo hasta el \u00faltimo d\u00eda?"},"content":{"rendered":"\n<p>ARCHIVO &#8211; El expresidente de Per\u00fa Alberto Fujimori saluda en su casa de Santiago de Chile el 18 de mayo de 2006.<\/p>\n\n\n\n<p>septiembre 11, 2024<\/p>\n\n\n\n<ul class=\"wp-block-list\">\n<li><a href=\"https:\/\/www.vozdeamerica.com\/author\/tomas-guevara\/pikyi\">Tom\u00e1s Guevara<\/a><\/li>\n<\/ul>\n\n\n\n<ul class=\"wp-block-list\">\n<li><\/li>\n<\/ul>\n\n\n\n<p><a href=\"https:\/\/www.vozdeamerica.com\/a\/quien-fue-alberto-fujimori-y-por-que-su-figura-politica-genero-tanto-revuelo-hasta-el-ultimo-dia-\/7780689.html#comments\">&nbsp;Vea comentarios<\/a><\/p>\n\n\n\n<p>La muerte del expresidente peruano Alberto Fujimori ha consternado a la poblaci\u00f3n peruana, que por m\u00e1s de dos d\u00e9cadas a\u00f1or\u00f3 y odi\u00f3 al l\u00edder pol\u00edtico que gobern\u00f3 con pu\u00f1o fuerte al pa\u00eds en la d\u00e9cada de 1990.<\/p>\n\n\n\n<p>WASHINGTON \u2014&nbsp;<\/p>\n\n\n\n<p>El expresidente peruano&nbsp;<strong><em><a href=\"https:\/\/www.vozdeamerica.com\/a\/peru-promulga-ley-que-limita-condenas-por-lesa-humanidad-y-favorece-al-expresidente-fujimori\/7737195.html\" target=\"_blank\" rel=\"noreferrer noopener\">Alberto Fujimori<\/a><\/em><\/strong>&nbsp;se traz\u00f3 un nombre en la historia pol\u00edtica de Per\u00fa, el pa\u00eds que gobern\u00f3 con mano fuerte durante toda la d\u00e9cada de 1990 y hasta iniciado el siglo XXI.<\/p>\n\n\n\n<p>Los&nbsp;<em><strong><a href=\"https:\/\/www.vozdeamerica.com\/a\/peru-fujimori-excarcelacion-corteidh-rechazo\/7408817.html\" target=\"_blank\" rel=\"noreferrer noopener\">procesos judiciales<\/a><\/strong><\/em>&nbsp;por corrupci\u00f3n y violaciones a derechos humanos lo mantuvieron maniatado para volver a la vida pol\u00edtica \u2013donde no le falt\u00f3 capital pol\u00edtico y seguidores que lo vieron como la figura potable para retomar el poder en el pa\u00eds.<\/p>\n\n\n\n<p>Su arresto durante un viaje a Chile, en 2005, fue un balde de agua fr\u00eda para Fujimori, que ya ve\u00eda a algunos de sus principales colaboradores enfrascados en procesos judiciales.<\/p>\n\n\n\n<p>Jap\u00f3n, en donde se hab\u00eda autoexiliado al abandonar la presidencia en el a\u00f1o 2000, rechaz\u00f3 entregar a la justicia peruana al excatedr\u00e1tico y rector universitario, proveniente de una dinast\u00eda nipona en Per\u00fa. Una prohibici\u00f3n legal en la potencia asi\u00e1tica impide entregar en extradici\u00f3n a sus ciudadanos y Fujimori posee\u00eda la nacionalidad japonesa por sus padres.<\/p>\n\n\n\n<p><a href=\"https:\/\/www.vozdeamerica.com\/a\/peru-onu-alerta-por-proyecto-sobre-crimenes-de-lesa-humanidad\/7674790.html\"><\/a><\/p>\n\n\n\n<p><a href=\"https:\/\/www.vozdeamerica.com\/a\/peru-onu-alerta-por-proyecto-sobre-crimenes-de-lesa-humanidad\/7674790.html\">TAMBI\u00c9N LEA<\/a><\/p>\n\n\n\n<h4 class=\"wp-block-heading\"><a href=\"https:\/\/www.vozdeamerica.com\/a\/peru-onu-alerta-por-proyecto-sobre-crimenes-de-lesa-humanidad\/7674790.html\">ONU alerta sobre proyecto aprobado por Congreso peruano sobre cr\u00edmenes de lesa humanidad<\/a><\/h4>\n\n\n\n<p>Chile, en 2005, se convirti\u00f3 en su sendero hacia la c\u00e1rcel. El pa\u00eds sudamericano lo arrest\u00f3 y esper\u00f3 el largo proceso de extradici\u00f3n hasta entregarlo a la justicia peruana en 2007, para enfrentar cargos criminales, los mismos que dos a\u00f1os despu\u00e9s lo llevaron a enfrentar una condena ins\u00f3lita para un exmandatario peruano.<\/p>\n\n\n\n<p>Fue&nbsp;<em><strong><a href=\"https:\/\/www.vozdeamerica.com\/a\/expresidente-peruano-fujimori-pide-libertad-\/7297182.html\" target=\"_blank\" rel=\"noreferrer noopener\">condenado a 25 a\u00f1os de prisi\u00f3n&nbsp;<\/a><\/strong><\/em>por ser el autor intelectual de 25 asesinatos ejecutados por un escuadr\u00f3n clandestino de militares en dos matanzas ocurridas durante sus mandatos entre 1990 y 2000.<\/p>\n\n\n\n<p>En su administraci\u00f3n, los militares actuaron con alto grado de impunidad -seg\u00fan sus detractores- siguiendo al pie una pol\u00edtica de seguridad nacional establecida para hacer frente al grupo terrorista Sendero Luminoso, que hab\u00eda desangrado a Per\u00fa en un conflicto interno sin precedentes en el pa\u00eds.<\/p>\n\n\n\n<p>Y a ese primer caso criminal se sumaron otros tres procesos judiciales m\u00e1s en su contra, en los que fue declarado culpable de corrupci\u00f3n y de malversar al menos 13,6 millones de d\u00f3lares.<\/p>\n\n\n\n<h3 class=\"wp-block-heading\">La cuestionada libertad<\/h3>\n\n\n\n<p>Cuando hab\u00eda pasado 16 a\u00f1os de su encarcelamiento, el expresidente Fujimori se vio beneficiado en 2023 por una resoluci\u00f3n del Tribunal Constitucional de Per\u00fa que ordenaba su excarcelaci\u00f3n \u201cinmediata\u201d.<\/p>\n\n\n\n<p><a href=\"https:\/\/www.vozdeamerica.com\/a\/corte-idh-se%C3%B1ala-violaciones-de-peru-en-indulto-a-expresidente-fujimori\/7407744.html\"><\/a><\/p>\n\n\n\n<p><a href=\"https:\/\/www.vozdeamerica.com\/a\/corte-idh-se%C3%B1ala-violaciones-de-peru-en-indulto-a-expresidente-fujimori\/7407744.html\">TAMBI\u00c9N LEA<\/a><\/p>\n\n\n\n<h4 class=\"wp-block-heading\"><a href=\"https:\/\/www.vozdeamerica.com\/a\/corte-idh-se%C3%B1ala-violaciones-de-peru-en-indulto-a-expresidente-fujimori\/7407744.html\">Corte IDH se\u00f1ala violaciones de Per\u00fa en indulto a expresidente Fujimori<\/a><\/h4>\n\n\n\n<p>Aunque en 2017 hab\u00eda conseguido un indulto presidencial para recobrar la libertad, no fue posible entre la turbulencia pol\u00edtica peruana. En aquel momento el mismo tribunal que posteriormente dar\u00eda luz verde a su libertad, requiri\u00f3 entonces mantenerlo detenido al reconsiderar los argumentos presentados durante el proceso por la Corte Interamericana de Derechos Humanos (CIDH).<\/p>\n\n\n\n<p>Al recobrar su libertad el m\u00e1ximo tribunal de justicia del pa\u00eds dictamin\u00f3 \u201cfalta de competencia de la CIDH\u201d sobre el caso y le concedi\u00f3 la libertad cuando el exmandatario ya estaba enfermo con un eventual diagn\u00f3stico de c\u00e1ncer.<\/p>\n\n\n\n<h3 class=\"wp-block-heading\">\u00bfPor qu\u00e9 su figura se enraiz\u00f3 tanto en pol\u00edtica peruana?<\/h3>\n\n\n\n<p>Alberto Fujimori, cuyo natalicio se celebra el mismo d\u00eda de la Independencia de Per\u00fa, 28 de julio, incursion\u00f3 de forma sorpresiva en la pol\u00edtica peruana al ganar de forma inesperada las elecciones generales de 1990, con un programa de reformas econ\u00f3micas para sacar al pa\u00eds de la end\u00e9mica crisis, y del terror generalizado que generaba Sendero Luminoso en amplias zonas del pa\u00eds.<\/p>\n\n\n\n<p>Sus planes fueron bien vistos por los organismos internacionales como el Grupo Banco Mundial y otras instancias de financiamiento que vieron en el ingeniero industrial, con disciplina japonesa, un comprometido con las reformas econ\u00f3micas necesarias para abordar la crisis financiera, sumado a los apoyos internos de la casta militar y las \u00e9lites econ\u00f3micas.<\/p>\n\n\n\n<p><a href=\"https:\/\/www.vozdeamerica.com\/a\/peru-6-presidentes-en-7-anios-por-que-no-logra-salir-de-su-crisis-politica-\/7628680.html\"><\/a><\/p>\n\n\n\n<p><a href=\"https:\/\/www.vozdeamerica.com\/a\/peru-6-presidentes-en-7-anios-por-que-no-logra-salir-de-su-crisis-politica-\/7628680.html\">TAMBI\u00c9N LEA<\/a><\/p>\n\n\n\n<h4 class=\"wp-block-heading\"><a href=\"https:\/\/www.vozdeamerica.com\/a\/peru-6-presidentes-en-7-anios-por-que-no-logra-salir-de-su-crisis-politica-\/7628680.html\">Seis presidentes en 7 a\u00f1os: \u00bfPor qu\u00e9 Per\u00fa no logra salir de su crisis pol\u00edtica?<\/a><\/h4>\n\n\n\n<p>No obstante los detractores de su gesti\u00f3n empezaron a se\u00f1alar las \u00abpr\u00e1cticas autoritarias\u00bb del mandatario, que en 1992 procedi\u00f3 a disolver el Congreso, en un autogolpe que hasta hoy se conoce como \u201cel fujimorato\u201d.<\/p>\n\n\n\n<p>La estabilizaci\u00f3n de la moneda con el Nuevo Sol peruano, con un valor estable de cambio ante el d\u00f3lar, la inversi\u00f3n econ\u00f3mica extranjera en auge en el pa\u00eds, con m\u00e1s empleo e indicadores econ\u00f3micos de crecimiento catapultaron su figura como un presidente eficaz.<\/p>\n\n\n\n<p>Tambi\u00e9n jug\u00f3 a su favor el actuar de las fuerzas de seguridad para aplastar a Sendero Luminoso y reducirlo a la insignificancia con las capturas de sus cabecillas, a los que se aplicaron severas condenas.<\/p>\n\n\n\n<p><a href=\"https:\/\/www.vozdeamerica.com\/a\/peru-muere-abimael-guzman-sendero-luminoso-\/6222679.html\"><\/a><\/p>\n\n\n\n<p><a href=\"https:\/\/www.vozdeamerica.com\/a\/peru-muere-abimael-guzman-sendero-luminoso-\/6222679.html\">TAMBI\u00c9N LEA<\/a><\/p>\n\n\n\n<h4 class=\"wp-block-heading\"><a href=\"https:\/\/www.vozdeamerica.com\/a\/peru-muere-abimael-guzman-sendero-luminoso-\/6222679.html\">Muere Abimael Guzm\u00e1n, fundador del grupo peruano Sendero Luminoso<\/a><\/h4>\n\n\n\n<p>La falta de contrapesos en el pa\u00eds bajo un gobierno de corte autoritario dio paso a los primeros abusos que al destaparse generaron esc\u00e1ndalos como la esterilizaci\u00f3n forzada de ind\u00edgenas y la represi\u00f3n contra las c\u00e9lulas terroristas de Sendero Luminoso que arras\u00f3 con vidas inocentes, entre ellos los 25 masacrados.<\/p>\n\n\n\n<p>Pero buena parte de la poblaci\u00f3n vio en Alberto Fujimori la figura que dio estabilidad al pa\u00eds y sobre todo del crecimiento econ\u00f3mico durante su gesti\u00f3n, que tuvo sus bemoles por los procesos de privatizaci\u00f3n de empresas p\u00fablicas, nada ajenas para el resto de Am\u00e9rica Latina.<\/p>\n\n\n\n<p>Al llegar a un tercer mandato en el a\u00f1o 2000, despu\u00e9s de ser reelegido en 1995, la oposici\u00f3n ya se hab\u00eda fortalecido y las elecciones trascendieron en entorno de poca transparencia que la oposici\u00f3n calific\u00f3 de \u201cfraudulentas\u201d.<\/p>\n\n\n\n<p>Aquellos hechos aumentaron la presi\u00f3n sobre su gesti\u00f3n con m\u00faltiples denuncias de corrupci\u00f3n, acusaciones de cr\u00edmenes de lesa humanidad que concluyeron con la recordada revelaci\u00f3n de los videos y audios de su mano derecha y jefe de esp\u00edas,&nbsp;<strong><em><a href=\"https:\/\/www.vozdeamerica.com\/a\/exasesor-inteligencia-fujimori-acepta-autoria-matanza-1992\/7462247.html\" target=\"_blank\" rel=\"noreferrer noopener\">Vladimiro Montesinos.<\/a><\/em><\/strong><\/p>\n\n\n\n<p><a href=\"https:\/\/www.vozdeamerica.com\/a\/exasesor-inteligencia-fujimori-acepta-autoria-matanza-1992\/7462247.html\"><\/a><\/p>\n\n\n\n<p><a href=\"https:\/\/www.vozdeamerica.com\/a\/exasesor-inteligencia-fujimori-acepta-autoria-matanza-1992\/7462247.html\">TAMBI\u00c9N LEA<\/a><\/p>\n\n\n\n<h4 class=\"wp-block-heading\"><a href=\"https:\/\/www.vozdeamerica.com\/a\/exasesor-inteligencia-fujimori-acepta-autoria-matanza-1992\/7462247.html\">El exasesor de inteligencia de Fujimori acepta su autor\u00eda en matanza de 1992 en Per\u00fa<\/a><\/h4>\n\n\n\n<h3 class=\"wp-block-heading\">Sus memorias en \u201cLa palabra del chino\u201d<\/h3>\n\n\n\n<p>En su libro de memorias \u201c<strong><em><a href=\"https:\/\/www.iberolibrerias.com\/la-palabra-del-chino-el-intruso-9786124849718-400770\/p\" target=\"_blank\" rel=\"noreferrer noopener\">La palabra del chino, el intruso<\/a><\/em><\/strong>\u201d escrita en la c\u00e1rcel, Alberto Fujimori plantea una historia de vida propia marcada por la perseverancia y la disciplina, y contada de forma coloquial, aborda el empuje de su familia y su paso por la c\u00faspide del poder.<\/p>\n\n\n\n<p>Aunque lo esencial del libro, seg\u00fan el autor es \u201cdesenterrar la verdad y mostrarla\u00bb, y dice Fujimori en el texto que \u00abest\u00e1 dirigido especialmente a los j\u00f3venes, que se asombrar\u00e1n de todo aquello que no conoc\u00edan del pa\u00eds que padecieron sus padres y sus abuelos\u201d.<\/p>\n\n\n\n<p>El exmandatario insta a los lectores a sacar \u201csus propias conclusiones\u201d sobre los vaivenes pol\u00edticos de su pa\u00eds. \u201cAlberto Fujimori solo ha sido un gobernante hijo de esforzados inmigrantes japoneses, identificado con los sue\u00f1os de progreso y felicidad de la mayor\u00eda de los ciudadanos de la patria que le dieron sus padres y que contin\u00faa amando desde la prisi\u00f3n\u201d, dijo al escribir los relatos tras las rejas.<\/p>\n\n\n\n<p><a href=\"https:\/\/www.vozdeamerica.com\/a\/un-reconocido-periodista-peruano-combate-una-campana-de-desprestigio-a-la-vez-que-al-cancer\/7589288.html\"><\/a><\/p>\n\n\n\n<p><a href=\"https:\/\/www.vozdeamerica.com\/a\/un-reconocido-periodista-peruano-combate-una-campana-de-desprestigio-a-la-vez-que-al-cancer\/7589288.html\">TAMBI\u00c9N LEA<\/a><\/p>\n\n\n\n<h4 class=\"wp-block-heading\"><a href=\"https:\/\/www.vozdeamerica.com\/a\/un-reconocido-periodista-peruano-combate-una-campana-de-desprestigio-a-la-vez-que-al-cancer\/7589288.html\">Reconocido periodista peruano combate campa\u00f1a de desprestigio a la vez que al c\u00e1ncer<\/a><\/h4>\n\n\n\n<p>Dijo que incluso sus oponentes son concientes que su gesti\u00f3n de gobierno dio un cambio sustancial al progreso del pa\u00eds. \u201cEspecialmente la reconstrucci\u00f3n de una econom\u00eda nacional devastada por el populismo, el terrorismo y la corrupci\u00f3n, y logros como la paz con Ecuador, y una Constituci\u00f3n como la de 1993, que ha sentado las bases de un nuevo Per\u00fa\u201d.<\/p>\n\n\n\n<h3 class=\"wp-block-heading\">\u00bfUn tard\u00edo retorno?<\/h3>\n\n\n\n<p>Los hijos de Alberto Fujimori trataron de retomar la estafeta que dej\u00f3 su padre, que desde la prisi\u00f3n mantuvo una curiosa relaci\u00f3n con sus bases a trav\u00e9s de cartas, los que vieron la posibilidad y la esperanza de sacarlo de la c\u00e1rcel para devolverle los poderes perdidos.<\/p>\n\n\n\n<p>Keiko Fujimori, la primog\u00e9nita, es la<em><strong><a href=\"https:\/\/www.vozdeamerica.com\/a\/fiscalia-peru-acusara-testigo-clave-casos-ligados-constructora-odebrecht-romper-pacto\/7684828.html\" target=\"_blank\" rel=\"noreferrer noopener\">&nbsp;figura m\u00e1s notable del clan<\/a>,&nbsp;<\/strong><\/em>quien despu\u00e9s de su padre ha intentado en tres ocasiones ganar la presidencia en segunda vuelta en intentos fallidos, pero con un caudal fuerte de votos. Su hijo menor Kenji tambi\u00e9n ha figurado desde el Congreso peruano.<\/p>\n\n\n\n<p><a href=\"https:\/\/www.vozdeamerica.com\/a\/justicia-peru-juicio-lavado-activos-keiko-fujimori\/7680671.html\"><\/a><\/p>\n\n\n\n<p><a href=\"https:\/\/www.vozdeamerica.com\/a\/justicia-peru-juicio-lavado-activos-keiko-fujimori\/7680671.html\">TAMBI\u00c9N LEA<\/a><\/p>\n\n\n\n<h4 class=\"wp-block-heading\"><a href=\"https:\/\/www.vozdeamerica.com\/a\/justicia-peru-juicio-lavado-activos-keiko-fujimori\/7680671.html\">Justicia de Per\u00fa inicia juicio por lavado de activos a Keiko Fujimori, l\u00edder de poderoso partido<\/a><\/h4>\n\n\n\n<p>El Partido Fuerza Popular cuenta en la legislatura actual -que culmina en 2026- con 21 esca\u00f1os, es la mayor fracci\u00f3n de la arena pol\u00edtica peruana conformada por 130 asientos, y cuenta tambi\u00e9n con aliadas del espectro pol\u00edtico.<\/p>\n\n\n\n<p>Con el regreso de su padre a la libertad han sido sus hijos los que&nbsp;<em><strong><a href=\"https:\/\/www.vozdeamerica.com\/a\/expresidente-fujimori-de-peru-es-operado-de-la-cadera-tras-sufrir-una-fractura\/7683427.html\" target=\"_blank\" rel=\"noreferrer noopener\">han transmitido la informaci\u00f3n a sus seguidores<\/a><\/strong><\/em>, le han acompa\u00f1ado a los hospitales, han anunciado los resultados de los procesos m\u00e9dicos y en los peores momentos han dado a conocer los diagn\u00f3sticos, como&nbsp;<em><strong><a href=\"https:\/\/www.vozdeamerica.com\/a\/expresidente-peruano-alberto-fujimori-dice-que-fue-diagnosticado-con-un-nuevo-tumor-maligno\/7607260.html\" target=\"_blank\" rel=\"noreferrer noopener\">el c\u00e1ncer que lo ha vencido.<\/a><\/strong><\/em><\/p>\n\n\n\n<p>Pero sobre todo auparon al patriarca en libertad para retomar la batuta y volver a presentarse a las elecciones presidenciales de 2026, no sin antes sortear los vaivenes de una escena pol\u00edtica y judicial inestable.<\/p>\n\n\n\n<p>En julio, Keiko anunci\u00f3 que su padre correr\u00eda con la bandera de su partido Fuerza Popular para la presidencia de Per\u00fa en 2026, pese a que la ley vigente prohibe la postulaci\u00f3n de personas condenadas que no han cumplido con el pago de la reparaci\u00f3n civil.<\/p>\n\n\n\n<p>Entre ese vaiv\u00e9n Alberto Fujimori fue visto en p\u00fablico por \u00faltima vez el 5 de septiembre reciente cuando sal\u00eda de una cl\u00ednica privada en Lima.<\/p>\n\n\n\n<p>#Alberto Fujimori\u2003\u2003\u2003\u2003 #muere ex presidente de Peru<\/p>\n","protected":false},"excerpt":{"rendered":"<p>ARCHIVO &#8211; El expresidente de Per\u00fa Alberto Fujimori saluda en su casa de Santiago de Chile el 18 de mayo de 2006. septiembre 11, 2024 &nbsp;Vea comentarios La muerte del expresidente peruano Alberto Fujimori ha consternado a la poblaci\u00f3n peruana, que por m\u00e1s de dos d\u00e9cadas a\u00f1or\u00f3 y odi\u00f3 al l\u00edder pol\u00edtico que gobern\u00f3 con [&hellip;]<\/p>\n","protected":false},"author":28,"featured_media":558316,"comment_status":"closed","ping_status":"closed","sticky":true,"template":"","format":"standard","meta":{"footnotes":""},"categories":[36,26,25],"tags":[],"class_list":["post-558314","post","type-post","status-publish","format-standard","has-post-thumbnail","hentry","category-hombresmujeresycosas","category-efemerides","category-gente"],"_links":{"self":[{"href":"https:\/\/diariodominicano.com\/index.php?rest_route=\/wp\/v2\/posts\/558314","targetHints":{"allow":["GET"]}}],"collection":[{"href":"https:\/\/diariodominicano.com\/index.php?rest_route=\/wp\/v2\/posts"}],"about":[{"href":"https:\/\/diariodominicano.com\/index.php?rest_route=\/wp\/v2\/types\/post"}],"author":[{"embeddable":true,"href":"https:\/\/diariodominicano.com\/index.php?rest_route=\/wp\/v2\/users\/28"}],"replies":[{"embeddable":true,"href":"https:\/\/diariodominicano.com\/index.php?rest_route=%2Fwp%2Fv2%2Fcomments&post=558314"}],"version-history":[{"count":1,"href":"https:\/\/diariodominicano.com\/index.php?rest_route=\/wp\/v2\/posts\/558314\/revisions"}],"predecessor-version":[{"id":558321,"href":"https:\/\/diariodominicano.com\/index.php?rest_route=\/wp\/v2\/posts\/558314\/revisions\/558321"}],"wp:featuredmedia":[{"embeddable":true,"href":"https:\/\/diariodominicano.com\/index.php?rest_route=\/wp\/v2\/media\/558316"}],"wp:attachment":[{"href":"https:\/\/diariodominicano.com\/index.php?rest_route=%2Fwp%2Fv2%2Fmedia&parent=558314"}],"wp:term":[{"taxonomy":"category","embeddable":true,"href":"https:\/\/diariodominicano.com\/index.php?rest_route=%2Fwp%2Fv2%2Fcategories&post=558314"},{"taxonomy":"post_tag","embeddable":true,"href":"https:\/\/diariodominicano.com\/index.php?rest_route=%2Fwp%2Fv2%2Ftags&post=558314"}],"curies":[{"name":"wp","href":"https:\/\/api.w.org\/{rel}","templated":true}]}}