{"id":558301,"date":"2024-09-11T23:43:35","date_gmt":"2024-09-12T03:43:35","guid":{"rendered":"https:\/\/diariodominicano.com\/?p=558301"},"modified":"2024-09-11T23:44:58","modified_gmt":"2024-09-12T03:44:58","slug":"muere-alberto-fujimori-el-expresidente-que-goberno-peru-con-mano-dura-durante-una-decada","status":"publish","type":"post","link":"https:\/\/diariodominicano.com\/?p=558301","title":{"rendered":"Muere Alberto Fujimori, el expresidente que gobern\u00f3 Per\u00fa con mano dura durante una d\u00e9cada"},"content":{"rendered":"\n<p>ARCHIVO &#8211; El expresidente peruano Alberto Fujimori asiste a su juicio en una base policial en las afueras de Lima, Per\u00fa, el 28 de junio de 2016.<\/p>\n\n\n\n<p>septiembre 11, 2024<\/p>\n\n\n\n<ul class=\"wp-block-list\">\n<li><a href=\"https:\/\/www.vozdeamerica.com\/author\/voz-de-america-redaccion\/p_kym\">Voz de Am\u00e9rica &#8211; Redacci\u00f3n<\/a><\/li>\n<\/ul>\n\n\n\n<p><a href=\"https:\/\/www.vozdeamerica.com\/a\/muere-alberto-fujimori-el-expresidente-que-goberno-perucon-mano-dura-durante-una-decada\/7780681.html#comments\">&nbsp;Vea comentarios<\/a><\/p>\n\n\n\n<p>El expresidente peruano Alberto Fujimori falleci\u00f3 este mi\u00e9rcoles a los 86 a\u00f1os. Fue uno de los pol\u00edticos m\u00e1s controversiales del pa\u00eds, al que gobern\u00f3 con mano dura durante una d\u00e9cada. Su gobierno culmin\u00f3 con graves acusaciones contra los derechos humanos y corrupci\u00f3n.<\/p>\n\n\n\n<p>Alberto Fujimori, quien gobern\u00f3 Per\u00fa con mano dura de 1990 a 2000 y se convirti\u00f3 en una de las figuras pol\u00edticas m\u00e1s divisorias del pa\u00eds, falleci\u00f3 este mi\u00e9rcoles a los 86 a\u00f1os.<\/p>\n\n\n\n<p>Fue su hija mayor y excandidata presidencial, Keiko Fujimori, la que hizo el anuncio a las 18:26 hora local&nbsp;<a href=\"https:\/\/x.com\/keikofujimori\/status\/1834010659102883934?s=46&amp;t=n--Ua5tAtS0qQ6RrAM4d-g\" target=\"_blank\" rel=\"noreferrer noopener\"><em><strong>a trav\u00e9s de su cuenta de X<\/strong><\/em>.<\/a>&nbsp;\u00abDespu\u00e9s de una larga batalla contra el c\u00e1ncer, nuestro padre, Alberto Fujimori acaba de partir al encuentro del Se\u00f1or. Pedimos a quienes lo apreciaron nos acompa\u00f1en con una oraci\u00f3n por el eterno descanso de su alma\u201d. El mensaje culmin\u00f3 con los nombres de los cuatro hijos y un \u201cgracias por tanto pap\u00e1\u201d.<\/p>\n\n\n\n<p>El exmandatario muri\u00f3 en Lima, en la vivienda de Keiko Fujimori. Horas antes su m\u00e9dico personal, Alejandro Aguinaga, asegur\u00f3 a los periodistas que estaba luchando por su vida.<\/p>\n\n\n\n<p>La \u00faltima vez que fue visto en p\u00fablico fue a inicios de septiembre, cuando sal\u00eda de una cl\u00ednica lime\u00f1a junto a su hijo menor Kenji, tras someterse a ex\u00e1menes de rutina.<\/p>\n\n\n\n<p><a href=\"https:\/\/www.vozdeamerica.com\/a\/quien-fue-alberto-fujimori-y-por-que-su-figura-politica-genero-tanto-revuelo-hasta-el-ultimo-dia-\/7780689.html\"><\/a><\/p>\n\n\n\n<p><a href=\"https:\/\/www.vozdeamerica.com\/a\/quien-fue-alberto-fujimori-y-por-que-su-figura-politica-genero-tanto-revuelo-hasta-el-ultimo-dia-\/7780689.html\">TAMBI\u00c9N LEA<\/a><\/p>\n\n\n\n<h4 class=\"wp-block-heading\"><a href=\"https:\/\/www.vozdeamerica.com\/a\/quien-fue-alberto-fujimori-y-por-que-su-figura-politica-genero-tanto-revuelo-hasta-el-ultimo-dia-\/7780689.html\">\u00bfQui\u00e9n fue Alberto Fujimori y por qu\u00e9 su figura pol\u00edtica gener\u00f3 tanto revuelo hasta el \u00faltimo d\u00eda?<\/a><\/h4>\n\n\n\n<p>El primer hijo de japoneses en llegar a ser jefe de Estado de otro pa\u00eds en el mundo por voluntad popular fue elegido tres veces como presidente de Per\u00fa desde 1990 a 2000. Nacido en Lima en 1938, pas\u00f3 sus \u00faltimos meses de vida en libertad al beneficiarse de un indulto humanitario que permiti\u00f3 su excarcelaci\u00f3n en diciembre de 2023 tras pasar 15 a\u00f1os en prisi\u00f3n con cargos por asesinato.<\/p>\n\n\n\n<p>Durante sus mandatos \u2014el \u00faltimo de ellos de menos de un a\u00f1o\u2014 aplic\u00f3 duras medida de ajuste econ\u00f3mico, pero mantuvo altos niveles de popularidad. Sin embargo, en el a\u00f1o 2000, tras fuertes cuestionamientos internacionales por abusos a los derechos humanos, huy\u00f3 a Jap\u00f3n y renunci\u00f3 por fax.<\/p>\n\n\n\n<p>Despu\u00e9s, el exmandatario fue condenado a 25 a\u00f1os de prisi\u00f3n, en 2009, con cargos por asesinato que lo se\u00f1alaban como responsable de la creaci\u00f3n y financiaci\u00f3n en su gobierno de un escuadr\u00f3n militar clandestino que mat\u00f3 al menos a 25 personas \u2014entre universitarios y vecinos de un barrio de la capital, incluido un ni\u00f1o\u2014 a quienes consideraron exguerrilleros de Sendero Luminoso.<\/p>\n\n\n\n<p>Su ascenso r\u00e1pido al poder ocurri\u00f3 en medio de la ruina econ\u00f3mica en la que se encontraba Per\u00fa en julio de 1990, al t\u00e9rmino de los cinco a\u00f1os de gobierno de su antecesor Alan Garc\u00eda. En agosto de ese a\u00f1o la inflaci\u00f3n mensual lleg\u00f3 a 397% y el pa\u00eds soportaba una d\u00e9cada de sangriento conflicto armado interno entre las fuerzas de seguridad y los grupos terroristas Sendero Luminoso y el Movimiento Revolucionario T\u00fapac Amaru.<\/p>\n\n\n\n<figure class=\"wp-block-image\"><a href=\"https:\/\/www.vozdeamerica.com\/a\/en-fotos-expresidente-alberto-fujimori-entre-el-amor-y-el-odio-de-los-peruanos\/7780678.html\"><img decoding=\"async\" src=\"https:\/\/gdb.voanews.com\/fdbb7a07-081d-4d82-a252-0b79e36501c3_cx0_cy3_cw0_w650_r1_s.jpg\" alt=\"En Fotos | Expresidente Alberto Fujimori, entre el amor y el odio de los peruanos \"\/><\/a><figcaption class=\"wp-element-caption\">Galer\u00eda de fotosEn Fotos | Expresidente Alberto Fujimori, entre el amor y el odio de los peruanos<\/figcaption><\/figure>\n\n\n\n<p>En mayo, Fujimori, dijo en redes sociales que los m\u00e9dicos le&nbsp;<strong><em><a href=\"https:\/\/www.vozdeamerica.com\/a\/expresidente-peruano-alberto-fujimori-dice-que-fue-diagnosticado-con-un-nuevo-tumor-maligno\/7607260.html\" target=\"_blank\" rel=\"noreferrer noopener\">detectaron un tumor maligno<\/a><\/em><\/strong>&nbsp;en la lengua, donde ya ten\u00eda una lesi\u00f3n cancer\u00edgena desde hac\u00eda varios a\u00f1os.<\/p>\n\n\n\n<p>En junio, sufri\u00f3 una<strong><em>&nbsp;<a href=\"https:\/\/www.vozdeamerica.com\/a\/expresidente-fujimori-de-peru-es-operado-de-la-cadera-tras-sufrir-una-fractura\/7683427.html\" target=\"_blank\" rel=\"noreferrer noopener\">fractura en la cadera<\/a>&nbsp;<\/em><\/strong>producto de una ca\u00edda y fue sometido a una operaci\u00f3n. Semanas despu\u00e9s Keiko Fujimori anunci\u00f3 que su padre&nbsp;<strong><em><a href=\"https:\/\/www.vozdeamerica.com\/a\/hija-de-alberto-fujimori-anuncia-que-su-padre-se-postulara-la-presidencia-de-peru\/7698343.html\" target=\"_blank\" rel=\"noreferrer noopener\">ser\u00eda candidato a la presidencia del pa\u00eds en 2026<\/a><\/em><\/strong>.<\/p>\n\n\n\n<p>Cuando fue interrogado por si manten\u00eda su intenci\u00f3n de postular a la presidencia, como adelant\u00f3 su hija, dijo sonriendo: \u201cVamos a ver, vamos a ver\u201d.<\/p>\n\n\n\n<h3 class=\"wp-block-heading\">\u00abEl Chino\u00bb<\/h3>\n\n\n\n<p>Le dec\u00edan \u201cel Chino\u201d por sus ojos rasgados y su tez morena, que lo acercaban a la mayoritaria poblaci\u00f3n de Per\u00fa: los mestizos e ind\u00edgenas.<\/p>\n\n\n\n<p>Sus padres, nacidos en la provincia japonesa de Kumamoto, trabajaron como costureros, reparadores de neum\u00e1ticos, repartidores de rosas y due\u00f1os de una granja av\u00edcola para mantener a los tres hijos y dos hijas de la familia.<\/p>\n\n\n\n<p>Durante su campa\u00f1a pregon\u00f3 con su voz aguda un gobierno de \u201clos m\u00e1s capacitados y de conducta intachable\u201d. En una ocasi\u00f3n, los diarios difundieron una fotograf\u00eda suya vestido de karateca con cintur\u00f3n negro y rompiendo un ladrillo con sus manos delgadas. D\u00edas despu\u00e9s \u2014en abril de 1990\u2014 ante el&nbsp;<em>New York Times<\/em>&nbsp;confes\u00f3 que nunca aprendi\u00f3 karate y que el ladrillo ya estaba roto con anticipaci\u00f3n.<\/p>\n\n\n\n<p>Doce d\u00edas despu\u00e9s de llegar al poder, a los 52 a\u00f1os, aplic\u00f3 las dr\u00e1sticas medidas que hab\u00eda prometido no usar durante su campa\u00f1a para combatir la hiperinflaci\u00f3n m\u00e1s alta en la historia de Latinoam\u00e9rica, con 397% mensual, de acuerdo a c\u00e1lculos de Steve H. Hanke, un profesor de econom\u00eda aplicada de la Universidad Johns Hopkins, experto de inflaci\u00f3n en el mundo.<\/p>\n\n\n\n<p>En un mensaje televisivo, su ministro de Econom\u00eda anunci\u00f3 que el precio de la gasolina subir\u00eda 32 veces junto al resto de productos b\u00e1sicos alimenticios. El costo se triplic\u00f3 de un d\u00eda para otro. Las colas en busca de alimentos se dispararon y la polic\u00eda detuvo aquel fin de semana a unos 10.000 peruanos por saquear tiendas.<\/p>\n\n\n\n<p>TAMBI\u00c9N LEA<\/p>\n\n\n\n<p><a href=\"https:\/\/www.vozdeamerica.com\/a\/expresidente-peruano-fujimori-lucha-por-salud-\/7780716.html\"><\/a><\/p>\n\n\n\n<h4 class=\"wp-block-heading\"><a href=\"https:\/\/www.vozdeamerica.com\/a\/expresidente-peruano-fujimori-lucha-por-salud-\/7780716.html\">Expresidente peruano Fujimori lucha por su salud, seg\u00fan cercanos amigos<\/a><\/h4>\n\n\n\n<h3 class=\"wp-block-heading\">Hitos de su gobierno<\/h3>\n\n\n\n<p>El 5 de abril de 1992, Fujimori anunci\u00f3 en un mensaje televisivo el cierre del Parlamento, la reorganizaci\u00f3n del sistema judicial y el inicio de un \u201cgobierno de emergencia\u201d que tendr\u00eda entre sus objetivos redactar una nueva Constituci\u00f3n para reemplazar a la de 1979, que prohib\u00eda la reelecci\u00f3n inmediata.<\/p>\n\n\n\n<p>\u201cDisolver, disolver\u201d, fue la frase repetida con la que Fujimori anunci\u00f3 el llamado \u201cautogolpe\u201d y qued\u00f3 por muchos a\u00f1os en el recuerdo de los peruanos.<\/p>\n\n\n\n<p>Su popularidad aument\u00f3 luego de que un grupo de investigadores policiales, que recib\u00eda m\u00e1s apoyo de la embajada de Estados Unidos, capturara una noche de s\u00e1bado de septiembre al l\u00edder de Sendero Luminoso, Abimael Guzm\u00e1n, y a miembros claves de su c\u00fapula que desde 1980 hasta 2000 provocaron m\u00e1s de 12.000 asesinatos.<\/p>\n\n\n\n<p>A\u00f1os m\u00e1s tarde, Fujimori sac\u00f3 partido del rescate de la residencia del embajador japon\u00e9s en Lima tomada por rebeldes del Movimiento T\u00fapac Amaru. Ese d\u00eda, soldados del ej\u00e9rcito rescataron vivos a 72 de 73 rehenes y ejecutaron extrajudicialmente a los rebeldes. Una imagen de Fujimori en chaleco antibalas y botas militares, paseando victorioso por la residencia liberada, recorri\u00f3 el mundo.<\/p>\n\n\n\n<h3 class=\"wp-block-heading\">Cuestionado autoritarismo<\/h3>\n\n\n\n<p>De acuerdo con diversos estudiosos, Fujimori inaugur\u00f3 un nuevo tipo de autoritarismo en la regi\u00f3n: gobern\u00f3 con un r\u00e9gimen autoritario de fachada democr\u00e1tica y gran respaldo popular.<\/p>\n\n\n\n<p>Desde las sombras, su jefe de esp\u00edas Vladimiro Montesinos \u2014exabogado de narcos y oficial expulsado del ej\u00e9rcito\u2014 dirigi\u00f3 un sistema de inteligencia que, usando dinero p\u00fablico, favoreci\u00f3 a Fujimori y le allan\u00f3 cualquier tipo de oposici\u00f3n sobornando a legisladores, jueces, fiscales y due\u00f1os de medios de comunicaci\u00f3n.<\/p>\n\n\n\n<p>Su ambici\u00f3n por el poder le hizo reelegirse en 1995, cuando gan\u00f3 por abrumadora mayor\u00eda. Volvi\u00f3 a hacerlo en el 2000, pese a acusaciones de fraude, pero su tercer gobierno dur\u00f3 poco. A finales de ese a\u00f1o se difundi\u00f3 un video que mostraba c\u00f3mo su asesor Montesinos sobornaba a un legislador opositor. Eso desat\u00f3 una ola de protestas que provoc\u00f3 su ca\u00edda.<\/p>\n\n\n\n<figure class=\"wp-block-image\"><img decoding=\"async\" src=\"https:\/\/gdb.voanews.com\/7d08fff8-f64f-40f8-a1d4-dc207f9c47de_w650_r1_s.jpg\" alt=\"ARCHIVO - El expresidente peruano Alberto Fujimori acompa\u00f1ado de su hijo Kenji Fujimori (derecha) sale del hospital Centenario en Lima, Per\u00fa, el 4 de enero de 2018.\"\/><figcaption class=\"wp-element-caption\">ARCHIVO &#8211; El expresidente peruano Alberto Fujimori acompa\u00f1ado de su hijo Kenji Fujimori (derecha) sale del hospital Centenario en Lima, Per\u00fa, el 4 de enero de 2018.<\/figcaption><\/figure>\n\n\n\n<p>Fujimori sali\u00f3 del pa\u00eds y se refugi\u00f3 en Jap\u00f3n, desde donde renunci\u00f3 a la presidencia v\u00eda fax.<\/p>\n\n\n\n<p>Casi una d\u00e9cada despu\u00e9s de haber finalizado su gobierno, Human Rights Watch calific\u00f3 su gesti\u00f3n como \u201cun r\u00e9gimen mafioso\u201d que se sustuvo en el poder mediante la corrupci\u00f3n y la manipulaci\u00f3n de las instituciones democr\u00e1ticas.<\/p>\n\n\n\n<h3 class=\"wp-block-heading\">Acusaciones<\/h3>\n\n\n\n<p>La prensa independiente descubri\u00f3 que en su gobierno un escuadr\u00f3n militar clandestino financiado con dinero p\u00fablico asesin\u00f3 a 15 vecinos durante una fiesta \u2014entre ellos un ni\u00f1o de 8 a\u00f1os\u2014, a nueve universitarios y a un catedr\u00e1tico a quienes consideraban miembros de Sendero Luminoso.<\/p>\n\n\n\n<p>En 1994 se divorci\u00f3 de su esposa Susana Higuchi despu\u00e9s que \u00e9sta denunciara a sus cu\u00f1ados por enriquecerse con ropa donada de Jap\u00f3n. Fujimori le quit\u00f3 el t\u00edtulo de primera dama y se lo dio a su hija Keiko, de 19 a\u00f1os. Tras la separaci\u00f3n, sus hijos se quedaron con \u00e9l y Keiko se dedic\u00f3 a la pol\u00edtica, postul\u00e1ndose a la presidencia en 2011 y 2016. Ahora, ella dirige un partido de centro-derecha que reivindica los logros de su padre y es mayor\u00eda en el Parlamento unicameral.<\/p>\n\n\n\n<p>En 2005 Fujimori viaj\u00f3 a Chile y una corte de ese pa\u00eds autoriz\u00f3 extraditarlo a Per\u00fa dos a\u00f1os despu\u00e9s. A su regreso, el juicio se volvi\u00f3 hist\u00f3rico: dur\u00f3 15 meses y polariz\u00f3 al pa\u00eds. Fujimori era el primer presidente elegido democr\u00e1ticamente que asist\u00eda a juicio por violaci\u00f3n de derechos humanos. Y aunque se defendi\u00f3 diciendo que era una venganza pol\u00edtica, fue se\u00f1alado como autor mediato por 25 asesinatos y se le sentenci\u00f3 a 25 a\u00f1os de prisi\u00f3n.<\/p>\n\n\n\n<p><\/p>\n\n\n\n<p>Asimismo, fue condenado por corrupci\u00f3n por realizar un pago ilegal de 15 millones de d\u00f3lares a Montesinos para sobornos en los \u00faltimos d\u00edas de su gobierno. En enero de 2015, recibi\u00f3 una sentencia adicional por usar recursos del Estado para financiar diarios que apoyaron su segunda reelecci\u00f3n, pero luego se le retir\u00f3 la condena porque el juez que la revis\u00f3 dijo que no hall\u00f3 pruebas contundentes.<\/p>\n\n\n\n<h3 class=\"wp-block-heading\">Indulto<\/h3>\n\n\n\n<p>Fujimori deb\u00eda salir libre en 2032 a los 95 a\u00f1os, pero el expresidente Pedro Pablo Kuczynski (2016-2018) le concedi\u00f3 pocas horas antes de la Navidad de 2017 un indulto humanitario ante su debilitada salud.<\/p>\n\n\n\n<p>Miles protestaron porque Fujimori, que entonces ten\u00eda 79 a\u00f1os, era considerado el preso que recib\u00eda las mayores atenciones: era el \u00fanico reo en una c\u00e1rcel de 800 metros cuadrados, pod\u00eda pintar, recibir visitas, cultivar flores y escuchar \u00f3peras.<\/p>\n\n\n\n<p>Los familiares de las v\u00edctimas pidieron a la Corte Interamericana de Derechos Humanos anular el indulto pero este tribunal dej\u00f3 el caso en manos de la Corte Suprema peruana.<\/p>\n\n\n\n<p>Tuvo que asistir a un nuevo juicio en el que se le acusaba de ser el autor mediato de la masacre de otros seis campesinos torturados, asesinados y quemados durante su gobierno. El fiscal pidi\u00f3 una nueva sentencia de 25 a\u00f1os de prisi\u00f3n por la masacre.<\/p>\n\n\n\n<p>Finalmente, en diciembre de 2023, el Tribunal Constitucional revivi\u00f3 el indulto de 2017 por sufrir de hipertensi\u00f3n, frecuencia cardiaca irregular y riesgo de c\u00e1ncer de lengua y orden\u00f3 su excarcelaci\u00f3n.<\/p>\n\n\n\n<p><em>[Con informaci\u00f3n de AP]<\/em><\/p>\n","protected":false},"excerpt":{"rendered":"<p>ARCHIVO &#8211; El expresidente peruano Alberto Fujimori asiste a su juicio en una base policial en las afueras de Lima, Per\u00fa, el 28 de junio de 2016. septiembre 11, 2024 &nbsp;Vea comentarios El expresidente peruano Alberto Fujimori falleci\u00f3 este mi\u00e9rcoles a los 86 a\u00f1os. Fue uno de los pol\u00edticos m\u00e1s controversiales del pa\u00eds, al que [&hellip;]<\/p>\n","protected":false},"author":28,"featured_media":558310,"comment_status":"closed","ping_status":"closed","sticky":true,"template":"","format":"standard","meta":{"footnotes":""},"categories":[36,26],"tags":[],"class_list":["post-558301","post","type-post","status-publish","format-standard","has-post-thumbnail","hentry","category-hombresmujeresycosas","category-efemerides"],"_links":{"self":[{"href":"https:\/\/diariodominicano.com\/index.php?rest_route=\/wp\/v2\/posts\/558301","targetHints":{"allow":["GET"]}}],"collection":[{"href":"https:\/\/diariodominicano.com\/index.php?rest_route=\/wp\/v2\/posts"}],"about":[{"href":"https:\/\/diariodominicano.com\/index.php?rest_route=\/wp\/v2\/types\/post"}],"author":[{"embeddable":true,"href":"https:\/\/diariodominicano.com\/index.php?rest_route=\/wp\/v2\/users\/28"}],"replies":[{"embeddable":true,"href":"https:\/\/diariodominicano.com\/index.php?rest_route=%2Fwp%2Fv2%2Fcomments&post=558301"}],"version-history":[{"count":2,"href":"https:\/\/diariodominicano.com\/index.php?rest_route=\/wp\/v2\/posts\/558301\/revisions"}],"predecessor-version":[{"id":558313,"href":"https:\/\/diariodominicano.com\/index.php?rest_route=\/wp\/v2\/posts\/558301\/revisions\/558313"}],"wp:featuredmedia":[{"embeddable":true,"href":"https:\/\/diariodominicano.com\/index.php?rest_route=\/wp\/v2\/media\/558310"}],"wp:attachment":[{"href":"https:\/\/diariodominicano.com\/index.php?rest_route=%2Fwp%2Fv2%2Fmedia&parent=558301"}],"wp:term":[{"taxonomy":"category","embeddable":true,"href":"https:\/\/diariodominicano.com\/index.php?rest_route=%2Fwp%2Fv2%2Fcategories&post=558301"},{"taxonomy":"post_tag","embeddable":true,"href":"https:\/\/diariodominicano.com\/index.php?rest_route=%2Fwp%2Fv2%2Ftags&post=558301"}],"curies":[{"name":"wp","href":"https:\/\/api.w.org\/{rel}","templated":true}]}}