{"id":558248,"date":"2024-09-11T17:47:03","date_gmt":"2024-09-11T21:47:03","guid":{"rendered":"https:\/\/diariodominicano.com\/?p=558248"},"modified":"2024-09-11T17:47:05","modified_gmt":"2024-09-11T21:47:05","slug":"ministerio-publico-obtiene-condena-de-10-anos-de-prision-contra-hombre-que-amenazo-de-muerte-a-su-madre-en-spm","status":"publish","type":"post","link":"https:\/\/diariodominicano.com\/?p=558248","title":{"rendered":"Ministerio P\u00fablico obtiene condena de 10 a\u00f1os de prisi\u00f3n contra hombre que amenaz\u00f3 de muerte a su madre en SPM"},"content":{"rendered":"\n<p><strong>San Pedro de Macor\u00eds (R.D.), mi\u00e9rcoles, 11 de septiembre de 2024.<\/strong>&nbsp;En atenci\u00f3n al pedimento del Ministerio P\u00fablico, un tribunal de esta provincia conden\u00f3 a 10 a\u00f1os de prisi\u00f3n a un hombre hallado culpable de amenazar de muerte a su madre y a otros familiares, en un hecho ocurrido en el Batey Soco, provincia San Pedro de Macor\u00eds, en el a\u00f1o 2022.<\/p>\n\n\n\n<p>El \u00f3rgano acusador logr\u00f3 que el Tribunal Colegiado de esta demarcaci\u00f3n impusiera la condena contra Fleimi Mart\u00ednez Mej\u00eda tras demostrar su responsabilidad penal en el hecho de violencia cometido contra su progenitora y otros familiares, de quienes se hace reserva de sus nombres.<\/p>\n\n\n\n<p>Seg\u00fan la acusaci\u00f3n, Mart\u00ednez Mej\u00eda cometi\u00f3 el hecho en horas de la noche del 12 de febrero de 2022, luego de que se presentara a la vivienda de su madre, a quien amenaz\u00f3 de muerte al igual que a otros familiares, advirti\u00e9ndoles que para ello utilizar\u00eda armas blancas y de fuego.<\/p>\n\n\n\n<p>El expediente se\u00f1ala que, posteriormente, volvi\u00f3 a cometer un hecho similar el 19 de febrero de ese mismo a\u00f1o, alrededor de la 1:00 de la madrugada, en el que volvi\u00f3 a amenazar a familiares que se encontraban en la casa de su madre. Indica que el ahora condenado amenaz\u00f3 esta vez a las v\u00edctimas mientras consum\u00eda sustancias il\u00edcitas.<\/p>\n\n\n\n<p>A ra\u00edz de esos hechos, los familiares del procesado presentaron la denuncia del caso ante la Unidad de Atenci\u00f3n Integral a V\u00edctimas de Violencia de G\u00e9nero, Intrafamiliar y Delitos Sexuales de San Pedro de Macor\u00eds, donde informaron que este incurr\u00eda de manera recurrente en profundos maltratos f\u00edsicos, verbales y de amenazas de muerte, lo cual se pudo constatar mediante los informes de las evaluaciones realizadas a las v\u00edctimas por psic\u00f3logos del Instituto Nacional de Ciencias Forenses (Inacif).<\/p>\n\n\n\n<p>La fiscal investigadora Daviarys E. Garc\u00eda Navarro obtuvo durante las pesquisas suficientes pruebas que permitieron demostrar los hechos durante el juicio, en el que el Ministerio P\u00fablico, representado por la fiscal litigante Estela Santana Castro, prob\u00f3 que el acusado viol\u00f3 las disposiciones contenidas en los art\u00edculos 309-2 y 309-3, literal E, del C\u00f3digo Penal Dominicano.<\/p>\n\n\n\n<p>Los jueces Juan de la Cruz Rijo G\u00fc\u00edlamo, Bethania del Carmen Conce Polanco y Katerine Santana Mej\u00eda dictaron la sentencia condenatoria luego de acoger los elementos probatorios con los que el Ministerio P\u00fablico demostr\u00f3 la acusaci\u00f3n.<\/p>\n\n\n\n<p>Comunicaciones PGR <a href=\"mailto:comunicaciones@pgr.gob.do\" target=\"_blank\" rel=\"noreferrer noopener\">comunicaciones@pgr.gob.do<\/a> <\/p>\n","protected":false},"excerpt":{"rendered":"<p>San Pedro de Macor\u00eds (R.D.), mi\u00e9rcoles, 11 de septiembre de 2024.&nbsp;En atenci\u00f3n al pedimento del Ministerio P\u00fablico, un tribunal de esta provincia conden\u00f3 a 10 a\u00f1os de prisi\u00f3n a un hombre hallado culpable de amenazar de muerte a su madre y a otros familiares, en un hecho ocurrido en el Batey Soco, provincia San Pedro [&hellip;]<\/p>\n","protected":false},"author":7,"featured_media":495896,"comment_status":"closed","ping_status":"closed","sticky":false,"template":"","format":"standard","meta":{"footnotes":""},"categories":[24],"tags":[],"class_list":["post-558248","post","type-post","status-publish","format-standard","has-post-thumbnail","hentry","category-justicia-y-derecho"],"_links":{"self":[{"href":"https:\/\/diariodominicano.com\/index.php?rest_route=\/wp\/v2\/posts\/558248","targetHints":{"allow":["GET"]}}],"collection":[{"href":"https:\/\/diariodominicano.com\/index.php?rest_route=\/wp\/v2\/posts"}],"about":[{"href":"https:\/\/diariodominicano.com\/index.php?rest_route=\/wp\/v2\/types\/post"}],"author":[{"embeddable":true,"href":"https:\/\/diariodominicano.com\/index.php?rest_route=\/wp\/v2\/users\/7"}],"replies":[{"embeddable":true,"href":"https:\/\/diariodominicano.com\/index.php?rest_route=%2Fwp%2Fv2%2Fcomments&post=558248"}],"version-history":[{"count":1,"href":"https:\/\/diariodominicano.com\/index.php?rest_route=\/wp\/v2\/posts\/558248\/revisions"}],"predecessor-version":[{"id":558254,"href":"https:\/\/diariodominicano.com\/index.php?rest_route=\/wp\/v2\/posts\/558248\/revisions\/558254"}],"wp:featuredmedia":[{"embeddable":true,"href":"https:\/\/diariodominicano.com\/index.php?rest_route=\/wp\/v2\/media\/495896"}],"wp:attachment":[{"href":"https:\/\/diariodominicano.com\/index.php?rest_route=%2Fwp%2Fv2%2Fmedia&parent=558248"}],"wp:term":[{"taxonomy":"category","embeddable":true,"href":"https:\/\/diariodominicano.com\/index.php?rest_route=%2Fwp%2Fv2%2Fcategories&post=558248"},{"taxonomy":"post_tag","embeddable":true,"href":"https:\/\/diariodominicano.com\/index.php?rest_route=%2Fwp%2Fv2%2Ftags&post=558248"}],"curies":[{"name":"wp","href":"https:\/\/api.w.org\/{rel}","templated":true}]}}