{"id":558140,"date":"2024-09-11T14:33:19","date_gmt":"2024-09-11T18:33:19","guid":{"rendered":"https:\/\/diariodominicano.com\/?p=558140"},"modified":"2024-09-11T14:45:45","modified_gmt":"2024-09-11T18:45:45","slug":"el-catador-deslumbra-a-los-amantes-del-vino-en-el-wine-tour-en-santiago","status":"publish","type":"post","link":"https:\/\/diariodominicano.com\/?p=558140","title":{"rendered":"El Catador deslumbra a los amantes del vino en el Wine Tour en Santiago"},"content":{"rendered":"\n<p><em>Una vez m\u00e1s los catadores de la Ciudad Coraz\u00f3n disfrutaron de una maravillosa velada con una aut\u00e9ntica selecci\u00f3n de vinos provenientes de los principales or\u00edgenes y vi\u00f1edos alrededor del mundo.<\/em><\/p>\n\n\n\n<p>El esperado Wine Tour 2024 de El Catador&nbsp;en la ciudad de Santiago,&nbsp;deslumbr\u00f3 a los amantes del vino de la zona norte del pa\u00eds con una noche&nbsp;ic\u00f3nica,&nbsp;celebrada en el Centro de Convenciones y Cultura Dominicana de la Universidad Tecnol\u00f3gica de Santiago (UTESA). Con&nbsp;la&nbsp;asistencia de&nbsp;m\u00e1s de 700&nbsp;entusiastas del buen vino, el evento ofreci\u00f3 una experiencia enol\u00f3gica de primera categor\u00eda, dise\u00f1ada para satisfacer los paladares m\u00e1s exigentes y&nbsp;generar con cada copa un recuerdo \u00fanico para los asistentes.<\/p>\n\n\n\n<figure class=\"wp-block-gallery has-nested-images columns-default is-cropped wp-block-gallery-1 is-layout-flex wp-block-gallery-is-layout-flex\">\n<figure class=\"wp-block-image size-large\"><img loading=\"lazy\" decoding=\"async\" width=\"1024\" height=\"682\" data-id=\"558171\" src=\"https:\/\/diariodominicano.com\/wp-content\/uploads\/2024\/09\/Catherine-Llibre-Karina-Abbott-Catherine-Kelner-y-Leticia-Espinal-1024x682.jpg\" alt=\"\" class=\"wp-image-558171\" srcset=\"https:\/\/diariodominicano.com\/wp-content\/uploads\/2024\/09\/Catherine-Llibre-Karina-Abbott-Catherine-Kelner-y-Leticia-Espinal-1024x682.jpg 1024w, https:\/\/diariodominicano.com\/wp-content\/uploads\/2024\/09\/Catherine-Llibre-Karina-Abbott-Catherine-Kelner-y-Leticia-Espinal-300x200.jpg 300w, https:\/\/diariodominicano.com\/wp-content\/uploads\/2024\/09\/Catherine-Llibre-Karina-Abbott-Catherine-Kelner-y-Leticia-Espinal-768x512.jpg 768w, https:\/\/diariodominicano.com\/wp-content\/uploads\/2024\/09\/Catherine-Llibre-Karina-Abbott-Catherine-Kelner-y-Leticia-Espinal-1536x1023.jpg 1536w, https:\/\/diariodominicano.com\/wp-content\/uploads\/2024\/09\/Catherine-Llibre-Karina-Abbott-Catherine-Kelner-y-Leticia-Espinal-816x544.jpg 816w, https:\/\/diariodominicano.com\/wp-content\/uploads\/2024\/09\/Catherine-Llibre-Karina-Abbott-Catherine-Kelner-y-Leticia-Espinal.jpg 1906w\" sizes=\"auto, (max-width: 1024px) 100vw, 1024px\" \/><figcaption class=\"wp-element-caption\">Catherine Llibre, Karina Abbott, Catherine Kelner y Leticia Espinal <\/figcaption><\/figure>\n<\/figure>\n\n\n\n<p>Este a\u00f1o, el Wine Tour ofreci\u00f3 en exclusiva una innovadora propuesta de vinos. Entre las novedades del portafolio de Rioja, destacaron los vinos\u00a0de Izadi,\u00a0Aiurri del grupo Alma Carraovejas,\u00a0y\u00a0Orben, que deleitaron a los asistentes por\u00a0el\u00a0car\u00e1cter distintivo\u00a0de los vinos riojanos. Adem\u00e1s, se incluyeron etiquetas de vinos blancos como Pazo Pondal Albari\u00f1o, Menade Sauvignon Blanc y el elegante La Scolca de Gavi Etiqueta Negra, un blanco italiano de renombre.<\/p>\n\n\n\n<figure class=\"wp-block-gallery has-nested-images columns-default is-cropped wp-block-gallery-2 is-layout-flex wp-block-gallery-is-layout-flex\">\n<figure class=\"wp-block-image size-large\"><img loading=\"lazy\" decoding=\"async\" width=\"1024\" height=\"683\" data-id=\"558170\" src=\"https:\/\/diariodominicano.com\/wp-content\/uploads\/2024\/09\/Giuseppe-Bonarelli-Marco-Dominguez-Nicole-Bermudez-Piero-Bonarelli-y-Manuel-Bermudez-1024x683.jpg\" alt=\"\" class=\"wp-image-558170\" srcset=\"https:\/\/diariodominicano.com\/wp-content\/uploads\/2024\/09\/Giuseppe-Bonarelli-Marco-Dominguez-Nicole-Bermudez-Piero-Bonarelli-y-Manuel-Bermudez-1024x683.jpg 1024w, https:\/\/diariodominicano.com\/wp-content\/uploads\/2024\/09\/Giuseppe-Bonarelli-Marco-Dominguez-Nicole-Bermudez-Piero-Bonarelli-y-Manuel-Bermudez-300x200.jpg 300w, https:\/\/diariodominicano.com\/wp-content\/uploads\/2024\/09\/Giuseppe-Bonarelli-Marco-Dominguez-Nicole-Bermudez-Piero-Bonarelli-y-Manuel-Bermudez-768x512.jpg 768w, https:\/\/diariodominicano.com\/wp-content\/uploads\/2024\/09\/Giuseppe-Bonarelli-Marco-Dominguez-Nicole-Bermudez-Piero-Bonarelli-y-Manuel-Bermudez-1536x1024.jpg 1536w, https:\/\/diariodominicano.com\/wp-content\/uploads\/2024\/09\/Giuseppe-Bonarelli-Marco-Dominguez-Nicole-Bermudez-Piero-Bonarelli-y-Manuel-Bermudez-816x544.jpg 816w, https:\/\/diariodominicano.com\/wp-content\/uploads\/2024\/09\/Giuseppe-Bonarelli-Marco-Dominguez-Nicole-Bermudez-Piero-Bonarelli-y-Manuel-Bermudez.jpg 1803w\" sizes=\"auto, (max-width: 1024px) 100vw, 1024px\" \/><figcaption class=\"wp-element-caption\">Giuseppe Bonarelli, Marco Domi\u0301nguez, Nicole Bermu\u0301dez, Piero Bonarelli y Manuel Bermu\u0301dez <\/figcaption><\/figure>\n<\/figure>\n\n\n\n<p>Junto a estas novedades, el p\u00fablico tuvo la oportunidad de\u00a0explorar una amplia selecci\u00f3n de vinos espumosos, rosados, blancos y tintos, representando regiones vin\u00edcolas ic\u00f3nicas de California, Italia, Espa\u00f1a y Francia. Entre los vinos\u00a0m\u00e1s destacados de la propuesta estuvo\u00a0el Double Diamond Oakville Cabernet Sauvignon, galardonado como el vino n\u00famero uno de Wine Spectator en 2022,\u00a0y los cl\u00e1sicos favoritos como\u00a0el Antinori Tignanello, Billecart Salmon Blanc de Blancs Grand Cru,\u00a0y el prestigioso Pago de Carraovejas El A\u00f1ej\u00f3n.<\/p>\n\n\n\n<figure class=\"wp-block-gallery has-nested-images columns-default is-cropped wp-block-gallery-3 is-layout-flex wp-block-gallery-is-layout-flex\">\n<figure class=\"wp-block-image size-large\"><img loading=\"lazy\" decoding=\"async\" width=\"1024\" height=\"682\" data-id=\"558169\" src=\"https:\/\/diariodominicano.com\/wp-content\/uploads\/2024\/09\/Alvin-Espinal-y-Jennifer-Torres-1024x682.jpg\" alt=\"\" class=\"wp-image-558169\" srcset=\"https:\/\/diariodominicano.com\/wp-content\/uploads\/2024\/09\/Alvin-Espinal-y-Jennifer-Torres-1024x682.jpg 1024w, https:\/\/diariodominicano.com\/wp-content\/uploads\/2024\/09\/Alvin-Espinal-y-Jennifer-Torres-300x200.jpg 300w, https:\/\/diariodominicano.com\/wp-content\/uploads\/2024\/09\/Alvin-Espinal-y-Jennifer-Torres-768x512.jpg 768w, https:\/\/diariodominicano.com\/wp-content\/uploads\/2024\/09\/Alvin-Espinal-y-Jennifer-Torres-1536x1023.jpg 1536w, https:\/\/diariodominicano.com\/wp-content\/uploads\/2024\/09\/Alvin-Espinal-y-Jennifer-Torres-816x544.jpg 816w, https:\/\/diariodominicano.com\/wp-content\/uploads\/2024\/09\/Alvin-Espinal-y-Jennifer-Torres.jpg 1864w\" sizes=\"auto, (max-width: 1024px) 100vw, 1024px\" \/><figcaption class=\"wp-element-caption\">Alvin Espinal y Jennifer Torres <\/figcaption><\/figure>\n<\/figure>\n\n\n\n<p>Giuseppe Bonarelli, presidente de El Catador, expres\u00f3 su agradecimiento por la excelente recepci\u00f3n del evento: \u201cNos entusiasma poder regresar una vez m\u00e1s a la Ciudad Coraz\u00f3n, y compartir con nuestros catadores de la zona norte nuestra pasi\u00f3n por el vino y\u00a0los lazos que nos unen a trav\u00e9s de \u00e9ste. Este a\u00f1o hemos puesto un cari\u00f1o especial en entregar una propuesta diferente, con una variedad de vinos novedosos en el mercado que permiten en cada copa descubrir nuevas sensaciones. Estamos muy agradecidos con todos los asistentes que nos acompa\u00f1aron en esta velada y que junto a nosotros inspiran a sus seres queridos a ser catadores tambi\u00e9n\u201d. <\/p>\n\n\n\n<figure class=\"wp-block-gallery has-nested-images columns-default is-cropped wp-block-gallery-4 is-layout-flex wp-block-gallery-is-layout-flex\">\n<figure class=\"wp-block-image size-large\"><img loading=\"lazy\" decoding=\"async\" width=\"683\" height=\"1024\" data-id=\"558168\" src=\"https:\/\/diariodominicano.com\/wp-content\/uploads\/2024\/09\/Catalina-Bermudez-y-Alberto-Yunen-683x1024.jpg\" alt=\"\" class=\"wp-image-558168\" srcset=\"https:\/\/diariodominicano.com\/wp-content\/uploads\/2024\/09\/Catalina-Bermudez-y-Alberto-Yunen-683x1024.jpg 683w, https:\/\/diariodominicano.com\/wp-content\/uploads\/2024\/09\/Catalina-Bermudez-y-Alberto-Yunen-200x300.jpg 200w, https:\/\/diariodominicano.com\/wp-content\/uploads\/2024\/09\/Catalina-Bermudez-y-Alberto-Yunen-768x1152.jpg 768w, https:\/\/diariodominicano.com\/wp-content\/uploads\/2024\/09\/Catalina-Bermudez-y-Alberto-Yunen-1024x1536.jpg 1024w, https:\/\/diariodominicano.com\/wp-content\/uploads\/2024\/09\/Catalina-Bermudez-y-Alberto-Yunen-816x1224.jpg 816w, https:\/\/diariodominicano.com\/wp-content\/uploads\/2024\/09\/Catalina-Bermudez-y-Alberto-Yunen.jpg 1076w\" sizes=\"auto, (max-width: 683px) 100vw, 683px\" \/><figcaption class=\"wp-element-caption\">Catalina Bermu\u0301dez y Alberto Yune\u0301n <\/figcaption><\/figure>\n\n\n\n<figure class=\"wp-block-image size-large\"><img loading=\"lazy\" decoding=\"async\" width=\"683\" height=\"1024\" data-id=\"558167\" src=\"https:\/\/diariodominicano.com\/wp-content\/uploads\/2024\/09\/Digny-Duran-y-Carlos-Iglesias-683x1024.jpg\" alt=\"\" class=\"wp-image-558167\" srcset=\"https:\/\/diariodominicano.com\/wp-content\/uploads\/2024\/09\/Digny-Duran-y-Carlos-Iglesias-683x1024.jpg 683w, https:\/\/diariodominicano.com\/wp-content\/uploads\/2024\/09\/Digny-Duran-y-Carlos-Iglesias-200x300.jpg 200w, https:\/\/diariodominicano.com\/wp-content\/uploads\/2024\/09\/Digny-Duran-y-Carlos-Iglesias-768x1152.jpg 768w, https:\/\/diariodominicano.com\/wp-content\/uploads\/2024\/09\/Digny-Duran-y-Carlos-Iglesias-1024x1536.jpg 1024w, https:\/\/diariodominicano.com\/wp-content\/uploads\/2024\/09\/Digny-Duran-y-Carlos-Iglesias-1365x2048.jpg 1365w, https:\/\/diariodominicano.com\/wp-content\/uploads\/2024\/09\/Digny-Duran-y-Carlos-Iglesias-816x1224.jpg 816w, https:\/\/diariodominicano.com\/wp-content\/uploads\/2024\/09\/Digny-Duran-y-Carlos-Iglesias-scaled.jpg 1707w\" sizes=\"auto, (max-width: 683px) 100vw, 683px\" \/><figcaption class=\"wp-element-caption\">Digny Dura\u0301n y Carlos Iglesias <\/figcaption><\/figure>\n<\/figure>\n\n\n\n<p>El Wine Tour 2024 reafirma una vez m\u00e1s el compromiso de El Catador de&nbsp;promover la cultura y pasi\u00f3n por el vino y de ofrecer&nbsp;experiencias exclusivas y de alta calidad para los apasionados del mundo enol\u00f3gico. Con un repertorio curado de vinos y una atm\u00f3sfera \u00fanica, este evento se consolida como un referente ineludible en la agenda social de Santiago de los Caballeros, elevando el arte de disfrutar buenos vinos a una nueva dimensi\u00f3n de placer y sofisticaci\u00f3n,&nbsp;y celebrando junto a amigos la cultura vin\u00edcola en todo su esplendor.<\/p>\n\n\n\n<p><strong>Alerdys D\u00edaz<\/strong>\u00a0&lt;alerdys24@gmail.com> <\/p>\n","protected":false},"excerpt":{"rendered":"<p>Una vez m\u00e1s los catadores de la Ciudad Coraz\u00f3n disfrutaron de una maravillosa velada con una aut\u00e9ntica selecci\u00f3n de vinos provenientes de los principales or\u00edgenes y vi\u00f1edos alrededor del mundo. El esperado Wine Tour 2024 de El Catador&nbsp;en la ciudad de Santiago,&nbsp;deslumbr\u00f3 a los amantes del vino de la zona norte del pa\u00eds con una [&hellip;]<\/p>\n","protected":false},"author":7,"featured_media":558166,"comment_status":"closed","ping_status":"closed","sticky":false,"template":"","format":"standard","meta":{"footnotes":""},"categories":[25],"tags":[],"class_list":["post-558140","post","type-post","status-publish","format-standard","has-post-thumbnail","hentry","category-gente"],"_links":{"self":[{"href":"https:\/\/diariodominicano.com\/index.php?rest_route=\/wp\/v2\/posts\/558140","targetHints":{"allow":["GET"]}}],"collection":[{"href":"https:\/\/diariodominicano.com\/index.php?rest_route=\/wp\/v2\/posts"}],"about":[{"href":"https:\/\/diariodominicano.com\/index.php?rest_route=\/wp\/v2\/types\/post"}],"author":[{"embeddable":true,"href":"https:\/\/diariodominicano.com\/index.php?rest_route=\/wp\/v2\/users\/7"}],"replies":[{"embeddable":true,"href":"https:\/\/diariodominicano.com\/index.php?rest_route=%2Fwp%2Fv2%2Fcomments&post=558140"}],"version-history":[{"count":1,"href":"https:\/\/diariodominicano.com\/index.php?rest_route=\/wp\/v2\/posts\/558140\/revisions"}],"predecessor-version":[{"id":558189,"href":"https:\/\/diariodominicano.com\/index.php?rest_route=\/wp\/v2\/posts\/558140\/revisions\/558189"}],"wp:featuredmedia":[{"embeddable":true,"href":"https:\/\/diariodominicano.com\/index.php?rest_route=\/wp\/v2\/media\/558166"}],"wp:attachment":[{"href":"https:\/\/diariodominicano.com\/index.php?rest_route=%2Fwp%2Fv2%2Fmedia&parent=558140"}],"wp:term":[{"taxonomy":"category","embeddable":true,"href":"https:\/\/diariodominicano.com\/index.php?rest_route=%2Fwp%2Fv2%2Fcategories&post=558140"},{"taxonomy":"post_tag","embeddable":true,"href":"https:\/\/diariodominicano.com\/index.php?rest_route=%2Fwp%2Fv2%2Ftags&post=558140"}],"curies":[{"name":"wp","href":"https:\/\/api.w.org\/{rel}","templated":true}]}}