{"id":558114,"date":"2024-09-11T09:50:47","date_gmt":"2024-09-11T13:50:47","guid":{"rendered":"https:\/\/diariodominicano.com\/?p=558114"},"modified":"2024-09-11T09:53:22","modified_gmt":"2024-09-11T13:53:22","slug":"biden-harris-y-trump-planean-realizar-actos-por-el-11-de-septiembre-en-nueva-york-y-pensilvania","status":"publish","type":"post","link":"https:\/\/diariodominicano.com\/?p=558114","title":{"rendered":"Biden, Harris y Trump planean realizar actos por el 11 de septiembre en Nueva York y Pensilvania"},"content":{"rendered":"\n<p>Una rosa roja en el monumento conmemorativo del 11 de septiembre el domingo 8 de septiembre de 2024 en Nueva York, antes del 23.\u00ba aniversario de los ataques del 11 de septiembre, el mi\u00e9rcoles. (Foto AP\/Ted Shaffrey)<\/p>\n\n\n\n<p>septiembre 11, 2024<\/p>\n\n\n\n<ul class=\"wp-block-list\">\n<li><a href=\"https:\/\/www.vozdeamerica.com\/author\/voz-de-america-redaccion\/p_kym\">Voz de Am\u00e9rica &#8211; Redacci\u00f3n<\/a><\/li>\n<\/ul>\n\n\n\n<ul class=\"wp-block-list\">\n<li><a href=\"https:\/\/facebook.com\/sharer.php?u=https%3a%2f%2fwww.vozdeamerica.com%2fa%2ftrump-harris-planean-realizar-dos-actos-por-el-11-de-septiembre-nueva-york-pensilvania%2f7779850.html\" target=\"_blank\" rel=\"noreferrer noopener\"><\/a><\/li>\n<\/ul>\n\n\n\n<p><a href=\"https:\/\/www.vozdeamerica.com\/a\/trump-harris-planean-realizar-dos-actos-por-el-11-de-septiembre-nueva-york-pensilvania\/7779850.html#comments\">&nbsp;Vea comentarios<\/a><\/p>\n\n\n\n<p>El expresidente Trump y la vicepresidente Harris conmemorar\u00e1n el 23.\u00ba aniversario de los atentados del 11 de septiembre con visitas a la ciudad de Nueva York y Shanksville, Pensilvania.<\/p>\n\n\n\n<p>El expresidente Donald Trump y la vicepresidente Kamala Harris conmemorar\u00e1n el 23.\u00ba aniversario de los atentados terroristas del 11 de septiembre con visitas al Memorial del 11 de septiembre en la ciudad de Nueva York y Shanksville, Pensilvania.<\/p>\n\n\n\n<p>Es probable que el sombr\u00edo programa se vea eclipsado por las consecuencias del debate del martes por la noche, uno de los eventos m\u00e1s esperados de las elecciones de 2024, especialmente despu\u00e9s de que el \u00faltimo debate precipitara la salida del presidente Biden de la contienda.<\/p>\n\n\n\n<p><a href=\"https:\/\/www.vozdeamerica.com\/a\/el-ataque-al-pentagono-23-anos-despues-recuerdo-permanente-a-las-victimas-del-11-de-septiembre\/7777473.html\"><\/a><\/p>\n\n\n\n<p><a href=\"https:\/\/www.vozdeamerica.com\/a\/el-ataque-al-pentagono-23-anos-despues-recuerdo-permanente-a-las-victimas-del-11-de-septiembre\/7777473.html\">TAMBI\u00c9N LEA<\/a><\/p>\n\n\n\n<h4 class=\"wp-block-heading\"><a href=\"https:\/\/www.vozdeamerica.com\/a\/el-ataque-al-pentagono-23-anos-despues-recuerdo-permanente-a-las-victimas-del-11-de-septiembre\/7777473.html\">El ataque al Pent\u00e1gono: el recuerdo permanente a las v\u00edctimas del 11 de septiembre 23 a\u00f1os despu\u00e9s<\/a><\/h4>\n\n\n\n<p>El presidente Joe Biden y la vicepresidente Harris viajar\u00e1n a la Zona Cero en Nueva York, al Memorial Nacional del Vuelo 93 en Shanksville y luego al Pent\u00e1gono en Arlington, Virginia, para lamentar a las v\u00edctimas de los ataques en los tres sitios.<\/p>\n\n\n\n<p>Trump tambi\u00e9n planea visitar el Memorial del 11 de septiembre el mi\u00e9rcoles, as\u00ed como una estaci\u00f3n de bomberos en la ciudad de Nueva York, antes de viajar a Shanksville para un memorial del Vuelo 93, seg\u00fan un funcionario de la campa\u00f1a.<\/p>\n\n\n\n<p>Los candidatos presidenciales se han superpuesto en los aniversarios del 11 de septiembre durante los a\u00f1os electorales anteriores. En 2016, Trump y la entonces candidata dem\u00f3crata Hillary Clinton visitaron la Zona Cero en el 15\u00ba aniversario del ataque. Llegaron por separado y no parecieron interactuar.<\/p>\n\n\n\n<p>#Baiden\u2003\u2003\u2002#Harris\u2003\u2003\u2003\u2003\u2003\u2003#Trump<\/p>\n","protected":false},"excerpt":{"rendered":"<p>Una rosa roja en el monumento conmemorativo del 11 de septiembre el domingo 8 de septiembre de 2024 en Nueva York, antes del 23.\u00ba aniversario de los ataques del 11 de septiembre, el mi\u00e9rcoles. (Foto AP\/Ted Shaffrey) septiembre 11, 2024 &nbsp;Vea comentarios El expresidente Trump y la vicepresidente Harris conmemorar\u00e1n el 23.\u00ba aniversario de los [&hellip;]<\/p>\n","protected":false},"author":28,"featured_media":558115,"comment_status":"closed","ping_status":"closed","sticky":true,"template":"","format":"standard","meta":{"footnotes":""},"categories":[26,23],"tags":[],"class_list":["post-558114","post","type-post","status-publish","format-standard","has-post-thumbnail","hentry","category-efemerides","category-internacional"],"_links":{"self":[{"href":"https:\/\/diariodominicano.com\/index.php?rest_route=\/wp\/v2\/posts\/558114","targetHints":{"allow":["GET"]}}],"collection":[{"href":"https:\/\/diariodominicano.com\/index.php?rest_route=\/wp\/v2\/posts"}],"about":[{"href":"https:\/\/diariodominicano.com\/index.php?rest_route=\/wp\/v2\/types\/post"}],"author":[{"embeddable":true,"href":"https:\/\/diariodominicano.com\/index.php?rest_route=\/wp\/v2\/users\/28"}],"replies":[{"embeddable":true,"href":"https:\/\/diariodominicano.com\/index.php?rest_route=%2Fwp%2Fv2%2Fcomments&post=558114"}],"version-history":[{"count":3,"href":"https:\/\/diariodominicano.com\/index.php?rest_route=\/wp\/v2\/posts\/558114\/revisions"}],"predecessor-version":[{"id":558118,"href":"https:\/\/diariodominicano.com\/index.php?rest_route=\/wp\/v2\/posts\/558114\/revisions\/558118"}],"wp:featuredmedia":[{"embeddable":true,"href":"https:\/\/diariodominicano.com\/index.php?rest_route=\/wp\/v2\/media\/558115"}],"wp:attachment":[{"href":"https:\/\/diariodominicano.com\/index.php?rest_route=%2Fwp%2Fv2%2Fmedia&parent=558114"}],"wp:term":[{"taxonomy":"category","embeddable":true,"href":"https:\/\/diariodominicano.com\/index.php?rest_route=%2Fwp%2Fv2%2Fcategories&post=558114"},{"taxonomy":"post_tag","embeddable":true,"href":"https:\/\/diariodominicano.com\/index.php?rest_route=%2Fwp%2Fv2%2Ftags&post=558114"}],"curies":[{"name":"wp","href":"https:\/\/api.w.org\/{rel}","templated":true}]}}