{"id":558109,"date":"2024-09-11T09:40:36","date_gmt":"2024-09-11T13:40:36","guid":{"rendered":"https:\/\/diariodominicano.com\/?p=558109"},"modified":"2024-09-11T09:45:15","modified_gmt":"2024-09-11T13:45:15","slug":"el-ataque-al-pentagono-el-recuerdo-permanente-a-las-victimas-del-11-de-septiembre-23-anos-despues","status":"publish","type":"post","link":"https:\/\/diariodominicano.com\/?p=558109","title":{"rendered":"El ataque al Pent\u00e1gono: el recuerdo permanente a las v\u00edctimas del 11 de septiembre 23 a\u00f1os despu\u00e9s"},"content":{"rendered":"\n<p>Vista en primer plano de una de las 184 bancas que conforman el Memorial del Pent\u00e1gono dedicado a las v\u00edctimas 9\/11, con el nombre de cada uno de los fallecidos; ubicado en el sector oeste del Pent\u00e1gono, en Arlington, Virginia, 4 de septiembre de 2024. [Foto: Tom\u00e1s Guevara \/ VOA]<\/p>\n\n\n\n<p>septiembre 11, 2024<\/p>\n\n\n\n<ul class=\"wp-block-list\">\n<li><a href=\"https:\/\/www.vozdeamerica.com\/author\/tomas-guevara\/pikyi\">Tom\u00e1s Guevara<\/a><\/li>\n\n\n\n<li><\/li>\n<\/ul>\n\n\n\n<p><a href=\"https:\/\/www.vozdeamerica.com\/a\/el-ataque-al-pentagono-23-anos-despues-recuerdo-permanente-a-las-victimas-del-11-de-septiembre\/7777473.html#comments\">&nbsp;Vea comentarios<\/a><\/p>\n\n\n\n<p>Los ataques terroristas del 11 de septiembre de 2001 en Nueva York, el Pent\u00e1gono y Pensilvania cambiaron la vida en EEUU. \u00bfQu\u00e9 recuerdan los que de lejos o de cerca vieron el ataque en el coraz\u00f3n del poder militar estadounidense y c\u00f3mo se honra a las v\u00edctimas del atentado en la regi\u00f3n de Washington?<\/p>\n\n\n\n<p>WASHINGTON \u2014&nbsp;<\/p>\n\n\n\n<p>El inmigrante salvadore\u00f1o Ricardo Barahona pule cada d\u00eda las 184 bancas de granito, limpia las fuentes y se encarga junto a sus otros compa\u00f1eros de mantener impecable el sitio solemne que recuerda a las v\u00edctimas del&nbsp;<strong><em><a href=\"https:\/\/www.vozdeamerica.com\/a\/emociones-latentes-memorial-pentagono-a-22-anos-de-los-ataques-terroristas\/7262612.html\" target=\"_blank\" rel=\"noreferrer noopener\">ataque terrorista contra el Pent\u00e1gono<\/a><\/em><\/strong>&nbsp;en Arlington, Virginia, el 11 de septiembre de 2001.<\/p>\n\n\n\n<p>El sonido del agua que corre bajo las bancas se mezcla con el ruido permanente de los aviones que despegan del Aeropuerto Nacional Ronald Reagan de Washington, a la orilla del r\u00edo Potomac, muy cerca del coraz\u00f3n del poder militar estadounidense en Virginia, donde los terroristas planificaron y ejecutaron el secuestro del&nbsp;<em><strong><a href=\"https:\/\/www.defense.gov\/Multimedia\/Experience\/Pentagon-Memorial\/\" target=\"_blank\" rel=\"noreferrer noopener\">vuelo 77 de American<\/a><\/strong><\/em>&nbsp;Airlines para estrellarlo en el ala oeste del Pent\u00e1gono.<\/p>\n\n\n\n<p>Ese fue el tercer avi\u00f3n secuestrado por Al Qaeda, minutos despu\u00e9s de los impactos en las Torres Gemelas del World Trade Center en Nueva York, que dejaron 2.753 personas fallecidas, seg\u00fan&nbsp;<strong><em><a href=\"https:\/\/www.911memorial.org\/visit\/memorial\/names-911-memorial\" target=\"_blank\" rel=\"noreferrer noopener\">registros oficiales<\/a><\/em><\/strong>, y un cuarto avi\u00f3n con 40 pasajeros y la tripulaci\u00f3n estrellado en las afueras de Shanksville, Pensilvania. La cifra total de personas fallecidas fue de 2.977, sin incluir a los 19 terroristas.<\/p>\n\n\n\n<p><video poster=\"https:\/\/gdb.voanews.com\/01000000-0aff-0242-3817-08dbb2df86c6_tv_w650_r1.jpg\" src=\"blob:https:\/\/www.vozdeamerica.com\/e387bb79-73c9-4e0f-a3db-9fd6e5542a8a\" height=\"381\" width=\"676\"><\/video><\/p>\n\n\n\n<h5 class=\"wp-block-heading\"><a href=\"https:\/\/www.vozdeamerica.com\/a\/el-ataque-al-pentagono-23-anos-despues-recuerdo-permanente-a-las-victimas-del-11-de-septiembre\/7263269.html\" target=\"_blank\" rel=\"noreferrer noopener\">11S: Homenaje a v\u00edctimas de ataque terrorista al Pent\u00e1gono<\/a><\/h5>\n\n\n\n<p>\u00a0<\/p>\n\n\n\n<ul class=\"wp-block-list\">\n<li><a href=\"https:\/\/facebook.com\/sharer.php?u=https%3a%2f%2fwww.vozdeamerica.com%2fa%2f7263269.html\" target=\"_blank\" rel=\"noreferrer noopener\">Comparta en Facebook<\/a><\/li>\n\n\n\n<li><a href=\"https:\/\/twitter.com\/share?url=https%3a%2f%2fwww.vozdeamerica.com%2fa%2f7263269.html&amp;text=11S%3a+Homenaje+a+v%c3%adctimas+de+ataque+terrorista+al+Pent%c3%a1gono\" target=\"_blank\" rel=\"noreferrer noopener\">Comparta en Twitter<\/a><\/li>\n<\/ul>\n\n\n\n<hr class=\"wp-block-separator has-alpha-channel-opacity\"\/>\n\n\n\n<p><a href=\"https:\/\/www.vozdeamerica.com\/embed\/player\/Article\/7263269.html?type=video&amp;FullScreenMode=True\" target=\"_blank\" rel=\"noreferrer noopener\"><\/a><\/p>\n\n\n\n<p>&nbsp;Descargar&nbsp;<\/p>\n\n\n\n<h3 class=\"wp-block-heading\">Los recuerdos<\/h3>\n\n\n\n<p>Al recordar aquella fecha, Ricardo Barahona dice a la&nbsp;<strong><em>Voz de Am\u00e9rica<\/em><\/strong>&nbsp;que estaba trabajando en la cocina de un restaurante a poca distancia del Pent\u00e1gono y que aquel d\u00eda \u201ccambi\u00f3 todo\u201d, pero no se imagin\u00f3 que dos a\u00f1os despu\u00e9s empezar\u00eda a trabajar dentro del Pent\u00e1gono y desde 2017 pas\u00f3 a formar parte del equipo de mantenimiento del memorial, inaugurado el 11 de septiembre de 2008.<\/p>\n\n\n\n<p>Recuerda haber llegado al Pent\u00e1gono cuando estaba en pleno proceso de reconstrucci\u00f3n el ala oeste \u201cy no dejaban llegar por dentro a esa zona\u201d dice; en seguida se\u00f1ala desde el exterior del espacio reconstruido, y justo donde impact\u00f3 el avi\u00f3n, en esa parte del edificio se observa un leve cambio en la p\u00e1tina de las paredes y el material utilizado.<\/p>\n\n\n\n<p><video poster=\"https:\/\/gdb.voanews.com\/f702b73c-e52a-474c-8690-f10d232582eb_tv_w650_r1.jpg\" src=\"blob:https:\/\/www.vozdeamerica.com\/e850ea0a-54e1-4f4e-af03-37b4311f04d3\" height=\"381\" width=\"676\"><\/video><\/p>\n\n\n\n<h5 class=\"wp-block-heading\"><a href=\"https:\/\/www.vozdeamerica.com\/a\/el-ataque-al-pentagono-23-anos-despues-recuerdo-permanente-a-las-victimas-del-11-de-septiembre\/7777445.html\" target=\"_blank\" rel=\"noreferrer noopener\">Memorias del ataque al Pent\u00e1gono el 11 de septiembre de 2001<\/a><\/h5>\n\n\n\n<p>\u00a0<\/p>\n\n\n\n<ul class=\"wp-block-list\">\n<li><a href=\"https:\/\/facebook.com\/sharer.php?u=https%3a%2f%2fwww.vozdeamerica.com%2fa%2f7777445.html\" target=\"_blank\" rel=\"noreferrer noopener\">Comparta en Facebook<\/a><\/li>\n\n\n\n<li><a href=\"https:\/\/twitter.com\/share?url=https%3a%2f%2fwww.vozdeamerica.com%2fa%2f7777445.html&amp;text=Memorias+del+ataque+al+Pent%c3%a1gono+el+11+de+septiembre+de+2001\" target=\"_blank\" rel=\"noreferrer noopener\">Comparta en Twitter<\/a><\/li>\n<\/ul>\n\n\n\n<hr class=\"wp-block-separator has-alpha-channel-opacity\"\/>\n\n\n\n<p><a href=\"https:\/\/www.vozdeamerica.com\/embed\/player\/Article\/7777445.html?type=video&amp;FullScreenMode=True\" target=\"_blank\" rel=\"noreferrer noopener\"><\/a><\/p>\n\n\n\n<p>&nbsp;Descargar&nbsp;<\/p>\n\n\n\n<p>El exconcejal de la Junta de Gobierno de Arlington, Walter Tejada, primer hispano en ser electo para un cargo de elecci\u00f3n popular en Virginia, dice al comentar sobre el fat\u00eddico 11 de septiembre de 2001 que \u201ccada qui\u00e9n tiene su propia historia\u201d de d\u00f3nde estaba y qu\u00e9 hac\u00eda aquel d\u00eda.<\/p>\n\n\n\n<p>En su caso estaba en una reuni\u00f3n para negociar un seguro para un festival salvadore\u00f1o que se realizar\u00eda tres d\u00edas despu\u00e9s en Arlington, mientras trabajaba en la oficina del congresista Jim Moran, que representaba en el Congreso al norte de Virginia.<\/p>\n\n\n\n<figure class=\"wp-block-image\"><img decoding=\"async\" src=\"https:\/\/gdb.voanews.com\/e92d9dfc-7c20-4d00-8538-fca1b7a1e3d1_w650_r0_s.jpg\" alt=\"ARCHIVO - Militares y personal del Pent\u00e1gono observa el martes 11 de septiembre de 2001, el \u00e1rea donde impact\u00f3 el avi\u00f3n comercial en uno de los laterales de la sede del Departamento de Defensa.\"\/><figcaption class=\"wp-element-caption\">ARCHIVO &#8211; Militares y personal del Pent\u00e1gono observa el martes 11 de septiembre de 2001, el \u00e1rea donde impact\u00f3 el avi\u00f3n comercial en uno de los laterales de la sede del Departamento de Defensa.<\/figcaption><\/figure>\n\n\n\n<p>Pasadas las primeras horas Tejada comenta que decidi\u00f3 con su esposa acercarse al Pent\u00e1gono para observar la magnitud de la tragedia, para su sorpresa, todav\u00eda estaban abiertos los accesos y pudo llegar justo a las afueras del emblem\u00e1tico edificio que para entonces no estaba cercado en su per\u00edmetro.<\/p>\n\n\n\n<p>\u201cEstacionamos por Columbia Pike, caminamos por la bajadita y llegamos hasta el otro lado de la calle, la cruzamos (\u2026) pudimos ver esta ala que estaba destruida, el gran hoyo, el humo y llamas que todav\u00eda no hab\u00edan terminado de apagar, hab\u00eda bomberos, polic\u00edas y la destrucci\u00f3n\u201d, dice en entrevista con la&nbsp;<strong>VOA<\/strong>&nbsp;desde el Memorial del 9\/11 del Pent\u00e1gono.<\/p>\n\n\n\n<p>A\u00fan recuerda el olor penetrante que emanaba de la escena. Aquellos recuerdos y ser testigo presencial dice le marcaron, sobre todo por lo que signific\u00f3 en adelante para Estados Unidos y los cambios dr\u00e1sticos en la pol\u00edtica estadounidense en todos los temas y uno muy sensible para \u00e9l como la inmigraci\u00f3n.<\/p>\n\n\n\n<h3 class=\"wp-block-heading\">En cercan\u00eda con el ala militar<\/h3>\n\n\n\n<p>Michael Hamilton, un operador tur\u00edstico de la compa\u00f1\u00eda The Good Comma, que viaja desde el estado de Ohio con grupos de turistas a Washington, recuerda que los atentados del 11 de septiembre de 2001 lo sorprendieron en 10\u00ba grado de secundaria.<\/p>\n\n\n\n<p>Nunca olvidar\u00e1 el mensaje en altavoz del director de la escuela avisando a los estudiantes de que ten\u00edan que volver a casa porque un tercer avi\u00f3n hab\u00eda ca\u00eddo en el Pent\u00e1gono y que \u201cEstados Unidos estaba bajo ataque\u201d, pero tambi\u00e9n porque el Departamento de Defensa no era ajeno a su familia, su padre un militar de carrera viajaba cada dos semanas al Pent\u00e1gono en la capital estadounidense, pero esa d\u00eda no estaba en Washington.<\/p>\n\n\n\n<figure class=\"wp-block-image\"><img decoding=\"async\" src=\"https:\/\/gdb.voanews.com\/80690a41-7f58-4ca5-b39e-4cf8cb88fc76_w650_r0_s.jpg\" alt=\"El Memorial del Pent\u00e1gono dedicado a las v\u00edctimas del 11 de septiembre de 2001, est\u00e1 ubicado en el sector oeste del Pent\u00e1gono en Arlington, Virginia, con 184 bancas de granito y una arboleda dedicado a las v\u00edctimas, 4 de septiembre de 2024. [Foto: Tom\u00e1s Guevara \/ VOA]\"\/><figcaption class=\"wp-element-caption\">El Memorial del Pent\u00e1gono dedicado a las v\u00edctimas del 11 de septiembre de 2001, est\u00e1 ubicado en el sector oeste del Pent\u00e1gono en Arlington, Virginia, con 184 bancas de granito y una arboleda dedicado a las v\u00edctimas, 4 de septiembre de 2024. [Foto: Tom\u00e1s Guevara \/ VOA]<\/figcaption><\/figure>\n\n\n\n<p>Para Hamilton, los viajes educativos con su compa\u00f1\u00eda a la capital nacional y otros monumentos del pa\u00eds adquieren mucho valor, y dice que en Washington los monumentos a los h\u00e9roes \u00abson muy visibles\u00bb por las historias de los personajes, pero que las visitas al Memorial del Pent\u00e1gono del 9\/11 se vuelven m\u00e1s personales y \u00fanicas para los visitantes.<\/p>\n\n\n\n<p>\u201cUn monumento memorial como este, el Memorial del Pent\u00e1gono del 11 de septiembre trata de los h\u00e9roes silenciosos, la gente com\u00fan que se present\u00f3 a trabajar\u00bb, sin inmaginarse que iba ser su \u00faltimo d\u00eda, comenta a la&nbsp;<strong><em>VOA<\/em><\/strong><\/p>\n\n\n\n<p>Y agrega que en la actualidad es un privilegio para \u00e9l trabajar en estas clases de historia a cielo abierto con la gente para que aprendan a comprender mejor eventos como los del 11 de septiembre de 2001 que cambiaron la vida de los estadounidenses para siempre.<\/p>\n\n\n\n<p>Los viajes peri\u00f3dicos llevan a entre 35 y m\u00e1s de 100 personas en los autobuses, \u201ctratamos de hacer que cada experiencia se sienta como si fuera \u00fanica y personal\u201d, agrega. La empat\u00eda es un factor importante para enriquecer las visitas -dice- por lo que ir con amigos o familiares ayuda a asimilar mejor las visitas a estos sitios memoriales.<\/p>\n\n\n\n<h3 class=\"wp-block-heading\">En la conciencia colectiva<\/h3>\n\n\n\n<p>Cuando se cumplieron dos d\u00e9cadas de los atentados del 11 de septiembre, el&nbsp;<em><strong><a href=\"https:\/\/www.pewresearch.org\/politics\/2021\/09\/02\/two-decades-later-the-enduring-legacy-of-9-11\/\" target=\"_blank\" rel=\"noreferrer noopener\">Pew Research Center analiz\u00f3<\/a><\/strong><\/em>, c\u00f3mo los acontecimientos del 11 de septiembre de 2001 han marcado la conciencia colectiva de la sociedad estadounidense.<\/p>\n\n\n\n<p><video poster=\"https:\/\/gdb.voanews.com\/54529d24-c636-4387-b059-1190c1831e02_tv_w650_r1.jpg\" src=\"blob:https:\/\/www.vozdeamerica.com\/d53b20c4-8849-4ccb-978e-f3711ceba0e5\" height=\"381\" width=\"676\"><\/video><\/p>\n\n\n\n<h5 class=\"wp-block-heading\"><a href=\"https:\/\/www.vozdeamerica.com\/a\/el-ataque-al-pentagono-23-anos-despues-recuerdo-permanente-a-las-victimas-del-11-de-septiembre\/6216306.html\" target=\"_blank\" rel=\"noreferrer noopener\">EE. UU. conmemora los ataques del 9\/11 bajo una nueva era de retos antiterroristas<\/a><\/h5>\n\n\n\n<p>\u00a0I<\/p>\n\n\n\n<hr class=\"wp-block-separator has-alpha-channel-opacity\"\/>\n\n\n\n<p>A<\/p>\n\n\n\n<ul class=\"wp-block-list\">\n<li><a href=\"https:\/\/facebook.com\/sharer.php?u=https%3a%2f%2fwww.vozdeamerica.com%2fa%2f6216306.html\" target=\"_blank\" rel=\"noreferrer noopener\">Comparta en Facebook<\/a><\/li>\n\n\n\n<li><a href=\"https:\/\/twitter.com\/share?url=https%3a%2f%2fwww.vozdeamerica.com%2fa%2f6216306.html&amp;text=EE.+UU.+conmemora+los+ataques+del+9%2f11+bajo+una+nueva+era+de+retos+antiterroristas\" target=\"_blank\" rel=\"noreferrer noopener\">Comparta en Twitter<\/a><\/li>\n<\/ul>\n\n\n\n<hr class=\"wp-block-separator has-alpha-channel-opacity\"\/>\n\n\n\n<p><a href=\"https:\/\/www.vozdeamerica.com\/embed\/player\/Article\/6216306.html?type=video&amp;FullScreenMode=True\" target=\"_blank\" rel=\"noreferrer noopener\"><\/a><\/p>\n\n\n\n<p>&nbsp;Descargar&nbsp;<\/p>\n\n\n\n<p>Y c\u00f3mo aquellos acontecimientos con m\u00e1s de 3.000 v\u00edctimas mortales entre los del d\u00eda 11 y los que perecieron despu\u00e9s por heridas o las secuelas de los atentados ayudan a entender algunas din\u00e1micas de los conflictos globales posteriores.<\/p>\n\n\n\n<p>El Pew Research Center consign\u00f3 que el 69 % de los adultos estadounidenses han llegado a considerar que EEUU ha fracasado en los objetivos trazados despu\u00e9s de los atentados, al ver en perspectiva las&nbsp;<em><strong><a href=\"https:\/\/www.vozdeamerica.com\/a\/noticias-internacional_estados-unidos-reflexiona-sobre-el-fin-de-su-guerra-eterna\/6075116.html\" target=\"_blank\" rel=\"noreferrer noopener\">guerras en Irak y Afganist\u00e1n<\/a><\/strong><\/em>, a la luz de los costos para esos pa\u00edses y para el propio EEUU.<\/p>\n\n\n\n<p>Tambi\u00e9n, la investigaci\u00f3n detall\u00f3 que seg\u00fan los rangos de edad, los hechos del 11 de septiembre eran m\u00e1s lejanos o cercanos para los estadounidenses; \u201cuna abrumadora mayor\u00eda de estadounidenses que tienen la edad suficiente para recordar el d\u00eda, recuerdan d\u00f3nde estaban y qu\u00e9 estaban haciendo cuando escucharon la noticia. Sin embargo, un n\u00famero cada vez mayor de estadounidenses no tienen recuerdos personales de ese d\u00eda, ya sea porque eran demasiado j\u00f3venes o porque a\u00fan no hab\u00edan nacido\u201d, dijo el informe.<\/p>\n\n\n\n<p>En este d\u00eda de conmemoraci\u00f3n de los ataques en los memoriales del World Trade Center en Nueva York, el Pent\u00e1gono y Pensilvania, con eventos oficiales para recordar la fecha y honrar a las v\u00edctimas, desde\u00a0<em><strong><a href=\"https:\/\/911familiesunited.org\/stories\/\" target=\"_blank\" rel=\"noreferrer noopener\">organizaciones creadas por familiares de las v\u00edctimas<\/a><\/strong><\/em>\u00a0y trabajadores que limpiaron escombros mantienen activas sus organizaciones para reclamos judiciales y para reconocer los sacrificios y no olvidar esta fecha.<\/p>\n\n\n\n<p>#Ataque al Pent\u00e1gono\u2003\u2003\u2003\u2003\u2003\u2003 #11septiembre\u2003\u2003\u2003\u2003 #Diariod Dominicano<\/p>\n","protected":false},"excerpt":{"rendered":"<p>Vista en primer plano de una de las 184 bancas que conforman el Memorial del Pent\u00e1gono dedicado a las v\u00edctimas 9\/11, con el nombre de cada uno de los fallecidos; ubicado en el sector oeste del Pent\u00e1gono, en Arlington, Virginia, 4 de septiembre de 2024. [Foto: Tom\u00e1s Guevara \/ VOA] septiembre 11, 2024 &nbsp;Vea comentarios [&hellip;]<\/p>\n","protected":false},"author":28,"featured_media":558110,"comment_status":"closed","ping_status":"closed","sticky":true,"template":"","format":"standard","meta":{"footnotes":""},"categories":[36,26,23,27],"tags":[],"class_list":["post-558109","post","type-post","status-publish","format-standard","has-post-thumbnail","hentry","category-hombresmujeresycosas","category-efemerides","category-internacional","category-portada"],"_links":{"self":[{"href":"https:\/\/diariodominicano.com\/index.php?rest_route=\/wp\/v2\/posts\/558109","targetHints":{"allow":["GET"]}}],"collection":[{"href":"https:\/\/diariodominicano.com\/index.php?rest_route=\/wp\/v2\/posts"}],"about":[{"href":"https:\/\/diariodominicano.com\/index.php?rest_route=\/wp\/v2\/types\/post"}],"author":[{"embeddable":true,"href":"https:\/\/diariodominicano.com\/index.php?rest_route=\/wp\/v2\/users\/28"}],"replies":[{"embeddable":true,"href":"https:\/\/diariodominicano.com\/index.php?rest_route=%2Fwp%2Fv2%2Fcomments&post=558109"}],"version-history":[{"count":2,"href":"https:\/\/diariodominicano.com\/index.php?rest_route=\/wp\/v2\/posts\/558109\/revisions"}],"predecessor-version":[{"id":558113,"href":"https:\/\/diariodominicano.com\/index.php?rest_route=\/wp\/v2\/posts\/558109\/revisions\/558113"}],"wp:featuredmedia":[{"embeddable":true,"href":"https:\/\/diariodominicano.com\/index.php?rest_route=\/wp\/v2\/media\/558110"}],"wp:attachment":[{"href":"https:\/\/diariodominicano.com\/index.php?rest_route=%2Fwp%2Fv2%2Fmedia&parent=558109"}],"wp:term":[{"taxonomy":"category","embeddable":true,"href":"https:\/\/diariodominicano.com\/index.php?rest_route=%2Fwp%2Fv2%2Fcategories&post=558109"},{"taxonomy":"post_tag","embeddable":true,"href":"https:\/\/diariodominicano.com\/index.php?rest_route=%2Fwp%2Fv2%2Ftags&post=558109"}],"curies":[{"name":"wp","href":"https:\/\/api.w.org\/{rel}","templated":true}]}}